{"id":13393,"date":"2024-02-25T17:10:05","date_gmt":"2024-02-25T17:10:05","guid":{"rendered":"https:\/\/bojornal.pt\/?p=13393"},"modified":"2024-02-25T17:10:07","modified_gmt":"2024-02-25T17:10:07","slug":"alerta-sono-na-escola-paulo-quintela","status":"publish","type":"post","link":"https:\/\/bojornal.pt\/?p=13393","title":{"rendered":"\u201cALERTA SONO\u201d na Escola Paulo Quintela"},"content":{"rendered":"\n<p><strong><em>A\u00e7\u00e3o no \u00e2mbito da Sa\u00fade Escolar<\/em><\/strong><\/p>\n\n\n\n<figure class=\"wp-block-gallery has-nested-images columns-default is-cropped wp-block-gallery-1 is-layout-flex wp-block-gallery-is-layout-flex\">\n<figure class=\"wp-block-image size-large is-style-default\"><img loading=\"lazy\" decoding=\"async\" width=\"1024\" height=\"461\" data-id=\"13396\" src=\"https:\/\/bojornal.pt\/wp-content\/uploads\/2024\/02\/IMG-20231109-WA0001-1024x461.jpg\" alt=\"\" class=\"wp-image-13396\" srcset=\"https:\/\/bojornal.pt\/wp-content\/uploads\/2024\/02\/IMG-20231109-WA0001-1024x461.jpg 1024w, https:\/\/bojornal.pt\/wp-content\/uploads\/2024\/02\/IMG-20231109-WA0001-300x135.jpg 300w, https:\/\/bojornal.pt\/wp-content\/uploads\/2024\/02\/IMG-20231109-WA0001-150x68.jpg 150w, https:\/\/bojornal.pt\/wp-content\/uploads\/2024\/02\/IMG-20231109-WA0001-768x346.jpg 768w, https:\/\/bojornal.pt\/wp-content\/uploads\/2024\/02\/IMG-20231109-WA0001-1536x691.jpg 1536w, https:\/\/bojornal.pt\/wp-content\/uploads\/2024\/02\/IMG-20231109-WA0001.jpg 1600w\" sizes=\"auto, (max-width: 1024px) 100vw, 1024px\" \/><\/figure>\n\n\n\n<figure class=\"wp-block-image size-large is-style-default\"><img loading=\"lazy\" decoding=\"async\" width=\"1024\" height=\"461\" data-id=\"13395\" src=\"https:\/\/bojornal.pt\/wp-content\/uploads\/2024\/02\/IMG-20231109-WA0007-1024x461.jpg\" alt=\"\" class=\"wp-image-13395\" srcset=\"https:\/\/bojornal.pt\/wp-content\/uploads\/2024\/02\/IMG-20231109-WA0007-1024x461.jpg 1024w, https:\/\/bojornal.pt\/wp-content\/uploads\/2024\/02\/IMG-20231109-WA0007-300x135.jpg 300w, https:\/\/bojornal.pt\/wp-content\/uploads\/2024\/02\/IMG-20231109-WA0007-150x68.jpg 150w, https:\/\/bojornal.pt\/wp-content\/uploads\/2024\/02\/IMG-20231109-WA0007-768x346.jpg 768w, https:\/\/bojornal.pt\/wp-content\/uploads\/2024\/02\/IMG-20231109-WA0007-1536x691.jpg 1536w, https:\/\/bojornal.pt\/wp-content\/uploads\/2024\/02\/IMG-20231109-WA0007.jpg 1600w\" sizes=\"auto, (max-width: 1024px) 100vw, 1024px\" \/><\/figure>\n\n\n\n<figure class=\"wp-block-image size-large is-style-default\"><img loading=\"lazy\" decoding=\"async\" width=\"1024\" height=\"461\" data-id=\"13394\" src=\"https:\/\/bojornal.pt\/wp-content\/uploads\/2024\/02\/IMG-20231109-WA0011-1024x461.jpg\" alt=\"\" class=\"wp-image-13394\" srcset=\"https:\/\/bojornal.pt\/wp-content\/uploads\/2024\/02\/IMG-20231109-WA0011-1024x461.jpg 1024w, https:\/\/bojornal.pt\/wp-content\/uploads\/2024\/02\/IMG-20231109-WA0011-300x135.jpg 300w, https:\/\/bojornal.pt\/wp-content\/uploads\/2024\/02\/IMG-20231109-WA0011-150x68.jpg 150w, https:\/\/bojornal.pt\/wp-content\/uploads\/2024\/02\/IMG-20231109-WA0011-768x346.jpg 768w, https:\/\/bojornal.pt\/wp-content\/uploads\/2024\/02\/IMG-20231109-WA0011-1536x691.jpg 1536w, https:\/\/bojornal.pt\/wp-content\/uploads\/2024\/02\/IMG-20231109-WA0011.jpg 1600w\" sizes=\"auto, (max-width: 1024px) 100vw, 1024px\" \/><\/figure>\n<\/figure>\n\n\n\n<p>No \u00e2mbito do Projeto de Sa\u00fade Escolar, no <strong>dia 18 de janeiro<\/strong>, foi levada a cabo com os Encarregados de Educa\u00e7\u00e3o a sess\u00e3o: \u201cPromo\u00e7\u00e3o da Qualidade do Sono na Inf\u00e2ncia e Adolesc\u00eancia\u201d. Estiveram presentes v\u00e1rios Encarregados de Educa\u00e7\u00e3o, tendo sido abordadas tem\u00e1ticas como o sono e as suas fun\u00e7\u00f5es, os determinantes da qualidade do sono, os terrores noturnos e os pesadelos na crian\u00e7a\u2026<\/p>\n\n\n\n<p>O projeto, em parceria com o IPB e cujo o &nbsp;Agrupamento de Escolas Em\u00eddio Garcia iniciou este ano letivo, tem como finalidade: Promover a qualidade do sono de crian\u00e7as e adolescentes do distrito de Bragan\u00e7a, com rotinas e padr\u00f5es de sono saud\u00e1veis e ajustados \u00e0 faixa et\u00e1ria.<\/p>\n\n\n\n<p>&nbsp;&nbsp;&nbsp;&nbsp;&nbsp;&nbsp;&nbsp;&nbsp;&nbsp;&nbsp;&nbsp; De entre os objetivos gerais do projeto, destaca-se:<\/p>\n\n\n\n<p>\u2022Capacitar os docentes e t\u00e9cnicos de educa\u00e7\u00e3o para o desenvolvimento de interven\u00e7\u00f5es de promo\u00e7\u00e3o da literacia sobre o sono em contexto escolar;<\/p>\n\n\n\n<p>\u2022Aumentar o n\u00edvel de literacia sobre o sono e rotinas de sono saud\u00e1veis de pais\/encarregados de educa\u00e7\u00e3o (EE) ;<\/p>\n\n\n\n<p>\u2022Sensibilizar os alunos para a relev\u00e2ncia do sono na sa\u00fade global;<\/p>\n\n\n\n<p>\u2022Promover uma vis\u00e3o positiva sobre o sono, capacitando os alunos para rotinas de sono saud\u00e1veis e ajustadas \u00e0 faixa et\u00e1ria.<\/p>\n\n\n\n<p>Esta sess\u00e3o j\u00e1 tinha sido realizada no <strong>dia 9 de novembro<\/strong> de 2023, para as turmas de 6\u00ba ano de escolaridade da EB2 Paulo Quintela \u00e2mbito do projeto \u201cAlerta Sono\u201d, tendo sido &nbsp;dinamizada a sess\u00e3o \u201c Sono, essencial \u00e0 vida\u201d, onde foram abordadas de modo l\u00fadico pedag\u00f3gico , &nbsp;v\u00e1rias tem\u00e1ticas &nbsp;tais como:<\/p>\n\n\n\n<p>&#8211; o sono e as suas fun\u00e7\u00f5es;<\/p>\n\n\n\n<p>&#8211; fatores que alteram a qualidade do sono;<\/p>\n\n\n\n<p>&#8211; a import\u00e2ncia da alimenta\u00e7\u00e3o no sono;<\/p>\n\n\n\n<p>&#8211; a import\u00e2ncia da regula\u00e7\u00e3o emocional no sono;<\/p>\n\n\n\n<p>&#8211; a Higiene do sono e o conjunto de rotinas e h\u00e1bitos que facilitam o adormecer e melhoram a qualidade do sono ao longo de toda a noite<\/p>\n\n\n\n<p>&#8211; exerc\u00edcios terap\u00eauticos de relaxamento visando o Relaxar do corpo e da mente, ex. a Respira\u00e7\u00e3o Diafragm\u00e1tica.<\/p>\n","protected":false},"excerpt":{"rendered":"<p>A\u00e7\u00e3o no \u00e2mbito da Sa\u00fade Escolar No \u00e2mbito do Projeto de Sa\u00fade Escolar, no dia 18 de janeiro, foi levada a cabo com os Encarregados de Educa\u00e7\u00e3o a sess\u00e3o: \u201cPromo\u00e7\u00e3o da Qualidade do Sono&#46;&#46;&#46;<\/p>\n","protected":false},"author":2,"featured_media":13395,"comment_status":"closed","ping_status":"open","sticky":false,"template":"","format":"standard","meta":{"footnotes":""},"categories":[13],"tags":[],"class_list":["post-13393","post","type-post","status-publish","format-standard","has-post-thumbnail","hentry","category-escola-paulo-quintela"],"_links":{"self":[{"href":"https:\/\/bojornal.pt\/index.php?rest_route=\/wp\/v2\/posts\/13393","targetHints":{"allow":["GET"]}}],"collection":[{"href":"https:\/\/bojornal.pt\/index.php?rest_route=\/wp\/v2\/posts"}],"about":[{"href":"https:\/\/bojornal.pt\/index.php?rest_route=\/wp\/v2\/types\/post"}],"author":[{"embeddable":true,"href":"https:\/\/bojornal.pt\/index.php?rest_route=\/wp\/v2\/users\/2"}],"replies":[{"embeddable":true,"href":"https:\/\/bojornal.pt\/index.php?rest_route=%2Fwp%2Fv2%2Fcomments&post=13393"}],"version-history":[{"count":0,"href":"https:\/\/bojornal.pt\/index.php?rest_route=\/wp\/v2\/posts\/13393\/revisions"}],"wp:featuredmedia":[{"embeddable":true,"href":"https:\/\/bojornal.pt\/index.php?rest_route=\/wp\/v2\/media\/13395"}],"wp:attachment":[{"href":"https:\/\/bojornal.pt\/index.php?rest_route=%2Fwp%2Fv2%2Fmedia&parent=13393"}],"wp:term":[{"taxonomy":"category","embeddable":true,"href":"https:\/\/bojornal.pt\/index.php?rest_route=%2Fwp%2Fv2%2Fcategories&post=13393"},{"taxonomy":"post_tag","embeddable":true,"href":"https:\/\/bojornal.pt\/index.php?rest_route=%2Fwp%2Fv2%2Ftags&post=13393"}],"curies":[{"name":"wp","href":"https:\/\/api.w.org\/{rel}","templated":true}]}}