{"id":13339,"date":"2024-02-09T00:48:55","date_gmt":"2024-02-09T00:48:55","guid":{"rendered":"https:\/\/bojornal.pt\/?p=13339"},"modified":"2024-02-09T00:48:56","modified_gmt":"2024-02-09T00:48:56","slug":"voleibol-feminino","status":"publish","type":"post","link":"https:\/\/bojornal.pt\/?p=13339","title":{"rendered":"Voleibol feminino"},"content":{"rendered":"\n<p>Tarde animada com muito voleibol<\/p>\n\n\n\n<p>As nossas alunas que participam no Desporto Escolar, em Voleibol Feminino (Escal\u00e3o de Juvenis) participaram numa jornada animada, apresentando um voleibol de qualidade. A Escola Em\u00eddio Garcia defrontou as escolas Abade de Ba\u00e7al e de Mirandela.<\/p>\n\n\n\n<p><\/p>\n\n\n\n<p>Resultados<\/p>\n\n\n\n<p><br \/>ESEG 2 X 1 Abade Ba\u00e7al; <\/p>\n\n\n\n<p>Abade Ba\u00e7al 0 X Mirandela 3; <\/p>\n\n\n\n<p>ESEG 1 X Mirandela 2.<br \/><\/p>\n","protected":false},"excerpt":{"rendered":"<p>Tarde animada com muito voleibol As nossas alunas que participam no Desporto Escolar, em Voleibol Feminino (Escal\u00e3o de Juvenis) participaram numa jornada animada, apresentando um voleibol de qualidade. A Escola Em\u00eddio Garcia defrontou as&#46;&#46;&#46;<\/p>\n","protected":false},"author":2,"featured_media":13340,"comment_status":"closed","ping_status":"open","sticky":false,"template":"","format":"standard","meta":{"footnotes":""},"categories":[2,16],"tags":[],"class_list":["post-13339","post","type-post","status-publish","format-standard","has-post-thumbnail","hentry","category-atualidade","category-escola-secundaria-emidio-garcia"],"_links":{"self":[{"href":"https:\/\/bojornal.pt\/index.php?rest_route=\/wp\/v2\/posts\/13339","targetHints":{"allow":["GET"]}}],"collection":[{"href":"https:\/\/bojornal.pt\/index.php?rest_route=\/wp\/v2\/posts"}],"about":[{"href":"https:\/\/bojornal.pt\/index.php?rest_route=\/wp\/v2\/types\/post"}],"author":[{"embeddable":true,"href":"https:\/\/bojornal.pt\/index.php?rest_route=\/wp\/v2\/users\/2"}],"replies":[{"embeddable":true,"href":"https:\/\/bojornal.pt\/index.php?rest_route=%2Fwp%2Fv2%2Fcomments&post=13339"}],"version-history":[{"count":0,"href":"https:\/\/bojornal.pt\/index.php?rest_route=\/wp\/v2\/posts\/13339\/revisions"}],"wp:featuredmedia":[{"embeddable":true,"href":"https:\/\/bojornal.pt\/index.php?rest_route=\/wp\/v2\/media\/13340"}],"wp:attachment":[{"href":"https:\/\/bojornal.pt\/index.php?rest_route=%2Fwp%2Fv2%2Fmedia&parent=13339"}],"wp:term":[{"taxonomy":"category","embeddable":true,"href":"https:\/\/bojornal.pt\/index.php?rest_route=%2Fwp%2Fv2%2Fcategories&post=13339"},{"taxonomy":"post_tag","embeddable":true,"href":"https:\/\/bojornal.pt\/index.php?rest_route=%2Fwp%2Fv2%2Ftags&post=13339"}],"curies":[{"name":"wp","href":"https:\/\/api.w.org\/{rel}","templated":true}]}}