{"id":13317,"date":"2024-02-09T00:44:26","date_gmt":"2024-02-09T00:44:26","guid":{"rendered":"https:\/\/bojornal.pt\/?p=13317"},"modified":"2024-02-09T00:44:28","modified_gmt":"2024-02-09T00:44:28","slug":"pedro-maltez-apresenta-livro-na-escola-emidio-garcia","status":"publish","type":"post","link":"https:\/\/bojornal.pt\/?p=13317","title":{"rendered":"Pedro Maltez apresenta livro na Escola Em\u00eddio Garcia"},"content":{"rendered":"\n<p><strong><em>Ex-aluno do Liceu lan\u00e7ou o seu primeiro romance: &#8220;A Hist\u00f3ria que nunca vivi&#8221;<\/em><\/strong><\/p>\n\n\n\n<figure class=\"wp-block-gallery has-nested-images columns-default is-cropped wp-block-gallery-1 is-layout-flex wp-block-gallery-is-layout-flex\">\n<figure class=\"wp-block-image\"><img decoding=\"async\" src=\"blob:https:\/\/bojornal.pt\/3c9f6b99-1dc5-4947-bd5d-3998210d343d\" alt=\"\"\/><\/figure>\n\n\n\n<figure class=\"wp-block-image size-large is-style-default\"><img loading=\"lazy\" decoding=\"async\" width=\"1024\" height=\"681\" data-id=\"13319\" src=\"https:\/\/bojornal.pt\/wp-content\/uploads\/2024\/02\/FMC_0009-1024x681.jpg\" alt=\"\" class=\"wp-image-13319\" srcset=\"https:\/\/bojornal.pt\/wp-content\/uploads\/2024\/02\/FMC_0009-1024x681.jpg 1024w, https:\/\/bojornal.pt\/wp-content\/uploads\/2024\/02\/FMC_0009-300x199.jpg 300w, https:\/\/bojornal.pt\/wp-content\/uploads\/2024\/02\/FMC_0009-150x100.jpg 150w, https:\/\/bojornal.pt\/wp-content\/uploads\/2024\/02\/FMC_0009-768x510.jpg 768w, https:\/\/bojornal.pt\/wp-content\/uploads\/2024\/02\/FMC_0009-1536x1021.jpg 1536w, https:\/\/bojornal.pt\/wp-content\/uploads\/2024\/02\/FMC_0009-2048x1361.jpg 2048w\" sizes=\"auto, (max-width: 1024px) 100vw, 1024px\" \/><\/figure>\n\n\n\n<figure class=\"wp-block-image size-large is-style-default\"><img loading=\"lazy\" decoding=\"async\" width=\"1024\" height=\"680\" data-id=\"13318\" src=\"https:\/\/bojornal.pt\/wp-content\/uploads\/2024\/02\/FMC_0010-1024x680.jpg\" alt=\"\" class=\"wp-image-13318\" srcset=\"https:\/\/bojornal.pt\/wp-content\/uploads\/2024\/02\/FMC_0010-1024x680.jpg 1024w, https:\/\/bojornal.pt\/wp-content\/uploads\/2024\/02\/FMC_0010-300x199.jpg 300w, https:\/\/bojornal.pt\/wp-content\/uploads\/2024\/02\/FMC_0010-150x100.jpg 150w, https:\/\/bojornal.pt\/wp-content\/uploads\/2024\/02\/FMC_0010-768x510.jpg 768w, https:\/\/bojornal.pt\/wp-content\/uploads\/2024\/02\/FMC_0010-1536x1020.jpg 1536w, https:\/\/bojornal.pt\/wp-content\/uploads\/2024\/02\/FMC_0010-2048x1360.jpg 2048w\" sizes=\"auto, (max-width: 1024px) 100vw, 1024px\" \/><\/figure>\n\n\n\n<figure class=\"wp-block-image size-large is-style-default\"><img loading=\"lazy\" decoding=\"async\" width=\"1024\" height=\"544\" data-id=\"13324\" src=\"https:\/\/bojornal.pt\/wp-content\/uploads\/2024\/02\/FMC_0013-1024x544.jpg\" alt=\"\" class=\"wp-image-13324\" srcset=\"https:\/\/bojornal.pt\/wp-content\/uploads\/2024\/02\/FMC_0013-1024x544.jpg 1024w, https:\/\/bojornal.pt\/wp-content\/uploads\/2024\/02\/FMC_0013-300x159.jpg 300w, https:\/\/bojornal.pt\/wp-content\/uploads\/2024\/02\/FMC_0013-150x80.jpg 150w, https:\/\/bojornal.pt\/wp-content\/uploads\/2024\/02\/FMC_0013-768x408.jpg 768w, https:\/\/bojornal.pt\/wp-content\/uploads\/2024\/02\/FMC_0013-1536x815.jpg 1536w, https:\/\/bojornal.pt\/wp-content\/uploads\/2024\/02\/FMC_0013-2048x1087.jpg 2048w\" sizes=\"auto, (max-width: 1024px) 100vw, 1024px\" \/><\/figure>\n\n\n\n<figure class=\"wp-block-image size-large is-style-default\"><img loading=\"lazy\" decoding=\"async\" width=\"1024\" height=\"794\" data-id=\"13323\" src=\"https:\/\/bojornal.pt\/wp-content\/uploads\/2024\/02\/FMC_0014-1024x794.jpg\" alt=\"\" class=\"wp-image-13323\" srcset=\"https:\/\/bojornal.pt\/wp-content\/uploads\/2024\/02\/FMC_0014-1024x794.jpg 1024w, https:\/\/bojornal.pt\/wp-content\/uploads\/2024\/02\/FMC_0014-300x233.jpg 300w, https:\/\/bojornal.pt\/wp-content\/uploads\/2024\/02\/FMC_0014-150x116.jpg 150w, https:\/\/bojornal.pt\/wp-content\/uploads\/2024\/02\/FMC_0014-768x596.jpg 768w, https:\/\/bojornal.pt\/wp-content\/uploads\/2024\/02\/FMC_0014-1536x1192.jpg 1536w, https:\/\/bojornal.pt\/wp-content\/uploads\/2024\/02\/FMC_0014-2048x1589.jpg 2048w\" sizes=\"auto, (max-width: 1024px) 100vw, 1024px\" \/><\/figure>\n\n\n\n<figure class=\"wp-block-image\"><img decoding=\"async\" src=\"blob:https:\/\/bojornal.pt\/7cd5ef20-b472-46c0-b317-392ed53e6384\" alt=\"\"\/><\/figure>\n\n\n\n<figure class=\"wp-block-image\"><img decoding=\"async\" src=\"blob:https:\/\/bojornal.pt\/8de43cee-8768-44f0-a03c-8b32526ee15a\" alt=\"\"\/><\/figure>\n\n\n\n<figure class=\"wp-block-image\"><img decoding=\"async\" src=\"blob:https:\/\/bojornal.pt\/9fc07100-4c35-493a-9051-8d69edffc244\" alt=\"\"\/><\/figure>\n\n\n\n<figure class=\"wp-block-image\"><img decoding=\"async\" src=\"blob:https:\/\/bojornal.pt\/acd2b26f-883f-4045-8c0d-2af892795854\" alt=\"\"\/><\/figure>\n\n\n\n<figure class=\"wp-block-image\"><img decoding=\"async\" src=\"blob:https:\/\/bojornal.pt\/3a7d2122-e648-4763-a65c-ac8813d8e734\" alt=\"\"\/><\/figure>\n\n\n\n<figure class=\"wp-block-image size-large is-style-default\"><img loading=\"lazy\" decoding=\"async\" width=\"1024\" height=\"532\" data-id=\"13322\" src=\"https:\/\/bojornal.pt\/wp-content\/uploads\/2024\/02\/FMC_0047-1024x532.jpg\" alt=\"\" class=\"wp-image-13322\" srcset=\"https:\/\/bojornal.pt\/wp-content\/uploads\/2024\/02\/FMC_0047-1024x532.jpg 1024w, https:\/\/bojornal.pt\/wp-content\/uploads\/2024\/02\/FMC_0047-300x156.jpg 300w, https:\/\/bojornal.pt\/wp-content\/uploads\/2024\/02\/FMC_0047-150x78.jpg 150w, https:\/\/bojornal.pt\/wp-content\/uploads\/2024\/02\/FMC_0047-768x399.jpg 768w, https:\/\/bojornal.pt\/wp-content\/uploads\/2024\/02\/FMC_0047-1536x798.jpg 1536w, https:\/\/bojornal.pt\/wp-content\/uploads\/2024\/02\/FMC_0047-2048x1064.jpg 2048w\" sizes=\"auto, (max-width: 1024px) 100vw, 1024px\" \/><\/figure>\n\n\n\n<figure class=\"wp-block-image\"><img decoding=\"async\" src=\"blob:https:\/\/bojornal.pt\/d7cf1aa0-7cd2-4947-8eb8-8a97e2e2678b\" alt=\"\"\/><\/figure>\n\n\n\n<figure class=\"wp-block-image\"><img decoding=\"async\" src=\"blob:https:\/\/bojornal.pt\/47322cae-f30a-4511-8956-c799f1c7f2ea\" alt=\"\"\/><\/figure>\n\n\n\n<figure class=\"wp-block-image size-large is-style-default\"><img loading=\"lazy\" decoding=\"async\" width=\"771\" height=\"1024\" data-id=\"13321\" src=\"https:\/\/bojornal.pt\/wp-content\/uploads\/2024\/02\/FMC_0074-771x1024.jpg\" alt=\"\" class=\"wp-image-13321\" srcset=\"https:\/\/bojornal.pt\/wp-content\/uploads\/2024\/02\/FMC_0074-771x1024.jpg 771w, https:\/\/bojornal.pt\/wp-content\/uploads\/2024\/02\/FMC_0074-226x300.jpg 226w, https:\/\/bojornal.pt\/wp-content\/uploads\/2024\/02\/FMC_0074-113x150.jpg 113w, https:\/\/bojornal.pt\/wp-content\/uploads\/2024\/02\/FMC_0074-768x1019.jpg 768w, https:\/\/bojornal.pt\/wp-content\/uploads\/2024\/02\/FMC_0074-1157x1536.jpg 1157w, https:\/\/bojornal.pt\/wp-content\/uploads\/2024\/02\/FMC_0074-1543x2048.jpg 1543w, https:\/\/bojornal.pt\/wp-content\/uploads\/2024\/02\/FMC_0074-scaled.jpg 1929w\" sizes=\"auto, (max-width: 771px) 100vw, 771px\" \/><\/figure>\n\n\n\n<figure class=\"wp-block-image\"><img decoding=\"async\" src=\"blob:https:\/\/bojornal.pt\/054cf4be-1597-4793-8cb4-3f5de0948be9\" alt=\"\"\/><\/figure>\n\n\n\n<figure class=\"wp-block-image\"><img decoding=\"async\" src=\"blob:https:\/\/bojornal.pt\/11b72790-3367-44e9-b575-0564b7a3af6b\" alt=\"\"\/><\/figure>\n\n\n\n<figure class=\"wp-block-image\"><img decoding=\"async\" src=\"blob:https:\/\/bojornal.pt\/efaba0ed-c5d2-426b-9b75-89e398fc86b5\" alt=\"\"\/><\/figure>\n\n\n\n<figure class=\"wp-block-image\"><img decoding=\"async\" src=\"blob:https:\/\/bojornal.pt\/afae02fd-f42f-4299-befb-aab563235538\" alt=\"\"\/><\/figure>\n\n\n\n<figure class=\"wp-block-image\"><img decoding=\"async\" src=\"blob:https:\/\/bojornal.pt\/ae5852c7-8baa-472c-8d1f-d2c2cd4c990e\" alt=\"\"\/><\/figure>\n\n\n\n<figure class=\"wp-block-image\"><img decoding=\"async\" src=\"blob:https:\/\/bojornal.pt\/a6644ad0-7437-49c5-8c7e-fee7df1acf7b\" alt=\"\"\/><\/figure>\n<\/figure>\n\n\n\n<p>Pedro Maltez apresentou o seu primeiro livro, intitulado: &#8220;A Hist\u00f3ria que nunca vivi&#8221;. O ex-aluno do Agrupamento de Escolas Em\u00eddio Garcia (AEEG) escolheu o Liceu como palco deste momento marcante na sua vida. O Sal\u00e3o nobre encheu-se para receber muitos amigos do jovem escritor. Pedro Maltez destacou a import\u00e2ncia de todos os que o acompanharam no agrupamento, contribuindo para o seu sucesso e tornaram poss\u00edvel a concretiza\u00e7\u00e3o deste sonho. <\/p>\n\n\n\n<p>Carlos Fernandes, diretor do AEEG, n\u00e3o escondeu a alegria de presenciar este momento, destacando a dedica\u00e7\u00e3o do aluno em todas as atividades nas quais participou e participa e que fazem do Liceu, uma escola de refer\u00eancia. <\/p>\n\n\n\n<p>A apresenta\u00e7\u00e3o ficou a cargo do professor Fernando Branco, docente de Portugu\u00eas, que elogiou a resili\u00eancia, capacidade de trabalho e talento de Pedro Maltez<\/p>\n\n\n\n<p>Quem n\u00e3o faltou \u00e0 apresenta\u00e7\u00e3o da obra foram os colegas e amigos do escritor, nomeadamente os ex-alunos Bruno Sendas e Miguel Alves que presentearam os presentes com um momento musical.<\/p>\n\n\n\n<p>O Bjornal felicita o Pedro Maltez pelo trabalho realizado: Parab\u00e9ns!<\/p>\n","protected":false},"excerpt":{"rendered":"<p>Ex-aluno do Liceu lan\u00e7ou o seu primeiro romance: &#8220;A Hist\u00f3ria que nunca vivi&#8221; Pedro Maltez apresentou o seu primeiro livro, intitulado: &#8220;A Hist\u00f3ria que nunca vivi&#8221;. O ex-aluno do Agrupamento de Escolas Em\u00eddio Garcia&#46;&#46;&#46;<\/p>\n","protected":false},"author":2,"featured_media":13320,"comment_status":"closed","ping_status":"open","sticky":false,"template":"","format":"standard","meta":{"footnotes":""},"categories":[27,2,9,16],"tags":[],"class_list":["post-13317","post","type-post","status-publish","format-standard","has-post-thumbnail","hentry","category-aeeg","category-atualidade","category-em-foco","category-escola-secundaria-emidio-garcia"],"_links":{"self":[{"href":"https:\/\/bojornal.pt\/index.php?rest_route=\/wp\/v2\/posts\/13317","targetHints":{"allow":["GET"]}}],"collection":[{"href":"https:\/\/bojornal.pt\/index.php?rest_route=\/wp\/v2\/posts"}],"about":[{"href":"https:\/\/bojornal.pt\/index.php?rest_route=\/wp\/v2\/types\/post"}],"author":[{"embeddable":true,"href":"https:\/\/bojornal.pt\/index.php?rest_route=\/wp\/v2\/users\/2"}],"replies":[{"embeddable":true,"href":"https:\/\/bojornal.pt\/index.php?rest_route=%2Fwp%2Fv2%2Fcomments&post=13317"}],"version-history":[{"count":0,"href":"https:\/\/bojornal.pt\/index.php?rest_route=\/wp\/v2\/posts\/13317\/revisions"}],"wp:featuredmedia":[{"embeddable":true,"href":"https:\/\/bojornal.pt\/index.php?rest_route=\/wp\/v2\/media\/13320"}],"wp:attachment":[{"href":"https:\/\/bojornal.pt\/index.php?rest_route=%2Fwp%2Fv2%2Fmedia&parent=13317"}],"wp:term":[{"taxonomy":"category","embeddable":true,"href":"https:\/\/bojornal.pt\/index.php?rest_route=%2Fwp%2Fv2%2Fcategories&post=13317"},{"taxonomy":"post_tag","embeddable":true,"href":"https:\/\/bojornal.pt\/index.php?rest_route=%2Fwp%2Fv2%2Ftags&post=13317"}],"curies":[{"name":"wp","href":"https:\/\/api.w.org\/{rel}","templated":true}]}}