{"id":13307,"date":"2024-02-09T00:16:44","date_gmt":"2024-02-09T00:16:44","guid":{"rendered":"https:\/\/bojornal.pt\/?p=13307"},"modified":"2024-02-19T10:51:58","modified_gmt":"2024-02-19T10:51:58","slug":"mentes-brilhantes-em-acao","status":"publish","type":"post","link":"https:\/\/bojornal.pt\/?p=13307","title":{"rendered":"&#8220;Mentes Brilhantes&#8221; em a\u00e7\u00e3o"},"content":{"rendered":"\n<p><div style=\"color: rgb(34, 34, 34); font-family: Arial, Helvetica, sans-serif; font-size: small; white-space-collapse: collapse; background-color: rgb(255, 255, 255);\"><span style=\"font-family: Calibri, Helvetica, sans-serif; font-size: 15px; color: rgb(36, 36, 36);\"> <strong><em>Programa de\u00a0mentoria\u00a0filos\u00f3fico<\/em><\/strong><\/span><\/div><\/p>\n\n\n\n<figure class=\"wp-block-gallery has-nested-images columns-default is-cropped wp-block-gallery-1 is-layout-flex wp-block-gallery-is-layout-flex\">\n<figure class=\"wp-block-image size-large is-style-default\"><img loading=\"lazy\" decoding=\"async\" width=\"1024\" height=\"768\" data-id=\"13311\" src=\"https:\/\/bojornal.pt\/wp-content\/uploads\/2024\/02\/Mentoria-Filosofica-1-1024x768.jpg\" alt=\"\" class=\"wp-image-13311\" srcset=\"https:\/\/bojornal.pt\/wp-content\/uploads\/2024\/02\/Mentoria-Filosofica-1-1024x768.jpg 1024w, https:\/\/bojornal.pt\/wp-content\/uploads\/2024\/02\/Mentoria-Filosofica-1-300x225.jpg 300w, https:\/\/bojornal.pt\/wp-content\/uploads\/2024\/02\/Mentoria-Filosofica-1-150x113.jpg 150w, https:\/\/bojornal.pt\/wp-content\/uploads\/2024\/02\/Mentoria-Filosofica-1-768x576.jpg 768w, https:\/\/bojornal.pt\/wp-content\/uploads\/2024\/02\/Mentoria-Filosofica-1-1536x1152.jpg 1536w, https:\/\/bojornal.pt\/wp-content\/uploads\/2024\/02\/Mentoria-Filosofica-1-2048x1536.jpg 2048w\" sizes=\"auto, (max-width: 1024px) 100vw, 1024px\" \/><\/figure>\n\n\n\n<figure class=\"wp-block-image size-large is-style-default\"><img loading=\"lazy\" decoding=\"async\" width=\"1024\" height=\"768\" data-id=\"13308\" src=\"https:\/\/bojornal.pt\/wp-content\/uploads\/2024\/02\/Mentoria-Filosofica-2-1024x768.jpg\" alt=\"\" class=\"wp-image-13308\" srcset=\"https:\/\/bojornal.pt\/wp-content\/uploads\/2024\/02\/Mentoria-Filosofica-2-1024x768.jpg 1024w, https:\/\/bojornal.pt\/wp-content\/uploads\/2024\/02\/Mentoria-Filosofica-2-300x225.jpg 300w, https:\/\/bojornal.pt\/wp-content\/uploads\/2024\/02\/Mentoria-Filosofica-2-150x113.jpg 150w, https:\/\/bojornal.pt\/wp-content\/uploads\/2024\/02\/Mentoria-Filosofica-2-768x576.jpg 768w, https:\/\/bojornal.pt\/wp-content\/uploads\/2024\/02\/Mentoria-Filosofica-2-1536x1152.jpg 1536w, https:\/\/bojornal.pt\/wp-content\/uploads\/2024\/02\/Mentoria-Filosofica-2.jpg 2000w\" sizes=\"auto, (max-width: 1024px) 100vw, 1024px\" \/><\/figure>\n\n\n\n<figure class=\"wp-block-image size-large is-style-default\"><img loading=\"lazy\" decoding=\"async\" width=\"1024\" height=\"768\" data-id=\"13310\" src=\"https:\/\/bojornal.pt\/wp-content\/uploads\/2024\/02\/Mentoria-Filosofica-3-1024x768.jpg\" alt=\"\" class=\"wp-image-13310\" srcset=\"https:\/\/bojornal.pt\/wp-content\/uploads\/2024\/02\/Mentoria-Filosofica-3-1024x768.jpg 1024w, https:\/\/bojornal.pt\/wp-content\/uploads\/2024\/02\/Mentoria-Filosofica-3-300x225.jpg 300w, https:\/\/bojornal.pt\/wp-content\/uploads\/2024\/02\/Mentoria-Filosofica-3-150x113.jpg 150w, https:\/\/bojornal.pt\/wp-content\/uploads\/2024\/02\/Mentoria-Filosofica-3-768x576.jpg 768w, https:\/\/bojornal.pt\/wp-content\/uploads\/2024\/02\/Mentoria-Filosofica-3-1536x1152.jpg 1536w, https:\/\/bojornal.pt\/wp-content\/uploads\/2024\/02\/Mentoria-Filosofica-3.jpg 2000w\" sizes=\"auto, (max-width: 1024px) 100vw, 1024px\" \/><\/figure>\n\n\n\n<figure class=\"wp-block-image size-large is-style-default\"><img loading=\"lazy\" decoding=\"async\" width=\"1024\" height=\"768\" data-id=\"13309\" src=\"https:\/\/bojornal.pt\/wp-content\/uploads\/2024\/02\/Mentoria-Filosofica-4-1024x768.jpg\" alt=\"\" class=\"wp-image-13309\" srcset=\"https:\/\/bojornal.pt\/wp-content\/uploads\/2024\/02\/Mentoria-Filosofica-4-1024x768.jpg 1024w, https:\/\/bojornal.pt\/wp-content\/uploads\/2024\/02\/Mentoria-Filosofica-4-300x225.jpg 300w, https:\/\/bojornal.pt\/wp-content\/uploads\/2024\/02\/Mentoria-Filosofica-4-150x113.jpg 150w, https:\/\/bojornal.pt\/wp-content\/uploads\/2024\/02\/Mentoria-Filosofica-4-768x576.jpg 768w, https:\/\/bojornal.pt\/wp-content\/uploads\/2024\/02\/Mentoria-Filosofica-4-1536x1152.jpg 1536w, https:\/\/bojornal.pt\/wp-content\/uploads\/2024\/02\/Mentoria-Filosofica-4.jpg 2000w\" sizes=\"auto, (max-width: 1024px) 100vw, 1024px\" \/><\/figure>\n\n\n\n<figure class=\"wp-block-image size-large is-style-default\"><img loading=\"lazy\" decoding=\"async\" width=\"768\" height=\"1024\" data-id=\"13312\" src=\"https:\/\/bojornal.pt\/wp-content\/uploads\/2024\/02\/Mentoria-Filosofica-5-768x1024.jpg\" alt=\"\" class=\"wp-image-13312\" srcset=\"https:\/\/bojornal.pt\/wp-content\/uploads\/2024\/02\/Mentoria-Filosofica-5-768x1024.jpg 768w, https:\/\/bojornal.pt\/wp-content\/uploads\/2024\/02\/Mentoria-Filosofica-5-225x300.jpg 225w, https:\/\/bojornal.pt\/wp-content\/uploads\/2024\/02\/Mentoria-Filosofica-5-113x150.jpg 113w, https:\/\/bojornal.pt\/wp-content\/uploads\/2024\/02\/Mentoria-Filosofica-5-1152x1536.jpg 1152w, https:\/\/bojornal.pt\/wp-content\/uploads\/2024\/02\/Mentoria-Filosofica-5-rotated.jpg 1500w\" sizes=\"auto, (max-width: 768px) 100vw, 768px\" \/><\/figure>\n<\/figure>\n\n\n\n<p><div style=\"color: rgb(34, 34, 34); font-family: Arial, Helvetica, sans-serif; font-size: small; white-space-collapse: collapse; background-color: rgb(255, 255, 255);\"><span style=\"font-family: Calibri, Helvetica, sans-serif; font-size: 15px; color: rgb(36, 36, 36);\">O projeto &#8220;Mentes Brilhantes &#8211; Programa de\u00a0mentoria\u00a0filos\u00f3fico&#8221; iniciado no ano anterior, pela docente Elisa Dias, est\u00e1 de regresso.\u00a0 Contando este ano com mais 4 turmas aderentes do 2.\u00ba ciclo da Escola Paulo Quintela. Abrangendo, assim 7 turmas: 3 do 5.\u00ba ano e 4 do 6.\u00ba ano (3 de continuidade do projeto).<\/span><\/div><div style=\"color: rgb(34, 34, 34); font-family: Arial, Helvetica, sans-serif; font-size: small; white-space-collapse: collapse; background-color: rgb(255, 255, 255); margin: 0px;\"><span style=\"font-family: Calibri, Helvetica, sans-serif; font-size: 15px; color: rgb(36, 36, 36);\">No 1.\u00ba per\u00edodo a respons\u00e1vel pelo projeto iniciou as sess\u00f5es com os mentores, sendo que o n\u00famero de alunos inscritos no programa tamb\u00e9m aumentou substancialmente. Os mentores s\u00e3o orientados para realizarem sess\u00f5es de filosofia para crian\u00e7as.\u00a0<\/span><\/div><div style=\"color: rgb(34, 34, 34); font-family: Arial, Helvetica, sans-serif; font-size: small; white-space-collapse: collapse; background-color: rgb(255, 255, 255); margin: 0px;\"><span style=\"font-family: Calibri, Helvetica, sans-serif; font-size: 15px; color: rgb(36, 36, 36);\">No dia 6 de fevereiro os alunos &#8211; mentores realizaram a 1.\u00aa sess\u00e3o de 45 minutos com uma turma do 5.\u00ba ano. A sess\u00e3o decorreu no hor\u00e1rio de Cidadania, utilizando como espa\u00e7o a biblioteca escolar. A tem\u00e1tica problematizada foi a sa\u00fade e a doen\u00e7a.<\/span><\/div><span style=\"color: rgb(36, 36, 36); font-family: Calibri, Helvetica, sans-serif; font-size: 15px; background-color: rgb(255, 255, 255); white-space-collapse: collapse;\">O envolvimento dos(as) mentores(as) e das crian\u00e7as foi muito positivo. A estimula\u00e7\u00e3o do pensar, atrav\u00e9s da rela\u00e7\u00e3o\/educa\u00e7\u00e3o entre os alunos contribui decisivamente para o seu desenvolvimento integral.\u00a0<\/span><\/p>\n\n\n\n<figure class=\"wp-block-gallery has-nested-images columns-default is-cropped wp-block-gallery-2 is-layout-flex wp-block-gallery-is-layout-flex\">\n<figure class=\"wp-block-image size-large is-style-default\"><img loading=\"lazy\" decoding=\"async\" width=\"1024\" height=\"768\" data-id=\"13355\" src=\"https:\/\/bojornal.pt\/wp-content\/uploads\/2024\/02\/20240209_120526-1024x768.jpg\" alt=\"\" class=\"wp-image-13355\" srcset=\"https:\/\/bojornal.pt\/wp-content\/uploads\/2024\/02\/20240209_120526-1024x768.jpg 1024w, https:\/\/bojornal.pt\/wp-content\/uploads\/2024\/02\/20240209_120526-300x225.jpg 300w, https:\/\/bojornal.pt\/wp-content\/uploads\/2024\/02\/20240209_120526-150x113.jpg 150w, https:\/\/bojornal.pt\/wp-content\/uploads\/2024\/02\/20240209_120526-768x576.jpg 768w, https:\/\/bojornal.pt\/wp-content\/uploads\/2024\/02\/20240209_120526-1536x1152.jpg 1536w, https:\/\/bojornal.pt\/wp-content\/uploads\/2024\/02\/20240209_120526-2048x1536.jpg 2048w\" sizes=\"auto, (max-width: 1024px) 100vw, 1024px\" \/><\/figure>\n\n\n\n<figure class=\"wp-block-image size-large is-style-default\"><img loading=\"lazy\" decoding=\"async\" width=\"768\" height=\"1024\" data-id=\"13354\" src=\"https:\/\/bojornal.pt\/wp-content\/uploads\/2024\/02\/20240209_122656-768x1024.jpg\" alt=\"\" class=\"wp-image-13354\" srcset=\"https:\/\/bojornal.pt\/wp-content\/uploads\/2024\/02\/20240209_122656-768x1024.jpg 768w, https:\/\/bojornal.pt\/wp-content\/uploads\/2024\/02\/20240209_122656-225x300.jpg 225w, https:\/\/bojornal.pt\/wp-content\/uploads\/2024\/02\/20240209_122656-113x150.jpg 113w, https:\/\/bojornal.pt\/wp-content\/uploads\/2024\/02\/20240209_122656-1152x1536.jpg 1152w, https:\/\/bojornal.pt\/wp-content\/uploads\/2024\/02\/20240209_122656-rotated.jpg 1500w\" sizes=\"auto, (max-width: 768px) 100vw, 768px\" \/><\/figure>\n\n\n\n<figure class=\"wp-block-image size-large is-style-default\"><img loading=\"lazy\" decoding=\"async\" width=\"1024\" height=\"768\" data-id=\"13356\" src=\"https:\/\/bojornal.pt\/wp-content\/uploads\/2024\/02\/20240215_152817-1024x768.jpg\" alt=\"\" class=\"wp-image-13356\" srcset=\"https:\/\/bojornal.pt\/wp-content\/uploads\/2024\/02\/20240215_152817-1024x768.jpg 1024w, https:\/\/bojornal.pt\/wp-content\/uploads\/2024\/02\/20240215_152817-300x225.jpg 300w, https:\/\/bojornal.pt\/wp-content\/uploads\/2024\/02\/20240215_152817-150x113.jpg 150w, https:\/\/bojornal.pt\/wp-content\/uploads\/2024\/02\/20240215_152817-768x576.jpg 768w, https:\/\/bojornal.pt\/wp-content\/uploads\/2024\/02\/20240215_152817-1536x1152.jpg 1536w, https:\/\/bojornal.pt\/wp-content\/uploads\/2024\/02\/20240215_152817-2048x1536.jpg 2048w\" sizes=\"auto, (max-width: 1024px) 100vw, 1024px\" \/><\/figure>\n\n\n\n<figure class=\"wp-block-image size-large is-style-default\"><img loading=\"lazy\" decoding=\"async\" width=\"768\" height=\"1024\" data-id=\"13353\" src=\"https:\/\/bojornal.pt\/wp-content\/uploads\/2024\/02\/20240215_161526-768x1024.jpg\" alt=\"\" class=\"wp-image-13353\" srcset=\"https:\/\/bojornal.pt\/wp-content\/uploads\/2024\/02\/20240215_161526-768x1024.jpg 768w, https:\/\/bojornal.pt\/wp-content\/uploads\/2024\/02\/20240215_161526-225x300.jpg 225w, https:\/\/bojornal.pt\/wp-content\/uploads\/2024\/02\/20240215_161526-113x150.jpg 113w, https:\/\/bojornal.pt\/wp-content\/uploads\/2024\/02\/20240215_161526-1152x1536.jpg 1152w, https:\/\/bojornal.pt\/wp-content\/uploads\/2024\/02\/20240215_161526-rotated.jpg 1500w\" sizes=\"auto, (max-width: 768px) 100vw, 768px\" \/><\/figure>\n<\/figure>\n\n\n\n<p><\/p>\n\n\n\n<p>Nos dias 9 e 15 de fevereiro os alunos &#8211; mentores realizaram sess\u00f5es de 45 minutos, no hor\u00e1rio de Cidadania, utilizando como espa\u00e7o a biblioteca escolar. A tem\u00e1tica problematizada foi a sa\u00fade e a doen\u00e7a.<\/p>\n\n\n\n<p>O envolvimento dos(as) mentores(as) e das crian\u00e7as foi muito positivo. A estimula\u00e7\u00e3o do pensamento cr\u00edtico \u00e9 fundamental e estruturante para as diferentes aprendizagens do curr\u00edculo.<\/p>\n","protected":false},"excerpt":{"rendered":"<p>Programa de\u00a0mentoria\u00a0filos\u00f3fico O projeto &#8220;Mentes Brilhantes &#8211; Programa de\u00a0mentoria\u00a0filos\u00f3fico&#8221; iniciado no ano anterior, pela docente Elisa Dias, est\u00e1 de regresso.\u00a0 Contando este ano com mais 4 turmas aderentes do 2.\u00ba ciclo da Escola Paulo&#46;&#46;&#46;<\/p>\n","protected":false},"author":2,"featured_media":13311,"comment_status":"closed","ping_status":"open","sticky":false,"template":"","format":"standard","meta":{"footnotes":""},"categories":[2,9,13,16],"tags":[],"class_list":["post-13307","post","type-post","status-publish","format-standard","has-post-thumbnail","hentry","category-atualidade","category-em-foco","category-escola-paulo-quintela","category-escola-secundaria-emidio-garcia"],"_links":{"self":[{"href":"https:\/\/bojornal.pt\/index.php?rest_route=\/wp\/v2\/posts\/13307","targetHints":{"allow":["GET"]}}],"collection":[{"href":"https:\/\/bojornal.pt\/index.php?rest_route=\/wp\/v2\/posts"}],"about":[{"href":"https:\/\/bojornal.pt\/index.php?rest_route=\/wp\/v2\/types\/post"}],"author":[{"embeddable":true,"href":"https:\/\/bojornal.pt\/index.php?rest_route=\/wp\/v2\/users\/2"}],"replies":[{"embeddable":true,"href":"https:\/\/bojornal.pt\/index.php?rest_route=%2Fwp%2Fv2%2Fcomments&post=13307"}],"version-history":[{"count":0,"href":"https:\/\/bojornal.pt\/index.php?rest_route=\/wp\/v2\/posts\/13307\/revisions"}],"wp:featuredmedia":[{"embeddable":true,"href":"https:\/\/bojornal.pt\/index.php?rest_route=\/wp\/v2\/media\/13311"}],"wp:attachment":[{"href":"https:\/\/bojornal.pt\/index.php?rest_route=%2Fwp%2Fv2%2Fmedia&parent=13307"}],"wp:term":[{"taxonomy":"category","embeddable":true,"href":"https:\/\/bojornal.pt\/index.php?rest_route=%2Fwp%2Fv2%2Fcategories&post=13307"},{"taxonomy":"post_tag","embeddable":true,"href":"https:\/\/bojornal.pt\/index.php?rest_route=%2Fwp%2Fv2%2Ftags&post=13307"}],"curies":[{"name":"wp","href":"https:\/\/api.w.org\/{rel}","templated":true}]}}