{"id":13302,"date":"2024-02-04T11:16:02","date_gmt":"2024-02-04T11:16:02","guid":{"rendered":"https:\/\/bojornal.pt\/?p=13302"},"modified":"2024-02-09T00:21:28","modified_gmt":"2024-02-09T00:21:28","slug":"alunas-do-liceu-destacam-se-nas-olimpiadas-da-geografia","status":"publish","type":"post","link":"https:\/\/bojornal.pt\/?p=13302","title":{"rendered":"Alunas do Liceu destacam-se nas Olimp\u00edadas da Geografia"},"content":{"rendered":"\n<p><strong><em>Maria Plasencia Matos, Ana Lu\u00eds S\u00e1, Catarina Martins e Catarina Vilas-Boas tiveram uma excelente presta\u00e7\u00e3o entre os 633 participantes da VI edi\u00e7\u00e3o<\/em><\/strong><\/p>\n\n\n\n<figure class=\"wp-block-image size-large is-style-default\"><img loading=\"lazy\" decoding=\"async\" width=\"1024\" height=\"768\" src=\"https:\/\/bojornal.pt\/wp-content\/uploads\/2024\/02\/WhatsApp-Image-2024-02-06-at-12.15.20-1024x768.jpeg\" alt=\"\" class=\"wp-image-13314\" srcset=\"https:\/\/bojornal.pt\/wp-content\/uploads\/2024\/02\/WhatsApp-Image-2024-02-06-at-12.15.20-1024x768.jpeg 1024w, https:\/\/bojornal.pt\/wp-content\/uploads\/2024\/02\/WhatsApp-Image-2024-02-06-at-12.15.20-300x225.jpeg 300w, https:\/\/bojornal.pt\/wp-content\/uploads\/2024\/02\/WhatsApp-Image-2024-02-06-at-12.15.20-150x113.jpeg 150w, https:\/\/bojornal.pt\/wp-content\/uploads\/2024\/02\/WhatsApp-Image-2024-02-06-at-12.15.20-768x576.jpeg 768w, https:\/\/bojornal.pt\/wp-content\/uploads\/2024\/02\/WhatsApp-Image-2024-02-06-at-12.15.20-1536x1152.jpeg 1536w, https:\/\/bojornal.pt\/wp-content\/uploads\/2024\/02\/WhatsApp-Image-2024-02-06-at-12.15.20.jpeg 1600w\" sizes=\"auto, (max-width: 1024px) 100vw, 1024px\" \/><\/figure>\n\n\n\n<p>\u00c9 com grande orgulho que destacamos a excelente presta\u00e7\u00e3o de quatro alunas da nossa escola nas VI Olimp\u00edadas de Geografia, realizadas no dia 24 de janeiro. As alunas <strong>Maria Plasencia Matos, Ana Lu\u00eds S\u00e1, Catarina Martins e Catarina Vilas-Boas <\/strong>exibiram um conhecimento profundo da disciplina e uma dedica\u00e7\u00e3o exemplar durante as Olimp\u00edadas, alcan\u00e7ando resultados que as destacaram entre os 633 participantes.<\/p>\n\n\n\n<p>Que essas conquistas inspirem outros estudantes a buscarem sempre o conhecimento e a superarem desafios, elevando o nome da nossa escola em diversas \u00e1reas do saber. Parab\u00e9ns \u00e0s nossas brilhantes alunas!<\/p>\n\n\n\n<p class=\"has-text-align-right\"><strong><em>O grupo disciplinar de Geografia<\/em><\/strong><\/p>\n","protected":false},"excerpt":{"rendered":"<p>Maria Plasencia Matos, Ana Lu\u00eds S\u00e1, Catarina Martins e Catarina Vilas-Boas tiveram uma excelente presta\u00e7\u00e3o entre os 633 participantes da VI edi\u00e7\u00e3o \u00c9 com grande orgulho que destacamos a excelente presta\u00e7\u00e3o de quatro alunas&#46;&#46;&#46;<\/p>\n","protected":false},"author":2,"featured_media":13315,"comment_status":"closed","ping_status":"open","sticky":false,"template":"","format":"standard","meta":{"footnotes":""},"categories":[2,9,16],"tags":[],"class_list":["post-13302","post","type-post","status-publish","format-standard","has-post-thumbnail","hentry","category-atualidade","category-em-foco","category-escola-secundaria-emidio-garcia"],"_links":{"self":[{"href":"https:\/\/bojornal.pt\/index.php?rest_route=\/wp\/v2\/posts\/13302","targetHints":{"allow":["GET"]}}],"collection":[{"href":"https:\/\/bojornal.pt\/index.php?rest_route=\/wp\/v2\/posts"}],"about":[{"href":"https:\/\/bojornal.pt\/index.php?rest_route=\/wp\/v2\/types\/post"}],"author":[{"embeddable":true,"href":"https:\/\/bojornal.pt\/index.php?rest_route=\/wp\/v2\/users\/2"}],"replies":[{"embeddable":true,"href":"https:\/\/bojornal.pt\/index.php?rest_route=%2Fwp%2Fv2%2Fcomments&post=13302"}],"version-history":[{"count":0,"href":"https:\/\/bojornal.pt\/index.php?rest_route=\/wp\/v2\/posts\/13302\/revisions"}],"wp:featuredmedia":[{"embeddable":true,"href":"https:\/\/bojornal.pt\/index.php?rest_route=\/wp\/v2\/media\/13315"}],"wp:attachment":[{"href":"https:\/\/bojornal.pt\/index.php?rest_route=%2Fwp%2Fv2%2Fmedia&parent=13302"}],"wp:term":[{"taxonomy":"category","embeddable":true,"href":"https:\/\/bojornal.pt\/index.php?rest_route=%2Fwp%2Fv2%2Fcategories&post=13302"},{"taxonomy":"post_tag","embeddable":true,"href":"https:\/\/bojornal.pt\/index.php?rest_route=%2Fwp%2Fv2%2Ftags&post=13302"}],"curies":[{"name":"wp","href":"https:\/\/api.w.org\/{rel}","templated":true}]}}