{"id":13297,"date":"2024-02-02T15:51:39","date_gmt":"2024-02-02T15:51:39","guid":{"rendered":"https:\/\/bojornal.pt\/?p=13297"},"modified":"2024-02-02T15:51:41","modified_gmt":"2024-02-02T15:51:41","slug":"desporto-escolar-futsal-3","status":"publish","type":"post","link":"https:\/\/bojornal.pt\/?p=13297","title":{"rendered":"Desporto Escolar: futsal"},"content":{"rendered":"\n<p><strong><em>2\u00aa Jornada de juvenis masculinos decorreu no Pavilh\u00e3o Em\u00eddio Garcia<\/em><\/strong><\/p>\n\n\n\n<figure class=\"wp-block-gallery has-nested-images columns-default is-cropped wp-block-gallery-1 is-layout-flex wp-block-gallery-is-layout-flex\">\n<figure class=\"wp-block-image size-large is-style-default\"><img loading=\"lazy\" decoding=\"async\" width=\"1024\" height=\"576\" data-id=\"13298\" src=\"https:\/\/bojornal.pt\/wp-content\/uploads\/2024\/02\/futsal_juvenis-1-1024x576.jpeg\" alt=\"\" class=\"wp-image-13298\" srcset=\"https:\/\/bojornal.pt\/wp-content\/uploads\/2024\/02\/futsal_juvenis-1-1024x576.jpeg 1024w, https:\/\/bojornal.pt\/wp-content\/uploads\/2024\/02\/futsal_juvenis-1-300x169.jpeg 300w, https:\/\/bojornal.pt\/wp-content\/uploads\/2024\/02\/futsal_juvenis-1-150x84.jpeg 150w, https:\/\/bojornal.pt\/wp-content\/uploads\/2024\/02\/futsal_juvenis-1-768x432.jpeg 768w, https:\/\/bojornal.pt\/wp-content\/uploads\/2024\/02\/futsal_juvenis-1-1536x864.jpeg 1536w, https:\/\/bojornal.pt\/wp-content\/uploads\/2024\/02\/futsal_juvenis-1.jpeg 2016w\" sizes=\"auto, (max-width: 1024px) 100vw, 1024px\" \/><\/figure>\n\n\n\n<figure class=\"wp-block-image size-large is-style-default\"><img loading=\"lazy\" decoding=\"async\" width=\"1024\" height=\"576\" data-id=\"13300\" src=\"https:\/\/bojornal.pt\/wp-content\/uploads\/2024\/02\/futsal_juvenis-2-1024x576.jpeg\" alt=\"\" class=\"wp-image-13300\" srcset=\"https:\/\/bojornal.pt\/wp-content\/uploads\/2024\/02\/futsal_juvenis-2-1024x576.jpeg 1024w, https:\/\/bojornal.pt\/wp-content\/uploads\/2024\/02\/futsal_juvenis-2-300x169.jpeg 300w, https:\/\/bojornal.pt\/wp-content\/uploads\/2024\/02\/futsal_juvenis-2-150x84.jpeg 150w, https:\/\/bojornal.pt\/wp-content\/uploads\/2024\/02\/futsal_juvenis-2-768x432.jpeg 768w, https:\/\/bojornal.pt\/wp-content\/uploads\/2024\/02\/futsal_juvenis-2-1536x864.jpeg 1536w, https:\/\/bojornal.pt\/wp-content\/uploads\/2024\/02\/futsal_juvenis-2.jpeg 2016w\" sizes=\"auto, (max-width: 1024px) 100vw, 1024px\" \/><\/figure>\n\n\n\n<figure class=\"wp-block-image size-large is-style-default\"><img loading=\"lazy\" decoding=\"async\" width=\"1024\" height=\"576\" data-id=\"13299\" src=\"https:\/\/bojornal.pt\/wp-content\/uploads\/2024\/02\/futsal_juvenis-3-1024x576.jpeg\" alt=\"\" class=\"wp-image-13299\" srcset=\"https:\/\/bojornal.pt\/wp-content\/uploads\/2024\/02\/futsal_juvenis-3-1024x576.jpeg 1024w, https:\/\/bojornal.pt\/wp-content\/uploads\/2024\/02\/futsal_juvenis-3-300x169.jpeg 300w, https:\/\/bojornal.pt\/wp-content\/uploads\/2024\/02\/futsal_juvenis-3-150x84.jpeg 150w, https:\/\/bojornal.pt\/wp-content\/uploads\/2024\/02\/futsal_juvenis-3-768x432.jpeg 768w, https:\/\/bojornal.pt\/wp-content\/uploads\/2024\/02\/futsal_juvenis-3-1536x864.jpeg 1536w, https:\/\/bojornal.pt\/wp-content\/uploads\/2024\/02\/futsal_juvenis-3.jpeg 2016w\" sizes=\"auto, (max-width: 1024px) 100vw, 1024px\" \/><\/figure>\n<\/figure>\n\n\n\n<p>A equipa de futsal no escal\u00e3o de juvenis masculinos acabou a segunda jornada da prova do Desporto Escolar com uma vit\u00f3ria e uma derrota. Os atletas do Liceu come\u00e7aram por perder o primeiro jogo, frente a Mogadouro (9-2) mas, na segunda partida, frente \u00e0 EPPU, a equipa da Em\u00eddio Garcia saiu vencedora, num jogo disputado e entusiasmante (5-2).<\/p>\n\n\n\n<p><strong><em>Resultados (2.\u00aa Jornada)<\/em><\/strong><\/p>\n\n\n\n<p>Mogadouro 9 emidio -2<br \/>Emidio 5 eppu 2<br \/>Mogadouro 5 eppu 1<\/p>\n\n\n\n<p><\/p>\n","protected":false},"excerpt":{"rendered":"<p>2\u00aa Jornada de juvenis masculinos decorreu no Pavilh\u00e3o Em\u00eddio Garcia A equipa de futsal no escal\u00e3o de juvenis masculinos acabou a segunda jornada da prova do Desporto Escolar com uma vit\u00f3ria e uma derrota.&#46;&#46;&#46;<\/p>\n","protected":false},"author":2,"featured_media":13298,"comment_status":"closed","ping_status":"open","sticky":false,"template":"","format":"standard","meta":{"footnotes":""},"categories":[2,16],"tags":[],"class_list":["post-13297","post","type-post","status-publish","format-standard","has-post-thumbnail","hentry","category-atualidade","category-escola-secundaria-emidio-garcia"],"_links":{"self":[{"href":"https:\/\/bojornal.pt\/index.php?rest_route=\/wp\/v2\/posts\/13297","targetHints":{"allow":["GET"]}}],"collection":[{"href":"https:\/\/bojornal.pt\/index.php?rest_route=\/wp\/v2\/posts"}],"about":[{"href":"https:\/\/bojornal.pt\/index.php?rest_route=\/wp\/v2\/types\/post"}],"author":[{"embeddable":true,"href":"https:\/\/bojornal.pt\/index.php?rest_route=\/wp\/v2\/users\/2"}],"replies":[{"embeddable":true,"href":"https:\/\/bojornal.pt\/index.php?rest_route=%2Fwp%2Fv2%2Fcomments&post=13297"}],"version-history":[{"count":0,"href":"https:\/\/bojornal.pt\/index.php?rest_route=\/wp\/v2\/posts\/13297\/revisions"}],"wp:featuredmedia":[{"embeddable":true,"href":"https:\/\/bojornal.pt\/index.php?rest_route=\/wp\/v2\/media\/13298"}],"wp:attachment":[{"href":"https:\/\/bojornal.pt\/index.php?rest_route=%2Fwp%2Fv2%2Fmedia&parent=13297"}],"wp:term":[{"taxonomy":"category","embeddable":true,"href":"https:\/\/bojornal.pt\/index.php?rest_route=%2Fwp%2Fv2%2Fcategories&post=13297"},{"taxonomy":"post_tag","embeddable":true,"href":"https:\/\/bojornal.pt\/index.php?rest_route=%2Fwp%2Fv2%2Ftags&post=13297"}],"curies":[{"name":"wp","href":"https:\/\/api.w.org\/{rel}","templated":true}]}}