{"id":13292,"date":"2024-02-02T15:42:28","date_gmt":"2024-02-02T15:42:28","guid":{"rendered":"https:\/\/bojornal.pt\/?p=13292"},"modified":"2024-02-02T15:42:30","modified_gmt":"2024-02-02T15:42:30","slug":"dia-escolar-da-nao-violencia-e-da-paz","status":"publish","type":"post","link":"https:\/\/bojornal.pt\/?p=13292","title":{"rendered":"Dia escolar da n\u00e3o viol\u00eancia e da paz"},"content":{"rendered":"\n<p><strong><em>Alunos do 11\u00ba PTAAS e SE11 assinalaram efem\u00e9ride<\/em><\/strong><\/p>\n\n\n\n<figure class=\"wp-block-gallery has-nested-images columns-default is-cropped wp-block-gallery-1 is-layout-flex wp-block-gallery-is-layout-flex\">\n<figure class=\"wp-block-image size-large is-style-default\"><img loading=\"lazy\" decoding=\"async\" width=\"768\" height=\"1024\" data-id=\"13293\" src=\"https:\/\/bojornal.pt\/wp-content\/uploads\/2024\/02\/Dia-de-nao-violencia-1-768x1024.jpeg\" alt=\"\" class=\"wp-image-13293\" srcset=\"https:\/\/bojornal.pt\/wp-content\/uploads\/2024\/02\/Dia-de-nao-violencia-1-768x1024.jpeg 768w, https:\/\/bojornal.pt\/wp-content\/uploads\/2024\/02\/Dia-de-nao-violencia-1-225x300.jpeg 225w, https:\/\/bojornal.pt\/wp-content\/uploads\/2024\/02\/Dia-de-nao-violencia-1-113x150.jpeg 113w, https:\/\/bojornal.pt\/wp-content\/uploads\/2024\/02\/Dia-de-nao-violencia-1-1152x1536.jpeg 1152w, https:\/\/bojornal.pt\/wp-content\/uploads\/2024\/02\/Dia-de-nao-violencia-1.jpeg 1200w\" sizes=\"auto, (max-width: 768px) 100vw, 768px\" \/><\/figure>\n\n\n\n<figure class=\"wp-block-image size-large is-style-default\"><img loading=\"lazy\" decoding=\"async\" width=\"768\" height=\"1024\" data-id=\"13294\" src=\"https:\/\/bojornal.pt\/wp-content\/uploads\/2024\/02\/Dia-de-nao-violencia-2-768x1024.jpeg\" alt=\"\" class=\"wp-image-13294\" srcset=\"https:\/\/bojornal.pt\/wp-content\/uploads\/2024\/02\/Dia-de-nao-violencia-2-768x1024.jpeg 768w, https:\/\/bojornal.pt\/wp-content\/uploads\/2024\/02\/Dia-de-nao-violencia-2-225x300.jpeg 225w, https:\/\/bojornal.pt\/wp-content\/uploads\/2024\/02\/Dia-de-nao-violencia-2-113x150.jpeg 113w, https:\/\/bojornal.pt\/wp-content\/uploads\/2024\/02\/Dia-de-nao-violencia-2-1152x1536.jpeg 1152w, https:\/\/bojornal.pt\/wp-content\/uploads\/2024\/02\/Dia-de-nao-violencia-2.jpeg 1200w\" sizes=\"auto, (max-width: 768px) 100vw, 768px\" \/><\/figure>\n\n\n\n<figure class=\"wp-block-image size-large is-style-default\"><img loading=\"lazy\" decoding=\"async\" width=\"1024\" height=\"761\" data-id=\"13295\" src=\"https:\/\/bojornal.pt\/wp-content\/uploads\/2024\/02\/Dia-de-nao-violencia-3-1024x761.jpeg\" alt=\"\" class=\"wp-image-13295\" srcset=\"https:\/\/bojornal.pt\/wp-content\/uploads\/2024\/02\/Dia-de-nao-violencia-3-1024x761.jpeg 1024w, https:\/\/bojornal.pt\/wp-content\/uploads\/2024\/02\/Dia-de-nao-violencia-3-300x223.jpeg 300w, https:\/\/bojornal.pt\/wp-content\/uploads\/2024\/02\/Dia-de-nao-violencia-3-150x111.jpeg 150w, https:\/\/bojornal.pt\/wp-content\/uploads\/2024\/02\/Dia-de-nao-violencia-3-768x571.jpeg 768w, https:\/\/bojornal.pt\/wp-content\/uploads\/2024\/02\/Dia-de-nao-violencia-3.jpeg 1272w\" sizes=\"auto, (max-width: 1024px) 100vw, 1024px\" \/><\/figure>\n<\/figure>\n\n\n\n<p>Os alunos do Agrupamento de Escolas Em\u00eddio Garcia assinalaram o &#8220;Dia escolar da n\u00e3o viol\u00eancia e da paz&#8221;. No dia 30 de janeiro, desenvolveram-se a\u00e7\u00f5es sobre o tema no Centro Escolar da S\u00e9 e na Escola Em\u00eddio Garcia, pelas turmas SE11 e 11\u00ba PTAAS do Liceu. Esta iniciativa teve como objetivo sensibilizar os alunos para a problem\u00e1tica da necessidade de construir a Paz, na nossa escola e no mundo. <\/p>\n","protected":false},"excerpt":{"rendered":"<p>Alunos do 11\u00ba PTAAS e SE11 assinalaram efem\u00e9ride Os alunos do Agrupamento de Escolas Em\u00eddio Garcia assinalaram o &#8220;Dia escolar da n\u00e3o viol\u00eancia e da paz&#8221;. No dia 30 de janeiro, desenvolveram-se a\u00e7\u00f5es sobre&#46;&#46;&#46;<\/p>\n","protected":false},"author":2,"featured_media":13293,"comment_status":"closed","ping_status":"open","sticky":false,"template":"","format":"standard","meta":{"footnotes":""},"categories":[14,16],"tags":[],"class_list":["post-13292","post","type-post","status-publish","format-standard","has-post-thumbnail","hentry","category-1o-ciclo","category-escola-secundaria-emidio-garcia"],"_links":{"self":[{"href":"https:\/\/bojornal.pt\/index.php?rest_route=\/wp\/v2\/posts\/13292","targetHints":{"allow":["GET"]}}],"collection":[{"href":"https:\/\/bojornal.pt\/index.php?rest_route=\/wp\/v2\/posts"}],"about":[{"href":"https:\/\/bojornal.pt\/index.php?rest_route=\/wp\/v2\/types\/post"}],"author":[{"embeddable":true,"href":"https:\/\/bojornal.pt\/index.php?rest_route=\/wp\/v2\/users\/2"}],"replies":[{"embeddable":true,"href":"https:\/\/bojornal.pt\/index.php?rest_route=%2Fwp%2Fv2%2Fcomments&post=13292"}],"version-history":[{"count":0,"href":"https:\/\/bojornal.pt\/index.php?rest_route=\/wp\/v2\/posts\/13292\/revisions"}],"wp:featuredmedia":[{"embeddable":true,"href":"https:\/\/bojornal.pt\/index.php?rest_route=\/wp\/v2\/media\/13293"}],"wp:attachment":[{"href":"https:\/\/bojornal.pt\/index.php?rest_route=%2Fwp%2Fv2%2Fmedia&parent=13292"}],"wp:term":[{"taxonomy":"category","embeddable":true,"href":"https:\/\/bojornal.pt\/index.php?rest_route=%2Fwp%2Fv2%2Fcategories&post=13292"},{"taxonomy":"post_tag","embeddable":true,"href":"https:\/\/bojornal.pt\/index.php?rest_route=%2Fwp%2Fv2%2Ftags&post=13292"}],"curies":[{"name":"wp","href":"https:\/\/api.w.org\/{rel}","templated":true}]}}