{"id":13284,"date":"2024-02-01T00:13:00","date_gmt":"2024-02-01T00:13:00","guid":{"rendered":"https:\/\/bojornal.pt\/?p=13284"},"modified":"2024-02-02T00:20:39","modified_gmt":"2024-02-02T00:20:39","slug":"tenis-de-mesa-em-destaque","status":"publish","type":"post","link":"https:\/\/bojornal.pt\/?p=13284","title":{"rendered":"T\u00e9nis-de-Mesa em destaque"},"content":{"rendered":"\n<p><strong><em>Jo\u00e3o Rodrigues terminou no 1.\u00balugar e Alexandre Sendas foi 2.\u00ba classificado. <\/em><\/strong><\/p>\n\n\n\n<figure class=\"wp-block-gallery has-nested-images columns-default is-cropped wp-block-gallery-1 is-layout-flex wp-block-gallery-is-layout-flex\">\n<figure class=\"wp-block-image size-large is-style-default\"><img loading=\"lazy\" decoding=\"async\" width=\"1024\" height=\"771\" data-id=\"13288\" src=\"https:\/\/bojornal.pt\/wp-content\/uploads\/2024\/02\/tenis-de-mesa-1-1024x771.jpeg\" alt=\"\" class=\"wp-image-13288\" srcset=\"https:\/\/bojornal.pt\/wp-content\/uploads\/2024\/02\/tenis-de-mesa-1-1024x771.jpeg 1024w, https:\/\/bojornal.pt\/wp-content\/uploads\/2024\/02\/tenis-de-mesa-1-300x226.jpeg 300w, https:\/\/bojornal.pt\/wp-content\/uploads\/2024\/02\/tenis-de-mesa-1-150x113.jpeg 150w, https:\/\/bojornal.pt\/wp-content\/uploads\/2024\/02\/tenis-de-mesa-1-768x578.jpeg 768w, https:\/\/bojornal.pt\/wp-content\/uploads\/2024\/02\/tenis-de-mesa-1-1536x1157.jpeg 1536w, https:\/\/bojornal.pt\/wp-content\/uploads\/2024\/02\/tenis-de-mesa-1.jpeg 2040w\" sizes=\"auto, (max-width: 1024px) 100vw, 1024px\" \/><\/figure>\n\n\n\n<figure class=\"wp-block-image size-large is-style-default\"><img loading=\"lazy\" decoding=\"async\" width=\"1024\" height=\"771\" data-id=\"13287\" src=\"https:\/\/bojornal.pt\/wp-content\/uploads\/2024\/02\/tenis-de-mesa-2-1024x771.jpeg\" alt=\"\" class=\"wp-image-13287\" srcset=\"https:\/\/bojornal.pt\/wp-content\/uploads\/2024\/02\/tenis-de-mesa-2-1024x771.jpeg 1024w, https:\/\/bojornal.pt\/wp-content\/uploads\/2024\/02\/tenis-de-mesa-2-300x226.jpeg 300w, https:\/\/bojornal.pt\/wp-content\/uploads\/2024\/02\/tenis-de-mesa-2-150x113.jpeg 150w, https:\/\/bojornal.pt\/wp-content\/uploads\/2024\/02\/tenis-de-mesa-2-768x578.jpeg 768w, https:\/\/bojornal.pt\/wp-content\/uploads\/2024\/02\/tenis-de-mesa-2-1536x1157.jpeg 1536w, https:\/\/bojornal.pt\/wp-content\/uploads\/2024\/02\/tenis-de-mesa-2.jpeg 2040w\" sizes=\"auto, (max-width: 1024px) 100vw, 1024px\" \/><\/figure>\n\n\n\n<figure class=\"wp-block-image size-large is-style-default\"><img loading=\"lazy\" decoding=\"async\" width=\"1024\" height=\"771\" data-id=\"13290\" src=\"https:\/\/bojornal.pt\/wp-content\/uploads\/2024\/02\/tenis-de-mesa-3-1024x771.jpeg\" alt=\"\" class=\"wp-image-13290\" srcset=\"https:\/\/bojornal.pt\/wp-content\/uploads\/2024\/02\/tenis-de-mesa-3-1024x771.jpeg 1024w, https:\/\/bojornal.pt\/wp-content\/uploads\/2024\/02\/tenis-de-mesa-3-300x226.jpeg 300w, https:\/\/bojornal.pt\/wp-content\/uploads\/2024\/02\/tenis-de-mesa-3-150x113.jpeg 150w, https:\/\/bojornal.pt\/wp-content\/uploads\/2024\/02\/tenis-de-mesa-3-768x578.jpeg 768w, https:\/\/bojornal.pt\/wp-content\/uploads\/2024\/02\/tenis-de-mesa-3-1536x1157.jpeg 1536w, https:\/\/bojornal.pt\/wp-content\/uploads\/2024\/02\/tenis-de-mesa-3.jpeg 2040w\" sizes=\"auto, (max-width: 1024px) 100vw, 1024px\" \/><\/figure>\n\n\n\n<figure class=\"wp-block-image size-large is-style-default\"><img loading=\"lazy\" decoding=\"async\" width=\"1024\" height=\"771\" data-id=\"13286\" src=\"https:\/\/bojornal.pt\/wp-content\/uploads\/2024\/02\/tenis-de-mesa-4-1024x771.jpeg\" alt=\"\" class=\"wp-image-13286\" srcset=\"https:\/\/bojornal.pt\/wp-content\/uploads\/2024\/02\/tenis-de-mesa-4-1024x771.jpeg 1024w, https:\/\/bojornal.pt\/wp-content\/uploads\/2024\/02\/tenis-de-mesa-4-300x226.jpeg 300w, https:\/\/bojornal.pt\/wp-content\/uploads\/2024\/02\/tenis-de-mesa-4-150x113.jpeg 150w, https:\/\/bojornal.pt\/wp-content\/uploads\/2024\/02\/tenis-de-mesa-4-768x578.jpeg 768w, https:\/\/bojornal.pt\/wp-content\/uploads\/2024\/02\/tenis-de-mesa-4-1536x1157.jpeg 1536w, https:\/\/bojornal.pt\/wp-content\/uploads\/2024\/02\/tenis-de-mesa-4.jpeg 2040w\" sizes=\"auto, (max-width: 1024px) 100vw, 1024px\" \/><\/figure>\n\n\n\n<figure class=\"wp-block-image size-large is-style-default\"><img loading=\"lazy\" decoding=\"async\" width=\"1024\" height=\"771\" data-id=\"13289\" src=\"https:\/\/bojornal.pt\/wp-content\/uploads\/2024\/02\/tenis-de-mesa-5-1024x771.jpeg\" alt=\"\" class=\"wp-image-13289\" srcset=\"https:\/\/bojornal.pt\/wp-content\/uploads\/2024\/02\/tenis-de-mesa-5-1024x771.jpeg 1024w, https:\/\/bojornal.pt\/wp-content\/uploads\/2024\/02\/tenis-de-mesa-5-300x226.jpeg 300w, https:\/\/bojornal.pt\/wp-content\/uploads\/2024\/02\/tenis-de-mesa-5-150x113.jpeg 150w, https:\/\/bojornal.pt\/wp-content\/uploads\/2024\/02\/tenis-de-mesa-5-768x578.jpeg 768w, https:\/\/bojornal.pt\/wp-content\/uploads\/2024\/02\/tenis-de-mesa-5-1536x1157.jpeg 1536w, https:\/\/bojornal.pt\/wp-content\/uploads\/2024\/02\/tenis-de-mesa-5.jpeg 2040w\" sizes=\"auto, (max-width: 1024px) 100vw, 1024px\" \/><\/figure>\n\n\n\n<figure class=\"wp-block-image size-large is-style-default\"><img loading=\"lazy\" decoding=\"async\" width=\"1024\" height=\"771\" data-id=\"13285\" src=\"https:\/\/bojornal.pt\/wp-content\/uploads\/2024\/02\/tenis-de-mesa-6-1024x771.jpeg\" alt=\"\" class=\"wp-image-13285\" srcset=\"https:\/\/bojornal.pt\/wp-content\/uploads\/2024\/02\/tenis-de-mesa-6-1024x771.jpeg 1024w, https:\/\/bojornal.pt\/wp-content\/uploads\/2024\/02\/tenis-de-mesa-6-300x226.jpeg 300w, https:\/\/bojornal.pt\/wp-content\/uploads\/2024\/02\/tenis-de-mesa-6-150x113.jpeg 150w, https:\/\/bojornal.pt\/wp-content\/uploads\/2024\/02\/tenis-de-mesa-6-768x578.jpeg 768w, https:\/\/bojornal.pt\/wp-content\/uploads\/2024\/02\/tenis-de-mesa-6-1536x1157.jpeg 1536w, https:\/\/bojornal.pt\/wp-content\/uploads\/2024\/02\/tenis-de-mesa-6.jpeg 2040w\" sizes=\"auto, (max-width: 1024px) 100vw, 1024px\" \/><\/figure>\n<\/figure>\n\n\n\n<p>Realizou-se a II Concentra\u00e7\u00e3o de T\u00e9nis de Mesa, s\u00e9rie C, com a participa\u00e7\u00e3o dos nossos alunos nas provas que decorreram em Macedo de Cavaleiros. Os nossos atletas estiveram a bom n\u00edvel com a conquita do 1.\u00balugar, no Escal\u00e3o de Infantis B &#8211; Jo\u00e3o Rodrigues e no Escal\u00e3o de Iniciados, Alexandre Sendas garantiu a 2.\u00aaposi\u00e7\u00e3o. <\/p>\n","protected":false},"excerpt":{"rendered":"<p>Jo\u00e3o Rodrigues terminou no 1.\u00balugar e Alexandre Sendas foi 2.\u00ba classificado. Realizou-se a II Concentra\u00e7\u00e3o de T\u00e9nis de Mesa, s\u00e9rie C, com a participa\u00e7\u00e3o dos nossos alunos nas provas que decorreram em Macedo de&#46;&#46;&#46;<\/p>\n","protected":false},"author":2,"featured_media":13287,"comment_status":"closed","ping_status":"open","sticky":false,"template":"","format":"standard","meta":{"footnotes":""},"categories":[2,9,16],"tags":[],"class_list":["post-13284","post","type-post","status-publish","format-standard","has-post-thumbnail","hentry","category-atualidade","category-em-foco","category-escola-secundaria-emidio-garcia"],"_links":{"self":[{"href":"https:\/\/bojornal.pt\/index.php?rest_route=\/wp\/v2\/posts\/13284","targetHints":{"allow":["GET"]}}],"collection":[{"href":"https:\/\/bojornal.pt\/index.php?rest_route=\/wp\/v2\/posts"}],"about":[{"href":"https:\/\/bojornal.pt\/index.php?rest_route=\/wp\/v2\/types\/post"}],"author":[{"embeddable":true,"href":"https:\/\/bojornal.pt\/index.php?rest_route=\/wp\/v2\/users\/2"}],"replies":[{"embeddable":true,"href":"https:\/\/bojornal.pt\/index.php?rest_route=%2Fwp%2Fv2%2Fcomments&post=13284"}],"version-history":[{"count":0,"href":"https:\/\/bojornal.pt\/index.php?rest_route=\/wp\/v2\/posts\/13284\/revisions"}],"wp:featuredmedia":[{"embeddable":true,"href":"https:\/\/bojornal.pt\/index.php?rest_route=\/wp\/v2\/media\/13287"}],"wp:attachment":[{"href":"https:\/\/bojornal.pt\/index.php?rest_route=%2Fwp%2Fv2%2Fmedia&parent=13284"}],"wp:term":[{"taxonomy":"category","embeddable":true,"href":"https:\/\/bojornal.pt\/index.php?rest_route=%2Fwp%2Fv2%2Fcategories&post=13284"},{"taxonomy":"post_tag","embeddable":true,"href":"https:\/\/bojornal.pt\/index.php?rest_route=%2Fwp%2Fv2%2Ftags&post=13284"}],"curies":[{"name":"wp","href":"https:\/\/api.w.org\/{rel}","templated":true}]}}