{"id":13273,"date":"2024-01-28T23:40:00","date_gmt":"2024-01-28T23:40:00","guid":{"rendered":"https:\/\/bojornal.pt\/?p=13273"},"modified":"2024-02-02T00:09:47","modified_gmt":"2024-02-02T00:09:47","slug":"agrupamento-em-destaque-no-concurso-de-natal","status":"publish","type":"post","link":"https:\/\/bojornal.pt\/?p=13273","title":{"rendered":"Agrupamento em destaque no Concurso de Natal"},"content":{"rendered":"\n<p><strong>Alunos do AE Em\u00eddio Garcia venceram diversos pr\u00e9mios e men\u00e7\u00f5es em evento promovido pelo Munic\u00edpio de Bragan\u00e7a<\/strong><\/p>\n\n\n\n<figure class=\"wp-block-gallery has-nested-images columns-default is-cropped wp-block-gallery-1 is-layout-flex wp-block-gallery-is-layout-flex\">\n<figure class=\"wp-block-image size-large is-style-default\"><img loading=\"lazy\" decoding=\"async\" width=\"1024\" height=\"683\" data-id=\"13280\" src=\"https:\/\/bojornal.pt\/wp-content\/uploads\/2024\/02\/420073383_783952940425484_5994649225052209510_n-1024x683.jpg\" alt=\"\" class=\"wp-image-13280\" srcset=\"https:\/\/bojornal.pt\/wp-content\/uploads\/2024\/02\/420073383_783952940425484_5994649225052209510_n-1024x683.jpg 1024w, https:\/\/bojornal.pt\/wp-content\/uploads\/2024\/02\/420073383_783952940425484_5994649225052209510_n-300x200.jpg 300w, https:\/\/bojornal.pt\/wp-content\/uploads\/2024\/02\/420073383_783952940425484_5994649225052209510_n-150x100.jpg 150w, https:\/\/bojornal.pt\/wp-content\/uploads\/2024\/02\/420073383_783952940425484_5994649225052209510_n-768x512.jpg 768w, https:\/\/bojornal.pt\/wp-content\/uploads\/2024\/02\/420073383_783952940425484_5994649225052209510_n-1536x1024.jpg 1536w, https:\/\/bojornal.pt\/wp-content\/uploads\/2024\/02\/420073383_783952940425484_5994649225052209510_n.jpg 2048w\" sizes=\"auto, (max-width: 1024px) 100vw, 1024px\" \/><\/figure>\n\n\n\n<figure class=\"wp-block-image size-large is-style-default\"><img loading=\"lazy\" decoding=\"async\" width=\"1024\" height=\"683\" data-id=\"13274\" src=\"https:\/\/bojornal.pt\/wp-content\/uploads\/2024\/02\/420090362_783954127092032_947219423864989978_n-1024x683.jpg\" alt=\"\" class=\"wp-image-13274\" srcset=\"https:\/\/bojornal.pt\/wp-content\/uploads\/2024\/02\/420090362_783954127092032_947219423864989978_n-1024x683.jpg 1024w, https:\/\/bojornal.pt\/wp-content\/uploads\/2024\/02\/420090362_783954127092032_947219423864989978_n-300x200.jpg 300w, https:\/\/bojornal.pt\/wp-content\/uploads\/2024\/02\/420090362_783954127092032_947219423864989978_n-150x100.jpg 150w, https:\/\/bojornal.pt\/wp-content\/uploads\/2024\/02\/420090362_783954127092032_947219423864989978_n-768x512.jpg 768w, https:\/\/bojornal.pt\/wp-content\/uploads\/2024\/02\/420090362_783954127092032_947219423864989978_n-1536x1024.jpg 1536w, https:\/\/bojornal.pt\/wp-content\/uploads\/2024\/02\/420090362_783954127092032_947219423864989978_n.jpg 2048w\" sizes=\"auto, (max-width: 1024px) 100vw, 1024px\" \/><\/figure>\n\n\n\n<figure class=\"wp-block-image size-large is-style-default\"><img loading=\"lazy\" decoding=\"async\" width=\"1024\" height=\"683\" data-id=\"13278\" src=\"https:\/\/bojornal.pt\/wp-content\/uploads\/2024\/02\/420099986_783952983758813_7177207999793839191_n-1024x683.jpg\" alt=\"\" class=\"wp-image-13278\" srcset=\"https:\/\/bojornal.pt\/wp-content\/uploads\/2024\/02\/420099986_783952983758813_7177207999793839191_n-1024x683.jpg 1024w, https:\/\/bojornal.pt\/wp-content\/uploads\/2024\/02\/420099986_783952983758813_7177207999793839191_n-300x200.jpg 300w, https:\/\/bojornal.pt\/wp-content\/uploads\/2024\/02\/420099986_783952983758813_7177207999793839191_n-150x100.jpg 150w, https:\/\/bojornal.pt\/wp-content\/uploads\/2024\/02\/420099986_783952983758813_7177207999793839191_n-768x512.jpg 768w, https:\/\/bojornal.pt\/wp-content\/uploads\/2024\/02\/420099986_783952983758813_7177207999793839191_n-1536x1024.jpg 1536w, https:\/\/bojornal.pt\/wp-content\/uploads\/2024\/02\/420099986_783952983758813_7177207999793839191_n.jpg 2048w\" sizes=\"auto, (max-width: 1024px) 100vw, 1024px\" \/><\/figure>\n\n\n\n<figure class=\"wp-block-image size-large is-style-default\"><img loading=\"lazy\" decoding=\"async\" width=\"1024\" height=\"796\" data-id=\"13276\" src=\"https:\/\/bojornal.pt\/wp-content\/uploads\/2024\/02\/421849019_783952927092152_6190303349784142689_n-1024x796.jpg\" alt=\"\" class=\"wp-image-13276\" srcset=\"https:\/\/bojornal.pt\/wp-content\/uploads\/2024\/02\/421849019_783952927092152_6190303349784142689_n-1024x796.jpg 1024w, https:\/\/bojornal.pt\/wp-content\/uploads\/2024\/02\/421849019_783952927092152_6190303349784142689_n-300x233.jpg 300w, https:\/\/bojornal.pt\/wp-content\/uploads\/2024\/02\/421849019_783952927092152_6190303349784142689_n-150x117.jpg 150w, https:\/\/bojornal.pt\/wp-content\/uploads\/2024\/02\/421849019_783952927092152_6190303349784142689_n-768x597.jpg 768w, https:\/\/bojornal.pt\/wp-content\/uploads\/2024\/02\/421849019_783952927092152_6190303349784142689_n-1536x1193.jpg 1536w, https:\/\/bojornal.pt\/wp-content\/uploads\/2024\/02\/421849019_783952927092152_6190303349784142689_n.jpg 2048w\" sizes=\"auto, (max-width: 1024px) 100vw, 1024px\" \/><\/figure>\n\n\n\n<figure class=\"wp-block-image size-large is-style-default\"><img loading=\"lazy\" decoding=\"async\" width=\"1024\" height=\"683\" data-id=\"13277\" src=\"https:\/\/bojornal.pt\/wp-content\/uploads\/2024\/02\/421973484_783953743758737_5852452655593006291_n-1024x683.jpg\" alt=\"\" class=\"wp-image-13277\" srcset=\"https:\/\/bojornal.pt\/wp-content\/uploads\/2024\/02\/421973484_783953743758737_5852452655593006291_n-1024x683.jpg 1024w, https:\/\/bojornal.pt\/wp-content\/uploads\/2024\/02\/421973484_783953743758737_5852452655593006291_n-300x200.jpg 300w, https:\/\/bojornal.pt\/wp-content\/uploads\/2024\/02\/421973484_783953743758737_5852452655593006291_n-150x100.jpg 150w, https:\/\/bojornal.pt\/wp-content\/uploads\/2024\/02\/421973484_783953743758737_5852452655593006291_n-768x512.jpg 768w, https:\/\/bojornal.pt\/wp-content\/uploads\/2024\/02\/421973484_783953743758737_5852452655593006291_n-1536x1024.jpg 1536w, https:\/\/bojornal.pt\/wp-content\/uploads\/2024\/02\/421973484_783953743758737_5852452655593006291_n.jpg 2048w\" sizes=\"auto, (max-width: 1024px) 100vw, 1024px\" \/><\/figure>\n\n\n\n<figure class=\"wp-block-image size-large is-style-default\"><img loading=\"lazy\" decoding=\"async\" width=\"1024\" height=\"683\" data-id=\"13279\" src=\"https:\/\/bojornal.pt\/wp-content\/uploads\/2024\/02\/Contos-de-Natal-1-1024x683.jpg\" alt=\"\" class=\"wp-image-13279\" srcset=\"https:\/\/bojornal.pt\/wp-content\/uploads\/2024\/02\/Contos-de-Natal-1-1024x683.jpg 1024w, https:\/\/bojornal.pt\/wp-content\/uploads\/2024\/02\/Contos-de-Natal-1-300x200.jpg 300w, https:\/\/bojornal.pt\/wp-content\/uploads\/2024\/02\/Contos-de-Natal-1-150x100.jpg 150w, https:\/\/bojornal.pt\/wp-content\/uploads\/2024\/02\/Contos-de-Natal-1-768x512.jpg 768w, https:\/\/bojornal.pt\/wp-content\/uploads\/2024\/02\/Contos-de-Natal-1-1536x1024.jpg 1536w, https:\/\/bojornal.pt\/wp-content\/uploads\/2024\/02\/Contos-de-Natal-1.jpg 2048w\" sizes=\"auto, (max-width: 1024px) 100vw, 1024px\" \/><\/figure>\n\n\n\n<figure class=\"wp-block-image size-large is-style-default\"><img loading=\"lazy\" decoding=\"async\" width=\"1024\" height=\"683\" data-id=\"13281\" src=\"https:\/\/bojornal.pt\/wp-content\/uploads\/2024\/02\/Contos-de-Natal-2-1024x683.jpg\" alt=\"\" class=\"wp-image-13281\" srcset=\"https:\/\/bojornal.pt\/wp-content\/uploads\/2024\/02\/Contos-de-Natal-2-1024x683.jpg 1024w, https:\/\/bojornal.pt\/wp-content\/uploads\/2024\/02\/Contos-de-Natal-2-300x200.jpg 300w, https:\/\/bojornal.pt\/wp-content\/uploads\/2024\/02\/Contos-de-Natal-2-150x100.jpg 150w, https:\/\/bojornal.pt\/wp-content\/uploads\/2024\/02\/Contos-de-Natal-2-768x512.jpg 768w, https:\/\/bojornal.pt\/wp-content\/uploads\/2024\/02\/Contos-de-Natal-2-1536x1024.jpg 1536w, https:\/\/bojornal.pt\/wp-content\/uploads\/2024\/02\/Contos-de-Natal-2.jpg 2048w\" sizes=\"auto, (max-width: 1024px) 100vw, 1024px\" \/><\/figure>\n\n\n\n<figure class=\"wp-block-image size-large is-style-default\"><img loading=\"lazy\" decoding=\"async\" width=\"1024\" height=\"683\" data-id=\"13275\" src=\"https:\/\/bojornal.pt\/wp-content\/uploads\/2024\/02\/Contos-de-Natal-3-1024x683.jpg\" alt=\"\" class=\"wp-image-13275\" srcset=\"https:\/\/bojornal.pt\/wp-content\/uploads\/2024\/02\/Contos-de-Natal-3-1024x683.jpg 1024w, https:\/\/bojornal.pt\/wp-content\/uploads\/2024\/02\/Contos-de-Natal-3-300x200.jpg 300w, https:\/\/bojornal.pt\/wp-content\/uploads\/2024\/02\/Contos-de-Natal-3-150x100.jpg 150w, https:\/\/bojornal.pt\/wp-content\/uploads\/2024\/02\/Contos-de-Natal-3-768x512.jpg 768w, https:\/\/bojornal.pt\/wp-content\/uploads\/2024\/02\/Contos-de-Natal-3-1536x1024.jpg 1536w, https:\/\/bojornal.pt\/wp-content\/uploads\/2024\/02\/Contos-de-Natal-3.jpg 2048w\" sizes=\"auto, (max-width: 1024px) 100vw, 1024px\" \/><\/figure>\n\n\n\n<figure class=\"wp-block-image size-large is-style-default\"><img loading=\"lazy\" decoding=\"async\" width=\"1024\" height=\"683\" data-id=\"13282\" src=\"https:\/\/bojornal.pt\/wp-content\/uploads\/2024\/02\/Ouvido-astuto-1024x683.jpg\" alt=\"\" class=\"wp-image-13282\" srcset=\"https:\/\/bojornal.pt\/wp-content\/uploads\/2024\/02\/Ouvido-astuto-1024x683.jpg 1024w, https:\/\/bojornal.pt\/wp-content\/uploads\/2024\/02\/Ouvido-astuto-300x200.jpg 300w, https:\/\/bojornal.pt\/wp-content\/uploads\/2024\/02\/Ouvido-astuto-150x100.jpg 150w, https:\/\/bojornal.pt\/wp-content\/uploads\/2024\/02\/Ouvido-astuto-768x512.jpg 768w, https:\/\/bojornal.pt\/wp-content\/uploads\/2024\/02\/Ouvido-astuto-1536x1024.jpg 1536w, https:\/\/bojornal.pt\/wp-content\/uploads\/2024\/02\/Ouvido-astuto.jpg 2048w\" sizes=\"auto, (max-width: 1024px) 100vw, 1024px\" \/><\/figure>\n<\/figure>\n\n\n\n<p>Os alunos do Agrupamento de Escolas Em\u00eddio Garcia estiveram em grande destaque na Sess\u00e3o Solene da Entrega de Pr\u00e9mios dos Concursos de Natal, promovida pela C\u00e2mara Municipal de Bragan\u00e7a. Os alunos do 7.\u00baA (A1) subiram ao palco, acompanhados pelo professor Jo\u00e3o Dias, para receberem o pr\u00e9mio coletivo do Concurso &#8220;Ouvido Astuto&#8221; enquanto que, na modalidade individual, os tr\u00eas pr\u00e9mios foram para as alunas Ana Luz Afonso (5.\u00baA) e para as irm\u00e3s In\u00eas e Maria Martinelle. Relativamente ao Concurso &#8220;Contos de Natal&#8221;, a sess\u00e3o do passado dia 22 de janeiro levou ao palco do Teatro Municipal, os alunos: Pedro Damasceno (5\u00baA), Diogo Batista (6\u00baC) e Ant\u00f3nio Fernandes Vaz (6\u00baC) com os<br \/>1\u00ba, 2\u00ba e 3\u00ba pr\u00e9mios respetivamente. Ainda mereceram uma men\u00e7\u00e3o honrosa as alunas Rita Pires (6\u00baC) e Eva Fernandes (5\u00baC). No primeiro ciclo, os alunos do Centro Escolar da S\u00e9: David Carvalho, Diogo Cadime, Eva Carvalho e Sara Oliveira venceram o 3.\u00bapr\u00e9mio, enquanto diversos alunos obtiveram uma men\u00e7\u00e3o honrosa: Marta Melo, Mia Afonso (C.E.S\u00e9) Rita Vale, Emilly Estrela (E. Beatas), Gon\u00e7alo Prada, Julieta Gradinaru, Salvador Gomes (Campo Redondo).<br \/>Por fim, no Concurso de Pres\u00e9pios, o trabalho apresentado pelo Centro Escolar da S\u00e9 mereceu tamb\u00e9m uma distin\u00e7\u00e3o: o 5.\u00ba Pr\u00e9mio, na categoria <em>inovador. <\/em><\/p>\n\n\n\n<p>A todos eles e aos professores que os orientaram os nossos parab\u00e9ns e um grande obrigado<br \/>pela alegria que nos ofereceram.<\/p>\n","protected":false},"excerpt":{"rendered":"<p>Alunos do AE Em\u00eddio Garcia venceram diversos pr\u00e9mios e men\u00e7\u00f5es em evento promovido pelo Munic\u00edpio de Bragan\u00e7a Os alunos do Agrupamento de Escolas Em\u00eddio Garcia estiveram em grande destaque na Sess\u00e3o Solene da Entrega&#46;&#46;&#46;<\/p>\n","protected":false},"author":2,"featured_media":13279,"comment_status":"closed","ping_status":"open","sticky":false,"template":"","format":"standard","meta":{"footnotes":""},"categories":[14,2,9,13,16],"tags":[],"class_list":["post-13273","post","type-post","status-publish","format-standard","has-post-thumbnail","hentry","category-1o-ciclo","category-atualidade","category-em-foco","category-escola-paulo-quintela","category-escola-secundaria-emidio-garcia"],"_links":{"self":[{"href":"https:\/\/bojornal.pt\/index.php?rest_route=\/wp\/v2\/posts\/13273","targetHints":{"allow":["GET"]}}],"collection":[{"href":"https:\/\/bojornal.pt\/index.php?rest_route=\/wp\/v2\/posts"}],"about":[{"href":"https:\/\/bojornal.pt\/index.php?rest_route=\/wp\/v2\/types\/post"}],"author":[{"embeddable":true,"href":"https:\/\/bojornal.pt\/index.php?rest_route=\/wp\/v2\/users\/2"}],"replies":[{"embeddable":true,"href":"https:\/\/bojornal.pt\/index.php?rest_route=%2Fwp%2Fv2%2Fcomments&post=13273"}],"version-history":[{"count":0,"href":"https:\/\/bojornal.pt\/index.php?rest_route=\/wp\/v2\/posts\/13273\/revisions"}],"wp:featuredmedia":[{"embeddable":true,"href":"https:\/\/bojornal.pt\/index.php?rest_route=\/wp\/v2\/media\/13279"}],"wp:attachment":[{"href":"https:\/\/bojornal.pt\/index.php?rest_route=%2Fwp%2Fv2%2Fmedia&parent=13273"}],"wp:term":[{"taxonomy":"category","embeddable":true,"href":"https:\/\/bojornal.pt\/index.php?rest_route=%2Fwp%2Fv2%2Fcategories&post=13273"},{"taxonomy":"post_tag","embeddable":true,"href":"https:\/\/bojornal.pt\/index.php?rest_route=%2Fwp%2Fv2%2Ftags&post=13273"}],"curies":[{"name":"wp","href":"https:\/\/api.w.org\/{rel}","templated":true}]}}