{"id":13262,"date":"2024-01-30T19:26:00","date_gmt":"2024-01-30T19:26:00","guid":{"rendered":"https:\/\/bojornal.pt\/?p=13262"},"modified":"2024-02-01T13:01:19","modified_gmt":"2024-02-01T13:01:19","slug":"i-encontro-de-ciencia-viva-na-escola","status":"publish","type":"post","link":"https:\/\/bojornal.pt\/?p=13262","title":{"rendered":"I Encontro de Ci\u00eancia Viva na Escola"},"content":{"rendered":"\n<p><em><strong>No passado dia 26 de janeiro, realizou-se o I <\/strong><\/em><strong><em>Encontro Regional de Clubes de Ci\u00eancia Viva na Escola<\/em><\/strong><\/p>\n\n\n\n<figure class=\"wp-block-gallery has-nested-images columns-default is-cropped wp-block-gallery-1 is-layout-flex wp-block-gallery-is-layout-flex\">\n<figure class=\"wp-block-image size-large is-style-default\"><img loading=\"lazy\" decoding=\"async\" width=\"1024\" height=\"683\" data-id=\"13267\" src=\"https:\/\/bojornal.pt\/wp-content\/uploads\/2024\/01\/Encontro-de-Ciencia-Viva-na-Escola-1-1024x683.jpg\" alt=\"\" class=\"wp-image-13267\" srcset=\"https:\/\/bojornal.pt\/wp-content\/uploads\/2024\/01\/Encontro-de-Ciencia-Viva-na-Escola-1-1024x683.jpg 1024w, https:\/\/bojornal.pt\/wp-content\/uploads\/2024\/01\/Encontro-de-Ciencia-Viva-na-Escola-1-300x200.jpg 300w, https:\/\/bojornal.pt\/wp-content\/uploads\/2024\/01\/Encontro-de-Ciencia-Viva-na-Escola-1-150x100.jpg 150w, https:\/\/bojornal.pt\/wp-content\/uploads\/2024\/01\/Encontro-de-Ciencia-Viva-na-Escola-1-768x512.jpg 768w, https:\/\/bojornal.pt\/wp-content\/uploads\/2024\/01\/Encontro-de-Ciencia-Viva-na-Escola-1-1536x1024.jpg 1536w, https:\/\/bojornal.pt\/wp-content\/uploads\/2024\/01\/Encontro-de-Ciencia-Viva-na-Escola-1.jpg 1728w\" sizes=\"auto, (max-width: 1024px) 100vw, 1024px\" \/><\/figure>\n\n\n\n<figure class=\"wp-block-image size-large is-style-default\"><img loading=\"lazy\" decoding=\"async\" width=\"1024\" height=\"768\" data-id=\"13268\" src=\"https:\/\/bojornal.pt\/wp-content\/uploads\/2024\/01\/Encontro-de-Ciencia-Viva-na-Escola-3-1024x768.jpg\" alt=\"\" class=\"wp-image-13268\" srcset=\"https:\/\/bojornal.pt\/wp-content\/uploads\/2024\/01\/Encontro-de-Ciencia-Viva-na-Escola-3-1024x768.jpg 1024w, https:\/\/bojornal.pt\/wp-content\/uploads\/2024\/01\/Encontro-de-Ciencia-Viva-na-Escola-3-300x225.jpg 300w, https:\/\/bojornal.pt\/wp-content\/uploads\/2024\/01\/Encontro-de-Ciencia-Viva-na-Escola-3-150x113.jpg 150w, https:\/\/bojornal.pt\/wp-content\/uploads\/2024\/01\/Encontro-de-Ciencia-Viva-na-Escola-3-768x576.jpg 768w, https:\/\/bojornal.pt\/wp-content\/uploads\/2024\/01\/Encontro-de-Ciencia-Viva-na-Escola-3-1536x1152.jpg 1536w, https:\/\/bojornal.pt\/wp-content\/uploads\/2024\/01\/Encontro-de-Ciencia-Viva-na-Escola-3.jpg 2048w\" sizes=\"auto, (max-width: 1024px) 100vw, 1024px\" \/><\/figure>\n\n\n\n<figure class=\"wp-block-image size-large is-style-default\"><img loading=\"lazy\" decoding=\"async\" width=\"1024\" height=\"1024\" data-id=\"13269\" src=\"https:\/\/bojornal.pt\/wp-content\/uploads\/2024\/01\/Encontro-de-Ciencia-Viva-na-Escola-4-1024x1024.jpg\" alt=\"\" class=\"wp-image-13269\" srcset=\"https:\/\/bojornal.pt\/wp-content\/uploads\/2024\/01\/Encontro-de-Ciencia-Viva-na-Escola-4-1024x1024.jpg 1024w, https:\/\/bojornal.pt\/wp-content\/uploads\/2024\/01\/Encontro-de-Ciencia-Viva-na-Escola-4-300x300.jpg 300w, https:\/\/bojornal.pt\/wp-content\/uploads\/2024\/01\/Encontro-de-Ciencia-Viva-na-Escola-4-150x150.jpg 150w, https:\/\/bojornal.pt\/wp-content\/uploads\/2024\/01\/Encontro-de-Ciencia-Viva-na-Escola-4-768x768.jpg 768w, https:\/\/bojornal.pt\/wp-content\/uploads\/2024\/01\/Encontro-de-Ciencia-Viva-na-Escola-4-80x80.jpg 80w, https:\/\/bojornal.pt\/wp-content\/uploads\/2024\/01\/Encontro-de-Ciencia-Viva-na-Escola-4-320x320.jpg 320w, https:\/\/bojornal.pt\/wp-content\/uploads\/2024\/01\/Encontro-de-Ciencia-Viva-na-Escola-4.jpg 1080w\" sizes=\"auto, (max-width: 1024px) 100vw, 1024px\" \/><\/figure>\n<\/figure>\n\n\n\n<p class=\"has-text-align-left\">O I Encontro Regional de Clubes de Ci\u00eancia Viva na Escola reuniu, em Bragan\u00e7a, no dia 26 de janeiro, 12 agrupamentos de escolas da CIM-TT. O programa desta iniciativa permitiu <br \/>a apresenta\u00e7\u00e3o dos Clubes, pelos respetivos representantes, possibilitando a divulga\u00e7\u00e3o dos mesmos e a partilha de ideias, pr\u00e1ticas e conhecimento. Realizaram-se ainda lugar a realiza\u00e7\u00e3o de <em>worshops<\/em> promovidos pelo CCVB.<br \/>Carlos Fernandes, Diretor do Agrupamento de Escolas Em\u00eddio Garcia, salientou a import\u00e2ncia destas din\u00e2micas, promotoras do desenvolvimento de compet\u00eancias fundamentais dos nossos alunos tais como o pensamento cr\u00edtico, resolu\u00e7\u00e3o de problemas,<br \/>comunica\u00e7\u00e3o eficaz e a colabora\u00e7\u00e3o, em linha com as metas do nosso Projeto<br \/>Educativo.<\/p>\n","protected":false},"excerpt":{"rendered":"<p>No passado dia 26 de janeiro, realizou-se o I Encontro Regional de Clubes de Ci\u00eancia Viva na Escola O I Encontro Regional de Clubes de Ci\u00eancia Viva na Escola reuniu, em Bragan\u00e7a, no dia&#46;&#46;&#46;<\/p>\n","protected":false},"author":2,"featured_media":13267,"comment_status":"closed","ping_status":"open","sticky":false,"template":"","format":"standard","meta":{"footnotes":""},"categories":[9,16],"tags":[],"class_list":["post-13262","post","type-post","status-publish","format-standard","has-post-thumbnail","hentry","category-em-foco","category-escola-secundaria-emidio-garcia"],"_links":{"self":[{"href":"https:\/\/bojornal.pt\/index.php?rest_route=\/wp\/v2\/posts\/13262","targetHints":{"allow":["GET"]}}],"collection":[{"href":"https:\/\/bojornal.pt\/index.php?rest_route=\/wp\/v2\/posts"}],"about":[{"href":"https:\/\/bojornal.pt\/index.php?rest_route=\/wp\/v2\/types\/post"}],"author":[{"embeddable":true,"href":"https:\/\/bojornal.pt\/index.php?rest_route=\/wp\/v2\/users\/2"}],"replies":[{"embeddable":true,"href":"https:\/\/bojornal.pt\/index.php?rest_route=%2Fwp%2Fv2%2Fcomments&post=13262"}],"version-history":[{"count":0,"href":"https:\/\/bojornal.pt\/index.php?rest_route=\/wp\/v2\/posts\/13262\/revisions"}],"wp:featuredmedia":[{"embeddable":true,"href":"https:\/\/bojornal.pt\/index.php?rest_route=\/wp\/v2\/media\/13267"}],"wp:attachment":[{"href":"https:\/\/bojornal.pt\/index.php?rest_route=%2Fwp%2Fv2%2Fmedia&parent=13262"}],"wp:term":[{"taxonomy":"category","embeddable":true,"href":"https:\/\/bojornal.pt\/index.php?rest_route=%2Fwp%2Fv2%2Fcategories&post=13262"},{"taxonomy":"post_tag","embeddable":true,"href":"https:\/\/bojornal.pt\/index.php?rest_route=%2Fwp%2Fv2%2Ftags&post=13262"}],"curies":[{"name":"wp","href":"https:\/\/api.w.org\/{rel}","templated":true}]}}