{"id":13243,"date":"2024-01-23T23:46:00","date_gmt":"2024-01-23T23:46:00","guid":{"rendered":"https:\/\/bojornal.pt\/?p=13243"},"modified":"2024-01-29T23:57:37","modified_gmt":"2024-01-29T23:57:37","slug":"sessao-escolar-do-parlamento-dos-jovens","status":"publish","type":"post","link":"https:\/\/bojornal.pt\/?p=13243","title":{"rendered":"Sess\u00e3o Escolar do Parlamento dos Jovens"},"content":{"rendered":"\n<p><strong><em>Alunos debateram, votaram e trabalharam no Projeto de Recomenda\u00e7\u00e3o e nas medidas a propor na Sess\u00e3o Distrital<\/em><\/strong><\/p>\n\n\n\n<figure class=\"wp-block-gallery has-nested-images columns-default is-cropped wp-block-gallery-1 is-layout-flex wp-block-gallery-is-layout-flex\">\n<figure class=\"wp-block-image size-large is-style-default\"><img loading=\"lazy\" decoding=\"async\" width=\"1024\" height=\"461\" data-id=\"13246\" src=\"https:\/\/bojornal.pt\/wp-content\/uploads\/2024\/01\/ParlmJovens_Sessao-Escolar-1024x461.jpg\" alt=\"\" class=\"wp-image-13246\" srcset=\"https:\/\/bojornal.pt\/wp-content\/uploads\/2024\/01\/ParlmJovens_Sessao-Escolar-1024x461.jpg 1024w, https:\/\/bojornal.pt\/wp-content\/uploads\/2024\/01\/ParlmJovens_Sessao-Escolar-300x135.jpg 300w, https:\/\/bojornal.pt\/wp-content\/uploads\/2024\/01\/ParlmJovens_Sessao-Escolar-150x67.jpg 150w, https:\/\/bojornal.pt\/wp-content\/uploads\/2024\/01\/ParlmJovens_Sessao-Escolar-768x345.jpg 768w, https:\/\/bojornal.pt\/wp-content\/uploads\/2024\/01\/ParlmJovens_Sessao-Escolar-1536x691.jpg 1536w, https:\/\/bojornal.pt\/wp-content\/uploads\/2024\/01\/ParlmJovens_Sessao-Escolar.jpg 2048w\" sizes=\"auto, (max-width: 1024px) 100vw, 1024px\" \/><\/figure>\n\n\n\n<figure class=\"wp-block-image size-large is-style-default\"><img loading=\"lazy\" decoding=\"async\" width=\"1024\" height=\"768\" data-id=\"13245\" src=\"https:\/\/bojornal.pt\/wp-content\/uploads\/2024\/01\/ParlmJovens_Sessao-Escolar1-1024x768.jpg\" alt=\"\" class=\"wp-image-13245\" srcset=\"https:\/\/bojornal.pt\/wp-content\/uploads\/2024\/01\/ParlmJovens_Sessao-Escolar1-1024x768.jpg 1024w, https:\/\/bojornal.pt\/wp-content\/uploads\/2024\/01\/ParlmJovens_Sessao-Escolar1-300x225.jpg 300w, https:\/\/bojornal.pt\/wp-content\/uploads\/2024\/01\/ParlmJovens_Sessao-Escolar1-150x113.jpg 150w, https:\/\/bojornal.pt\/wp-content\/uploads\/2024\/01\/ParlmJovens_Sessao-Escolar1-768x576.jpg 768w, https:\/\/bojornal.pt\/wp-content\/uploads\/2024\/01\/ParlmJovens_Sessao-Escolar1-1536x1152.jpg 1536w, https:\/\/bojornal.pt\/wp-content\/uploads\/2024\/01\/ParlmJovens_Sessao-Escolar1.jpg 2040w\" sizes=\"auto, (max-width: 1024px) 100vw, 1024px\" \/><\/figure>\n\n\n\n<figure class=\"wp-block-image size-large is-style-default\"><img loading=\"lazy\" decoding=\"async\" width=\"1024\" height=\"768\" data-id=\"13254\" src=\"https:\/\/bojornal.pt\/wp-content\/uploads\/2024\/01\/ParlmJovens_Sessao-Escolar2-1024x768.jpg\" alt=\"\" class=\"wp-image-13254\" srcset=\"https:\/\/bojornal.pt\/wp-content\/uploads\/2024\/01\/ParlmJovens_Sessao-Escolar2-1024x768.jpg 1024w, https:\/\/bojornal.pt\/wp-content\/uploads\/2024\/01\/ParlmJovens_Sessao-Escolar2-300x225.jpg 300w, https:\/\/bojornal.pt\/wp-content\/uploads\/2024\/01\/ParlmJovens_Sessao-Escolar2-150x113.jpg 150w, https:\/\/bojornal.pt\/wp-content\/uploads\/2024\/01\/ParlmJovens_Sessao-Escolar2-768x576.jpg 768w, https:\/\/bojornal.pt\/wp-content\/uploads\/2024\/01\/ParlmJovens_Sessao-Escolar2-1536x1152.jpg 1536w, https:\/\/bojornal.pt\/wp-content\/uploads\/2024\/01\/ParlmJovens_Sessao-Escolar2.jpg 2040w\" sizes=\"auto, (max-width: 1024px) 100vw, 1024px\" \/><\/figure>\n\n\n\n<figure class=\"wp-block-image size-large is-style-default\"><img loading=\"lazy\" decoding=\"async\" width=\"1024\" height=\"768\" data-id=\"13249\" src=\"https:\/\/bojornal.pt\/wp-content\/uploads\/2024\/01\/ParlmJovens_Sessao-Escolar3-1024x768.jpg\" alt=\"\" class=\"wp-image-13249\" srcset=\"https:\/\/bojornal.pt\/wp-content\/uploads\/2024\/01\/ParlmJovens_Sessao-Escolar3-1024x768.jpg 1024w, https:\/\/bojornal.pt\/wp-content\/uploads\/2024\/01\/ParlmJovens_Sessao-Escolar3-300x225.jpg 300w, https:\/\/bojornal.pt\/wp-content\/uploads\/2024\/01\/ParlmJovens_Sessao-Escolar3-150x113.jpg 150w, https:\/\/bojornal.pt\/wp-content\/uploads\/2024\/01\/ParlmJovens_Sessao-Escolar3-768x576.jpg 768w, https:\/\/bojornal.pt\/wp-content\/uploads\/2024\/01\/ParlmJovens_Sessao-Escolar3-1536x1152.jpg 1536w, https:\/\/bojornal.pt\/wp-content\/uploads\/2024\/01\/ParlmJovens_Sessao-Escolar3.jpg 2040w\" sizes=\"auto, (max-width: 1024px) 100vw, 1024px\" \/><\/figure>\n\n\n\n<figure class=\"wp-block-image size-large is-style-default\"><img loading=\"lazy\" decoding=\"async\" width=\"1024\" height=\"768\" data-id=\"13247\" src=\"https:\/\/bojornal.pt\/wp-content\/uploads\/2024\/01\/ParlmJovens_Sessao-Escolar4-1024x768.jpg\" alt=\"\" class=\"wp-image-13247\" srcset=\"https:\/\/bojornal.pt\/wp-content\/uploads\/2024\/01\/ParlmJovens_Sessao-Escolar4-1024x768.jpg 1024w, https:\/\/bojornal.pt\/wp-content\/uploads\/2024\/01\/ParlmJovens_Sessao-Escolar4-300x225.jpg 300w, https:\/\/bojornal.pt\/wp-content\/uploads\/2024\/01\/ParlmJovens_Sessao-Escolar4-150x113.jpg 150w, https:\/\/bojornal.pt\/wp-content\/uploads\/2024\/01\/ParlmJovens_Sessao-Escolar4-768x576.jpg 768w, https:\/\/bojornal.pt\/wp-content\/uploads\/2024\/01\/ParlmJovens_Sessao-Escolar4-1536x1152.jpg 1536w, https:\/\/bojornal.pt\/wp-content\/uploads\/2024\/01\/ParlmJovens_Sessao-Escolar4.jpg 2040w\" sizes=\"auto, (max-width: 1024px) 100vw, 1024px\" \/><\/figure>\n\n\n\n<figure class=\"wp-block-image size-large is-style-default\"><img loading=\"lazy\" decoding=\"async\" width=\"1024\" height=\"768\" data-id=\"13244\" src=\"https:\/\/bojornal.pt\/wp-content\/uploads\/2024\/01\/ParlmJovens_Sessao-Escolar5-1024x768.jpg\" alt=\"\" class=\"wp-image-13244\" srcset=\"https:\/\/bojornal.pt\/wp-content\/uploads\/2024\/01\/ParlmJovens_Sessao-Escolar5-1024x768.jpg 1024w, https:\/\/bojornal.pt\/wp-content\/uploads\/2024\/01\/ParlmJovens_Sessao-Escolar5-300x225.jpg 300w, https:\/\/bojornal.pt\/wp-content\/uploads\/2024\/01\/ParlmJovens_Sessao-Escolar5-150x113.jpg 150w, https:\/\/bojornal.pt\/wp-content\/uploads\/2024\/01\/ParlmJovens_Sessao-Escolar5-768x576.jpg 768w, https:\/\/bojornal.pt\/wp-content\/uploads\/2024\/01\/ParlmJovens_Sessao-Escolar5-1536x1152.jpg 1536w, https:\/\/bojornal.pt\/wp-content\/uploads\/2024\/01\/ParlmJovens_Sessao-Escolar5.jpg 2040w\" sizes=\"auto, (max-width: 1024px) 100vw, 1024px\" \/><\/figure>\n\n\n\n<figure class=\"wp-block-image size-large is-style-default\"><img loading=\"lazy\" decoding=\"async\" width=\"1024\" height=\"768\" data-id=\"13253\" src=\"https:\/\/bojornal.pt\/wp-content\/uploads\/2024\/01\/ParlmJovens_Sessao-Escolar6-1024x768.jpg\" alt=\"\" class=\"wp-image-13253\" srcset=\"https:\/\/bojornal.pt\/wp-content\/uploads\/2024\/01\/ParlmJovens_Sessao-Escolar6-1024x768.jpg 1024w, https:\/\/bojornal.pt\/wp-content\/uploads\/2024\/01\/ParlmJovens_Sessao-Escolar6-300x225.jpg 300w, https:\/\/bojornal.pt\/wp-content\/uploads\/2024\/01\/ParlmJovens_Sessao-Escolar6-150x113.jpg 150w, https:\/\/bojornal.pt\/wp-content\/uploads\/2024\/01\/ParlmJovens_Sessao-Escolar6-768x576.jpg 768w, https:\/\/bojornal.pt\/wp-content\/uploads\/2024\/01\/ParlmJovens_Sessao-Escolar6-1536x1152.jpg 1536w, https:\/\/bojornal.pt\/wp-content\/uploads\/2024\/01\/ParlmJovens_Sessao-Escolar6.jpg 2040w\" sizes=\"auto, (max-width: 1024px) 100vw, 1024px\" \/><\/figure>\n\n\n\n<figure class=\"wp-block-image size-large is-style-default\"><img loading=\"lazy\" decoding=\"async\" width=\"1024\" height=\"768\" data-id=\"13251\" src=\"https:\/\/bojornal.pt\/wp-content\/uploads\/2024\/01\/ParlmJovens_Sessao-Escolar7-1024x768.jpg\" alt=\"\" class=\"wp-image-13251\" srcset=\"https:\/\/bojornal.pt\/wp-content\/uploads\/2024\/01\/ParlmJovens_Sessao-Escolar7-1024x768.jpg 1024w, https:\/\/bojornal.pt\/wp-content\/uploads\/2024\/01\/ParlmJovens_Sessao-Escolar7-300x225.jpg 300w, https:\/\/bojornal.pt\/wp-content\/uploads\/2024\/01\/ParlmJovens_Sessao-Escolar7-150x113.jpg 150w, https:\/\/bojornal.pt\/wp-content\/uploads\/2024\/01\/ParlmJovens_Sessao-Escolar7-768x576.jpg 768w, https:\/\/bojornal.pt\/wp-content\/uploads\/2024\/01\/ParlmJovens_Sessao-Escolar7-1536x1152.jpg 1536w, https:\/\/bojornal.pt\/wp-content\/uploads\/2024\/01\/ParlmJovens_Sessao-Escolar7.jpg 2040w\" sizes=\"auto, (max-width: 1024px) 100vw, 1024px\" \/><\/figure>\n\n\n\n<figure class=\"wp-block-image size-large is-style-default\"><img loading=\"lazy\" decoding=\"async\" width=\"1024\" height=\"768\" data-id=\"13252\" src=\"https:\/\/bojornal.pt\/wp-content\/uploads\/2024\/01\/ParlmJovens_Sessao-Escolar8-1024x768.jpg\" alt=\"\" class=\"wp-image-13252\" srcset=\"https:\/\/bojornal.pt\/wp-content\/uploads\/2024\/01\/ParlmJovens_Sessao-Escolar8-1024x768.jpg 1024w, https:\/\/bojornal.pt\/wp-content\/uploads\/2024\/01\/ParlmJovens_Sessao-Escolar8-300x225.jpg 300w, https:\/\/bojornal.pt\/wp-content\/uploads\/2024\/01\/ParlmJovens_Sessao-Escolar8-150x113.jpg 150w, https:\/\/bojornal.pt\/wp-content\/uploads\/2024\/01\/ParlmJovens_Sessao-Escolar8-768x576.jpg 768w, https:\/\/bojornal.pt\/wp-content\/uploads\/2024\/01\/ParlmJovens_Sessao-Escolar8-1536x1152.jpg 1536w, https:\/\/bojornal.pt\/wp-content\/uploads\/2024\/01\/ParlmJovens_Sessao-Escolar8.jpg 2040w\" sizes=\"auto, (max-width: 1024px) 100vw, 1024px\" \/><\/figure>\n\n\n\n<figure class=\"wp-block-image size-large is-style-default\"><img loading=\"lazy\" decoding=\"async\" width=\"1024\" height=\"768\" data-id=\"13248\" src=\"https:\/\/bojornal.pt\/wp-content\/uploads\/2024\/01\/ParlmJovens_Sessao-Escolar9-1024x768.jpg\" alt=\"\" class=\"wp-image-13248\" srcset=\"https:\/\/bojornal.pt\/wp-content\/uploads\/2024\/01\/ParlmJovens_Sessao-Escolar9-1024x768.jpg 1024w, https:\/\/bojornal.pt\/wp-content\/uploads\/2024\/01\/ParlmJovens_Sessao-Escolar9-300x225.jpg 300w, https:\/\/bojornal.pt\/wp-content\/uploads\/2024\/01\/ParlmJovens_Sessao-Escolar9-150x113.jpg 150w, https:\/\/bojornal.pt\/wp-content\/uploads\/2024\/01\/ParlmJovens_Sessao-Escolar9-768x576.jpg 768w, https:\/\/bojornal.pt\/wp-content\/uploads\/2024\/01\/ParlmJovens_Sessao-Escolar9-1536x1152.jpg 1536w, https:\/\/bojornal.pt\/wp-content\/uploads\/2024\/01\/ParlmJovens_Sessao-Escolar9.jpg 2040w\" sizes=\"auto, (max-width: 1024px) 100vw, 1024px\" \/><\/figure>\n\n\n\n<figure class=\"wp-block-image size-large is-style-default\"><img loading=\"lazy\" decoding=\"async\" width=\"1024\" height=\"768\" data-id=\"13250\" src=\"https:\/\/bojornal.pt\/wp-content\/uploads\/2024\/01\/ParlmJovens_Sessao-Escolar10-1024x768.jpg\" alt=\"\" class=\"wp-image-13250\" srcset=\"https:\/\/bojornal.pt\/wp-content\/uploads\/2024\/01\/ParlmJovens_Sessao-Escolar10-1024x768.jpg 1024w, https:\/\/bojornal.pt\/wp-content\/uploads\/2024\/01\/ParlmJovens_Sessao-Escolar10-300x225.jpg 300w, https:\/\/bojornal.pt\/wp-content\/uploads\/2024\/01\/ParlmJovens_Sessao-Escolar10-150x113.jpg 150w, https:\/\/bojornal.pt\/wp-content\/uploads\/2024\/01\/ParlmJovens_Sessao-Escolar10-768x576.jpg 768w, https:\/\/bojornal.pt\/wp-content\/uploads\/2024\/01\/ParlmJovens_Sessao-Escolar10-1536x1152.jpg 1536w, https:\/\/bojornal.pt\/wp-content\/uploads\/2024\/01\/ParlmJovens_Sessao-Escolar10.jpg 1600w\" sizes=\"auto, (max-width: 1024px) 100vw, 1024px\" \/><\/figure>\n<\/figure>\n\n\n\n<p>Os 15 deputados, representantes das duas listas que se defrontaram nas elei\u00e7\u00f5es do dia 19 de janeiro, encontraram-se na Sess\u00e3o Escolar para debaterem o tema: \u201cCaminhos para uma escola plural e participativa\u201d. O audit\u00f3rio do Liceu foi pequeno para acolher as turmas que assistiram ao debate, num momento de entusiasmo, eleva\u00e7\u00e3o, respeito e seriedade no debate.  Do trabalho destes alunos, saiu o Projeto de Recomenda\u00e7\u00e3o e as Medidas que ser\u00e3o defendidas pelos deputados eleitos, na Sess\u00e3o Distrital, agendada para dia 27 de fevereiro de 2024. <\/p>\n\n\n\n<p>A aluna Maria Jo\u00e3o Martins foi a escolhida para liderar os trabalhos na Mesa da Sess\u00e3o Escolar e, por isso, ser\u00e1 a candidata do agrupamento \u00e0 mesa da Sess\u00e3o Distrital. <\/p>\n\n\n\n<p>Parab\u00e9ns a todos aqueles que colaboraram nesta atividade, importante para o desenvolvimento da participa\u00e7\u00e3o democr\u00e1tica e c\u00edvica dos jovens.<\/p>\n\n\n\n<p>Boa sorte para a Sess\u00e3o Distrital.<\/p>\n\n\n\n<p><strong>Deputados Eleitos:<\/strong><\/p>\n\n\n\n<p>Sara Moreno<\/p>\n\n\n\n<p>Carolina Pires<\/p>\n\n\n\n<p>Patr\u00edcia Pereira<\/p>\n\n\n\n<p>Mariana Br\u00e1s<\/p>\n\n\n\n<p>Catarina Miranda<\/p>\n\n\n\n<p>Candidata \u00e0 Mesa Distrital:<\/p>\n\n\n\n<p>Maria Jo\u00e3o Martins<\/p>\n","protected":false},"excerpt":{"rendered":"<p>Alunos debateram, votaram e trabalharam no Projeto de Recomenda\u00e7\u00e3o e nas medidas a propor na Sess\u00e3o Distrital Os 15 deputados, representantes das duas listas que se defrontaram nas elei\u00e7\u00f5es do dia 19 de janeiro,&#46;&#46;&#46;<\/p>\n","protected":false},"author":2,"featured_media":13251,"comment_status":"closed","ping_status":"open","sticky":false,"template":"","format":"standard","meta":{"footnotes":""},"categories":[2,3,9,16],"tags":[],"class_list":["post-13243","post","type-post","status-publish","format-standard","has-post-thumbnail","hentry","category-atualidade","category-cultura","category-em-foco","category-escola-secundaria-emidio-garcia"],"_links":{"self":[{"href":"https:\/\/bojornal.pt\/index.php?rest_route=\/wp\/v2\/posts\/13243","targetHints":{"allow":["GET"]}}],"collection":[{"href":"https:\/\/bojornal.pt\/index.php?rest_route=\/wp\/v2\/posts"}],"about":[{"href":"https:\/\/bojornal.pt\/index.php?rest_route=\/wp\/v2\/types\/post"}],"author":[{"embeddable":true,"href":"https:\/\/bojornal.pt\/index.php?rest_route=\/wp\/v2\/users\/2"}],"replies":[{"embeddable":true,"href":"https:\/\/bojornal.pt\/index.php?rest_route=%2Fwp%2Fv2%2Fcomments&post=13243"}],"version-history":[{"count":0,"href":"https:\/\/bojornal.pt\/index.php?rest_route=\/wp\/v2\/posts\/13243\/revisions"}],"wp:featuredmedia":[{"embeddable":true,"href":"https:\/\/bojornal.pt\/index.php?rest_route=\/wp\/v2\/media\/13251"}],"wp:attachment":[{"href":"https:\/\/bojornal.pt\/index.php?rest_route=%2Fwp%2Fv2%2Fmedia&parent=13243"}],"wp:term":[{"taxonomy":"category","embeddable":true,"href":"https:\/\/bojornal.pt\/index.php?rest_route=%2Fwp%2Fv2%2Fcategories&post=13243"},{"taxonomy":"post_tag","embeddable":true,"href":"https:\/\/bojornal.pt\/index.php?rest_route=%2Fwp%2Fv2%2Ftags&post=13243"}],"curies":[{"name":"wp","href":"https:\/\/api.w.org\/{rel}","templated":true}]}}