{"id":13232,"date":"2024-01-19T19:56:41","date_gmt":"2024-01-19T19:56:41","guid":{"rendered":"https:\/\/bojornal.pt\/?p=13232"},"modified":"2024-01-19T20:15:07","modified_gmt":"2024-01-19T20:15:07","slug":"parlamento-dos-jovens-3","status":"publish","type":"post","link":"https:\/\/bojornal.pt\/?p=13232","title":{"rendered":"Parlamento dos Jovens"},"content":{"rendered":"\n<p><strong>J\u00e1 s\u00e3o conhecidos os deputados eleitos para a Sess\u00e3o Escolar do Ensino Secund\u00e1rio<\/strong><\/p>\n\n\n\n<figure class=\"wp-block-image size-full is-style-default\"><img loading=\"lazy\" decoding=\"async\" width=\"1024\" height=\"768\" src=\"https:\/\/bojornal.pt\/wp-content\/uploads\/2024\/01\/Parlamento-dos-Jovens_Eleicoes.jpg\" alt=\"\" class=\"wp-image-13233\" srcset=\"https:\/\/bojornal.pt\/wp-content\/uploads\/2024\/01\/Parlamento-dos-Jovens_Eleicoes.jpg 1024w, https:\/\/bojornal.pt\/wp-content\/uploads\/2024\/01\/Parlamento-dos-Jovens_Eleicoes-300x225.jpg 300w, https:\/\/bojornal.pt\/wp-content\/uploads\/2024\/01\/Parlamento-dos-Jovens_Eleicoes-150x113.jpg 150w, https:\/\/bojornal.pt\/wp-content\/uploads\/2024\/01\/Parlamento-dos-Jovens_Eleicoes-768x576.jpg 768w\" sizes=\"auto, (max-width: 1024px) 100vw, 1024px\" \/><\/figure>\n\n\n\n<figure class=\"wp-block-image size-full is-style-default\"><img loading=\"lazy\" decoding=\"async\" width=\"940\" height=\"788\" src=\"https:\/\/bojornal.pt\/wp-content\/uploads\/2024\/01\/Resultados-a.e.-emidio-garcia.png\" alt=\"\" class=\"wp-image-13235\" srcset=\"https:\/\/bojornal.pt\/wp-content\/uploads\/2024\/01\/Resultados-a.e.-emidio-garcia.png 940w, https:\/\/bojornal.pt\/wp-content\/uploads\/2024\/01\/Resultados-a.e.-emidio-garcia-300x251.png 300w, https:\/\/bojornal.pt\/wp-content\/uploads\/2024\/01\/Resultados-a.e.-emidio-garcia-150x126.png 150w, https:\/\/bojornal.pt\/wp-content\/uploads\/2024\/01\/Resultados-a.e.-emidio-garcia-768x644.png 768w\" sizes=\"auto, (max-width: 940px) 100vw, 940px\" \/><\/figure>\n\n\n\n<p>Foram eleitos os quinze deputados que ir\u00e3o participar, na pr\u00f3xima segunda-feira (22 de janeiro), na Sess\u00e3o Escolar do Parlamento dos Jovens &#8211; Ensino Secund\u00e1rio. Nas elei\u00e7\u00f5es que decorreram hoje, a Lista A, encabe\u00e7ada por Sara Moreno, obteve 166 votos e a Lista C, liderada por Patr\u00edcia Pereira, conseguiu 105 votos, num total de 281 votantes, em 543 eleitores inscritos (alunos do Ensino Secund\u00e1rio). Desta forma, a Lista A elegeu 9 deputados face aos 6 eleitos pela Lista C que ir\u00e3o debater as ideias e eleger os representantes do agrupamento na Sess\u00e3o Distrital. <\/p>\n\n\n\n<p>Os alunos do Liceu est\u00e3o mais uma vez de parab\u00e9ns pela ades\u00e3o a esta iniciativa que visa formar os jovens para uma participa\u00e7\u00e3o democr\u00e1tica e c\u00edvica. <\/p>\n\n\n\n<p><strong>Deputados eleitos<\/strong><\/p>\n\n\n\n<p>Sara Moreno<\/p>\n\n\n\n<p>Patr\u00edcia Pereira<\/p>\n\n\n\n<p>Carolina Pires<\/p>\n\n\n\n<p>Mariana Br\u00e1s<\/p>\n\n\n\n<p>Catarina Miranda<\/p>\n\n\n\n<p>Lara Afonso<\/p>\n\n\n\n<p>Francisca Loureiro<\/p>\n\n\n\n<p>Maria Martins<\/p>\n\n\n\n<p>Catarina Martins<\/p>\n\n\n\n<p>Carolina Martins<\/p>\n\n\n\n<p>Rodrigo S\u00e1<\/p>\n\n\n\n<p>Catarina Alfaia<\/p>\n\n\n\n<p>Leonor Garcia<\/p>\n\n\n\n<p>Raquel Nunes<\/p>\n\n\n\n<p>Eva Pires<\/p>\n","protected":false},"excerpt":{"rendered":"<p>J\u00e1 s\u00e3o conhecidos os deputados eleitos para a Sess\u00e3o Escolar do Ensino Secund\u00e1rio Foram eleitos os quinze deputados que ir\u00e3o participar, na pr\u00f3xima segunda-feira (22 de janeiro), na Sess\u00e3o Escolar do Parlamento dos Jovens&#46;&#46;&#46;<\/p>\n","protected":false},"author":2,"featured_media":13233,"comment_status":"closed","ping_status":"open","sticky":false,"template":"","format":"standard","meta":{"footnotes":""},"categories":[2,9,16],"tags":[],"class_list":["post-13232","post","type-post","status-publish","format-standard","has-post-thumbnail","hentry","category-atualidade","category-em-foco","category-escola-secundaria-emidio-garcia"],"_links":{"self":[{"href":"https:\/\/bojornal.pt\/index.php?rest_route=\/wp\/v2\/posts\/13232","targetHints":{"allow":["GET"]}}],"collection":[{"href":"https:\/\/bojornal.pt\/index.php?rest_route=\/wp\/v2\/posts"}],"about":[{"href":"https:\/\/bojornal.pt\/index.php?rest_route=\/wp\/v2\/types\/post"}],"author":[{"embeddable":true,"href":"https:\/\/bojornal.pt\/index.php?rest_route=\/wp\/v2\/users\/2"}],"replies":[{"embeddable":true,"href":"https:\/\/bojornal.pt\/index.php?rest_route=%2Fwp%2Fv2%2Fcomments&post=13232"}],"version-history":[{"count":0,"href":"https:\/\/bojornal.pt\/index.php?rest_route=\/wp\/v2\/posts\/13232\/revisions"}],"wp:featuredmedia":[{"embeddable":true,"href":"https:\/\/bojornal.pt\/index.php?rest_route=\/wp\/v2\/media\/13233"}],"wp:attachment":[{"href":"https:\/\/bojornal.pt\/index.php?rest_route=%2Fwp%2Fv2%2Fmedia&parent=13232"}],"wp:term":[{"taxonomy":"category","embeddable":true,"href":"https:\/\/bojornal.pt\/index.php?rest_route=%2Fwp%2Fv2%2Fcategories&post=13232"},{"taxonomy":"post_tag","embeddable":true,"href":"https:\/\/bojornal.pt\/index.php?rest_route=%2Fwp%2Fv2%2Ftags&post=13232"}],"curies":[{"name":"wp","href":"https:\/\/api.w.org\/{rel}","templated":true}]}}