{"id":13222,"date":"2024-01-19T19:34:00","date_gmt":"2024-01-19T19:34:00","guid":{"rendered":"https:\/\/bojornal.pt\/?p=13222"},"modified":"2024-01-19T19:34:03","modified_gmt":"2024-01-19T19:34:03","slug":"escola-do-campo-redondo-e-ji-de-s-tiago-recebem-bispo-diocesano","status":"publish","type":"post","link":"https:\/\/bojornal.pt\/?p=13222","title":{"rendered":"Escola do Campo Redondo e JI de S. Tiago recebem Bispo Diocesano"},"content":{"rendered":"\n<p><strong>D. Nuno Almeida, Bispo de Bragan\u00e7a, visitou os alunos das duas escolas do AE Em\u00eddio Garcia, por ocasi\u00e3o da Visita Pastoral<\/strong><\/p>\n\n\n\n<figure class=\"wp-block-gallery has-nested-images columns-default is-cropped wp-block-gallery-1 is-layout-flex wp-block-gallery-is-layout-flex\">\n<figure class=\"wp-block-image size-large is-style-default\"><img loading=\"lazy\" decoding=\"async\" width=\"1024\" height=\"768\" data-id=\"13225\" src=\"https:\/\/bojornal.pt\/wp-content\/uploads\/2024\/01\/Bispo-em-Campo-Redondo-1.jpeg\" alt=\"\" class=\"wp-image-13225\" srcset=\"https:\/\/bojornal.pt\/wp-content\/uploads\/2024\/01\/Bispo-em-Campo-Redondo-1.jpeg 1024w, https:\/\/bojornal.pt\/wp-content\/uploads\/2024\/01\/Bispo-em-Campo-Redondo-1-300x225.jpeg 300w, https:\/\/bojornal.pt\/wp-content\/uploads\/2024\/01\/Bispo-em-Campo-Redondo-1-150x113.jpeg 150w, https:\/\/bojornal.pt\/wp-content\/uploads\/2024\/01\/Bispo-em-Campo-Redondo-1-768x576.jpeg 768w\" sizes=\"auto, (max-width: 1024px) 100vw, 1024px\" \/><\/figure>\n\n\n\n<figure class=\"wp-block-image size-large is-style-default\"><img loading=\"lazy\" decoding=\"async\" width=\"1024\" height=\"768\" data-id=\"13223\" src=\"https:\/\/bojornal.pt\/wp-content\/uploads\/2024\/01\/Bispo-em-Campo-Redondo-2.jpeg\" alt=\"\" class=\"wp-image-13223\" srcset=\"https:\/\/bojornal.pt\/wp-content\/uploads\/2024\/01\/Bispo-em-Campo-Redondo-2.jpeg 1024w, https:\/\/bojornal.pt\/wp-content\/uploads\/2024\/01\/Bispo-em-Campo-Redondo-2-300x225.jpeg 300w, https:\/\/bojornal.pt\/wp-content\/uploads\/2024\/01\/Bispo-em-Campo-Redondo-2-150x113.jpeg 150w, https:\/\/bojornal.pt\/wp-content\/uploads\/2024\/01\/Bispo-em-Campo-Redondo-2-768x576.jpeg 768w\" sizes=\"auto, (max-width: 1024px) 100vw, 1024px\" \/><\/figure>\n\n\n\n<figure class=\"wp-block-image size-large is-style-default\"><img loading=\"lazy\" decoding=\"async\" width=\"1024\" height=\"602\" data-id=\"13224\" src=\"https:\/\/bojornal.pt\/wp-content\/uploads\/2024\/01\/Bispo-em-Sao-Tiago-1-1024x602.jpg\" alt=\"\" class=\"wp-image-13224\" srcset=\"https:\/\/bojornal.pt\/wp-content\/uploads\/2024\/01\/Bispo-em-Sao-Tiago-1-1024x602.jpg 1024w, https:\/\/bojornal.pt\/wp-content\/uploads\/2024\/01\/Bispo-em-Sao-Tiago-1-300x176.jpg 300w, https:\/\/bojornal.pt\/wp-content\/uploads\/2024\/01\/Bispo-em-Sao-Tiago-1-150x88.jpg 150w, https:\/\/bojornal.pt\/wp-content\/uploads\/2024\/01\/Bispo-em-Sao-Tiago-1-768x451.jpg 768w, https:\/\/bojornal.pt\/wp-content\/uploads\/2024\/01\/Bispo-em-Sao-Tiago-1-1536x902.jpg 1536w, https:\/\/bojornal.pt\/wp-content\/uploads\/2024\/01\/Bispo-em-Sao-Tiago-1.jpg 2048w\" sizes=\"auto, (max-width: 1024px) 100vw, 1024px\" \/><\/figure>\n\n\n\n<figure class=\"wp-block-image size-large is-style-default\"><img loading=\"lazy\" decoding=\"async\" width=\"1024\" height=\"683\" data-id=\"13226\" src=\"https:\/\/bojornal.pt\/wp-content\/uploads\/2024\/01\/Bispo-em-Sao-Tiago-2-1024x683.jpg\" alt=\"\" class=\"wp-image-13226\" srcset=\"https:\/\/bojornal.pt\/wp-content\/uploads\/2024\/01\/Bispo-em-Sao-Tiago-2-1024x683.jpg 1024w, https:\/\/bojornal.pt\/wp-content\/uploads\/2024\/01\/Bispo-em-Sao-Tiago-2-300x200.jpg 300w, https:\/\/bojornal.pt\/wp-content\/uploads\/2024\/01\/Bispo-em-Sao-Tiago-2-150x100.jpg 150w, https:\/\/bojornal.pt\/wp-content\/uploads\/2024\/01\/Bispo-em-Sao-Tiago-2-768x512.jpg 768w, https:\/\/bojornal.pt\/wp-content\/uploads\/2024\/01\/Bispo-em-Sao-Tiago-2-1536x1024.jpg 1536w, https:\/\/bojornal.pt\/wp-content\/uploads\/2024\/01\/Bispo-em-Sao-Tiago-2.jpg 2048w\" sizes=\"auto, (max-width: 1024px) 100vw, 1024px\" \/><\/figure>\n\n\n\n<figure class=\"wp-block-image size-large is-style-default\"><img loading=\"lazy\" decoding=\"async\" width=\"1024\" height=\"570\" data-id=\"13228\" src=\"https:\/\/bojornal.pt\/wp-content\/uploads\/2024\/01\/Bispo-em-Sao-Tiago-3-1024x570.jpg\" alt=\"\" class=\"wp-image-13228\" srcset=\"https:\/\/bojornal.pt\/wp-content\/uploads\/2024\/01\/Bispo-em-Sao-Tiago-3-1024x570.jpg 1024w, https:\/\/bojornal.pt\/wp-content\/uploads\/2024\/01\/Bispo-em-Sao-Tiago-3-300x167.jpg 300w, https:\/\/bojornal.pt\/wp-content\/uploads\/2024\/01\/Bispo-em-Sao-Tiago-3-150x83.jpg 150w, https:\/\/bojornal.pt\/wp-content\/uploads\/2024\/01\/Bispo-em-Sao-Tiago-3-768x427.jpg 768w, https:\/\/bojornal.pt\/wp-content\/uploads\/2024\/01\/Bispo-em-Sao-Tiago-3-1536x854.jpg 1536w, https:\/\/bojornal.pt\/wp-content\/uploads\/2024\/01\/Bispo-em-Sao-Tiago-3.jpg 2048w\" sizes=\"auto, (max-width: 1024px) 100vw, 1024px\" \/><\/figure>\n\n\n\n<figure class=\"wp-block-image size-large is-style-default\"><img loading=\"lazy\" decoding=\"async\" width=\"1024\" height=\"682\" data-id=\"13227\" src=\"https:\/\/bojornal.pt\/wp-content\/uploads\/2024\/01\/Bispo-em-Sao-Tiago-4-1024x682.jpg\" alt=\"\" class=\"wp-image-13227\" srcset=\"https:\/\/bojornal.pt\/wp-content\/uploads\/2024\/01\/Bispo-em-Sao-Tiago-4-1024x682.jpg 1024w, https:\/\/bojornal.pt\/wp-content\/uploads\/2024\/01\/Bispo-em-Sao-Tiago-4-300x200.jpg 300w, https:\/\/bojornal.pt\/wp-content\/uploads\/2024\/01\/Bispo-em-Sao-Tiago-4-150x100.jpg 150w, https:\/\/bojornal.pt\/wp-content\/uploads\/2024\/01\/Bispo-em-Sao-Tiago-4-768x512.jpg 768w, https:\/\/bojornal.pt\/wp-content\/uploads\/2024\/01\/Bispo-em-Sao-Tiago-4-1536x1023.jpg 1536w, https:\/\/bojornal.pt\/wp-content\/uploads\/2024\/01\/Bispo-em-Sao-Tiago-4.jpg 2048w\" sizes=\"auto, (max-width: 1024px) 100vw, 1024px\" \/><\/figure>\n<\/figure>\n\n\n\n<p>O Bispo de Bragan\u00e7a-Miranda, D. Nuno Almeida visito, no passado dia 17 de janeiro, a Escola B\u00e1sica do Campo Redondo e o Jardim de Inf\u00e2ncia de S. Tiago, por ocasi\u00e3o da visita pastoral a Bragan\u00e7a. Depois da tomada de posse na diocese, D. Nuno Almeida inicia a visita \u00e0s comunidades, nas quais se enquadram diversas institui\u00e7\u00f5es p\u00fablicas como as escolas. <\/p>\n\n\n\n<p>Foram dois momentos de alegria e de contacto entre D. Nuno Almeida e as duas comunidades escolares. <\/p>\n","protected":false},"excerpt":{"rendered":"<p>D. Nuno Almeida, Bispo de Bragan\u00e7a, visitou os alunos das duas escolas do AE Em\u00eddio Garcia, por ocasi\u00e3o da Visita Pastoral O Bispo de Bragan\u00e7a-Miranda, D. Nuno Almeida visito, no passado dia 17 de&#46;&#46;&#46;<\/p>\n","protected":false},"author":2,"featured_media":13224,"comment_status":"closed","ping_status":"open","sticky":false,"template":"","format":"standard","meta":{"footnotes":""},"categories":[14,9,15],"tags":[],"class_list":["post-13222","post","type-post","status-publish","format-standard","has-post-thumbnail","hentry","category-1o-ciclo","category-em-foco","category-pre-escolar"],"_links":{"self":[{"href":"https:\/\/bojornal.pt\/index.php?rest_route=\/wp\/v2\/posts\/13222","targetHints":{"allow":["GET"]}}],"collection":[{"href":"https:\/\/bojornal.pt\/index.php?rest_route=\/wp\/v2\/posts"}],"about":[{"href":"https:\/\/bojornal.pt\/index.php?rest_route=\/wp\/v2\/types\/post"}],"author":[{"embeddable":true,"href":"https:\/\/bojornal.pt\/index.php?rest_route=\/wp\/v2\/users\/2"}],"replies":[{"embeddable":true,"href":"https:\/\/bojornal.pt\/index.php?rest_route=%2Fwp%2Fv2%2Fcomments&post=13222"}],"version-history":[{"count":0,"href":"https:\/\/bojornal.pt\/index.php?rest_route=\/wp\/v2\/posts\/13222\/revisions"}],"wp:featuredmedia":[{"embeddable":true,"href":"https:\/\/bojornal.pt\/index.php?rest_route=\/wp\/v2\/media\/13224"}],"wp:attachment":[{"href":"https:\/\/bojornal.pt\/index.php?rest_route=%2Fwp%2Fv2%2Fmedia&parent=13222"}],"wp:term":[{"taxonomy":"category","embeddable":true,"href":"https:\/\/bojornal.pt\/index.php?rest_route=%2Fwp%2Fv2%2Fcategories&post=13222"},{"taxonomy":"post_tag","embeddable":true,"href":"https:\/\/bojornal.pt\/index.php?rest_route=%2Fwp%2Fv2%2Ftags&post=13222"}],"curies":[{"name":"wp","href":"https:\/\/api.w.org\/{rel}","templated":true}]}}