{"id":13110,"date":"2023-11-17T09:10:00","date_gmt":"2023-11-17T09:10:00","guid":{"rendered":"https:\/\/bojornal.pt\/?p=13110"},"modified":"2023-11-20T09:12:52","modified_gmt":"2023-11-20T09:12:52","slug":"liceu-assinala-dia-da-filosofia","status":"publish","type":"post","link":"https:\/\/bojornal.pt\/?p=13110","title":{"rendered":"Liceu assinala Dia da Filosofia"},"content":{"rendered":"\n<p><strong>A Escola Secund\u00e1ria Em\u00eddio Garcia\u00a0assinalou o dia com a exposi\u00e7\u00e3o tem\u00e1tica: Filosofar no feminino<\/strong><\/p>\n\n\n\n<figure class=\"wp-block-image size-large is-style-default\"><img loading=\"lazy\" decoding=\"async\" width=\"724\" height=\"1024\" src=\"https:\/\/bojornal.pt\/wp-content\/uploads\/2023\/11\/Cartaz-dia-Mundial-da-Filosofia-724x1024.png\" alt=\"\" class=\"wp-image-13111\" srcset=\"https:\/\/bojornal.pt\/wp-content\/uploads\/2023\/11\/Cartaz-dia-Mundial-da-Filosofia-724x1024.png 724w, https:\/\/bojornal.pt\/wp-content\/uploads\/2023\/11\/Cartaz-dia-Mundial-da-Filosofia-212x300.png 212w, https:\/\/bojornal.pt\/wp-content\/uploads\/2023\/11\/Cartaz-dia-Mundial-da-Filosofia-106x150.png 106w, https:\/\/bojornal.pt\/wp-content\/uploads\/2023\/11\/Cartaz-dia-Mundial-da-Filosofia-768x1086.png 768w, https:\/\/bojornal.pt\/wp-content\/uploads\/2023\/11\/Cartaz-dia-Mundial-da-Filosofia-1086x1536.png 1086w, https:\/\/bojornal.pt\/wp-content\/uploads\/2023\/11\/Cartaz-dia-Mundial-da-Filosofia-1448x2048.png 1448w, https:\/\/bojornal.pt\/wp-content\/uploads\/2023\/11\/Cartaz-dia-Mundial-da-Filosofia.png 1587w\" sizes=\"auto, (max-width: 724px) 100vw, 724px\" \/><\/figure>\n\n\n\n<p>Em 2002 a UNESCO instituiu o Dia Mundial da Filosofia, fundamentado na necessidade de a humanidade refletir sobre os acontecimentos atuais, fomentando-se o pensamento cr\u00edtico, criativo e independente, contribuindo assim para a promo\u00e7\u00e3o da toler\u00e2ncia e da paz. Desde ent\u00e3o este dia \u00e9 celebrado em todo o mundo na terceira quinta-feira do m\u00eas de novembro, que este ano foi dia 16 de novembro de 2023.<\/p>\n\n\n\n<p>A Escola Secund\u00e1ria Em\u00eddio Garcia\u00a0assinalou o dia com a exposi\u00e7\u00e3o tem\u00e1tica: Filosofar no feminino. Expondo\u00a0<em>posters<\/em>\u00a0realizados pelos(as)\u00a0 alunos(as)\u00a0 de Filosofia sobre mulheres Fil\u00f3sofas. Contribuindo desta forma para desconstruir um estere\u00f3tipo e promover, enquanto cidad\u00e3os cr\u00edticos,\u00a0a igualdade de g\u00e9nero.\u00a0\u00a0<\/p>\n","protected":false},"excerpt":{"rendered":"<p>A Escola Secund\u00e1ria Em\u00eddio Garcia\u00a0assinalou o dia com a exposi\u00e7\u00e3o tem\u00e1tica: Filosofar no feminino Em 2002 a UNESCO instituiu o Dia Mundial da Filosofia, fundamentado na necessidade de a humanidade refletir sobre os acontecimentos&#46;&#46;&#46;<\/p>\n","protected":false},"author":2,"featured_media":13111,"comment_status":"closed","ping_status":"open","sticky":false,"template":"","format":"standard","meta":{"footnotes":""},"categories":[16],"tags":[],"class_list":["post-13110","post","type-post","status-publish","format-standard","has-post-thumbnail","hentry","category-escola-secundaria-emidio-garcia"],"_links":{"self":[{"href":"https:\/\/bojornal.pt\/index.php?rest_route=\/wp\/v2\/posts\/13110","targetHints":{"allow":["GET"]}}],"collection":[{"href":"https:\/\/bojornal.pt\/index.php?rest_route=\/wp\/v2\/posts"}],"about":[{"href":"https:\/\/bojornal.pt\/index.php?rest_route=\/wp\/v2\/types\/post"}],"author":[{"embeddable":true,"href":"https:\/\/bojornal.pt\/index.php?rest_route=\/wp\/v2\/users\/2"}],"replies":[{"embeddable":true,"href":"https:\/\/bojornal.pt\/index.php?rest_route=%2Fwp%2Fv2%2Fcomments&post=13110"}],"version-history":[{"count":0,"href":"https:\/\/bojornal.pt\/index.php?rest_route=\/wp\/v2\/posts\/13110\/revisions"}],"wp:featuredmedia":[{"embeddable":true,"href":"https:\/\/bojornal.pt\/index.php?rest_route=\/wp\/v2\/media\/13111"}],"wp:attachment":[{"href":"https:\/\/bojornal.pt\/index.php?rest_route=%2Fwp%2Fv2%2Fmedia&parent=13110"}],"wp:term":[{"taxonomy":"category","embeddable":true,"href":"https:\/\/bojornal.pt\/index.php?rest_route=%2Fwp%2Fv2%2Fcategories&post=13110"},{"taxonomy":"post_tag","embeddable":true,"href":"https:\/\/bojornal.pt\/index.php?rest_route=%2Fwp%2Fv2%2Ftags&post=13110"}],"curies":[{"name":"wp","href":"https:\/\/api.w.org\/{rel}","templated":true}]}}