{"id":13096,"date":"2023-11-15T12:27:22","date_gmt":"2023-11-15T12:27:22","guid":{"rendered":"https:\/\/bojornal.pt\/?p=13096"},"modified":"2023-11-15T12:27:23","modified_gmt":"2023-11-15T12:27:23","slug":"visita-escolar-a-vimioso","status":"publish","type":"post","link":"https:\/\/bojornal.pt\/?p=13096","title":{"rendered":"Visita escolar a Vimioso"},"content":{"rendered":"\n<p><strong>Alunos tiveram a oportunidade de participar em diversas atividades, indo de encontro aos valores cultivados pelo Projeto UBUNTU<\/strong><\/p>\n\n\n\n<figure class=\"wp-block-gallery has-nested-images columns-default is-cropped wp-block-gallery-1 is-layout-flex wp-block-gallery-is-layout-flex\">\n<figure class=\"wp-block-image size-large is-style-default\"><img loading=\"lazy\" decoding=\"async\" width=\"1024\" height=\"768\" data-id=\"13097\" src=\"https:\/\/bojornal.pt\/wp-content\/uploads\/2023\/11\/WhatsApp-Image-2023-11-15-at-09.58.51.jpeg\" alt=\"\" class=\"wp-image-13097\" srcset=\"https:\/\/bojornal.pt\/wp-content\/uploads\/2023\/11\/WhatsApp-Image-2023-11-15-at-09.58.51.jpeg 1024w, https:\/\/bojornal.pt\/wp-content\/uploads\/2023\/11\/WhatsApp-Image-2023-11-15-at-09.58.51-300x225.jpeg 300w, https:\/\/bojornal.pt\/wp-content\/uploads\/2023\/11\/WhatsApp-Image-2023-11-15-at-09.58.51-150x113.jpeg 150w, https:\/\/bojornal.pt\/wp-content\/uploads\/2023\/11\/WhatsApp-Image-2023-11-15-at-09.58.51-768x576.jpeg 768w\" sizes=\"auto, (max-width: 1024px) 100vw, 1024px\" \/><\/figure>\n\n\n\n<figure class=\"wp-block-image size-large is-style-default\"><img loading=\"lazy\" decoding=\"async\" width=\"1024\" height=\"768\" data-id=\"13099\" src=\"https:\/\/bojornal.pt\/wp-content\/uploads\/2023\/11\/WhatsApp-Image-2023-11-15-at-09.58.50-1.jpeg\" alt=\"\" class=\"wp-image-13099\" srcset=\"https:\/\/bojornal.pt\/wp-content\/uploads\/2023\/11\/WhatsApp-Image-2023-11-15-at-09.58.50-1.jpeg 1024w, https:\/\/bojornal.pt\/wp-content\/uploads\/2023\/11\/WhatsApp-Image-2023-11-15-at-09.58.50-1-300x225.jpeg 300w, https:\/\/bojornal.pt\/wp-content\/uploads\/2023\/11\/WhatsApp-Image-2023-11-15-at-09.58.50-1-150x113.jpeg 150w, https:\/\/bojornal.pt\/wp-content\/uploads\/2023\/11\/WhatsApp-Image-2023-11-15-at-09.58.50-1-768x576.jpeg 768w\" sizes=\"auto, (max-width: 1024px) 100vw, 1024px\" \/><\/figure>\n\n\n\n<figure class=\"wp-block-image size-large is-style-default\"><img loading=\"lazy\" decoding=\"async\" width=\"1024\" height=\"768\" data-id=\"13101\" src=\"https:\/\/bojornal.pt\/wp-content\/uploads\/2023\/11\/WhatsApp-Image-2023-11-15-at-09.58.50.jpeg\" alt=\"\" class=\"wp-image-13101\" srcset=\"https:\/\/bojornal.pt\/wp-content\/uploads\/2023\/11\/WhatsApp-Image-2023-11-15-at-09.58.50.jpeg 1024w, https:\/\/bojornal.pt\/wp-content\/uploads\/2023\/11\/WhatsApp-Image-2023-11-15-at-09.58.50-300x225.jpeg 300w, https:\/\/bojornal.pt\/wp-content\/uploads\/2023\/11\/WhatsApp-Image-2023-11-15-at-09.58.50-150x113.jpeg 150w, https:\/\/bojornal.pt\/wp-content\/uploads\/2023\/11\/WhatsApp-Image-2023-11-15-at-09.58.50-768x576.jpeg 768w\" sizes=\"auto, (max-width: 1024px) 100vw, 1024px\" \/><\/figure>\n\n\n\n<figure class=\"wp-block-image size-large is-style-default\"><img loading=\"lazy\" decoding=\"async\" width=\"1024\" height=\"768\" data-id=\"13098\" src=\"https:\/\/bojornal.pt\/wp-content\/uploads\/2023\/11\/WhatsApp-Image-2023-11-15-at-09.58.49-2.jpeg\" alt=\"\" class=\"wp-image-13098\" srcset=\"https:\/\/bojornal.pt\/wp-content\/uploads\/2023\/11\/WhatsApp-Image-2023-11-15-at-09.58.49-2.jpeg 1024w, https:\/\/bojornal.pt\/wp-content\/uploads\/2023\/11\/WhatsApp-Image-2023-11-15-at-09.58.49-2-300x225.jpeg 300w, https:\/\/bojornal.pt\/wp-content\/uploads\/2023\/11\/WhatsApp-Image-2023-11-15-at-09.58.49-2-150x113.jpeg 150w, https:\/\/bojornal.pt\/wp-content\/uploads\/2023\/11\/WhatsApp-Image-2023-11-15-at-09.58.49-2-768x576.jpeg 768w\" sizes=\"auto, (max-width: 1024px) 100vw, 1024px\" \/><\/figure>\n\n\n\n<figure class=\"wp-block-image size-large is-style-default\"><img loading=\"lazy\" decoding=\"async\" width=\"1024\" height=\"768\" data-id=\"13100\" src=\"https:\/\/bojornal.pt\/wp-content\/uploads\/2023\/11\/WhatsApp-Image-2023-11-15-at-09.58.49-1.jpeg\" alt=\"\" class=\"wp-image-13100\" srcset=\"https:\/\/bojornal.pt\/wp-content\/uploads\/2023\/11\/WhatsApp-Image-2023-11-15-at-09.58.49-1.jpeg 1024w, https:\/\/bojornal.pt\/wp-content\/uploads\/2023\/11\/WhatsApp-Image-2023-11-15-at-09.58.49-1-300x225.jpeg 300w, https:\/\/bojornal.pt\/wp-content\/uploads\/2023\/11\/WhatsApp-Image-2023-11-15-at-09.58.49-1-150x113.jpeg 150w, https:\/\/bojornal.pt\/wp-content\/uploads\/2023\/11\/WhatsApp-Image-2023-11-15-at-09.58.49-1-768x576.jpeg 768w\" sizes=\"auto, (max-width: 1024px) 100vw, 1024px\" \/><\/figure>\n\n\n\n<figure class=\"wp-block-image size-large is-style-default\"><img loading=\"lazy\" decoding=\"async\" width=\"768\" height=\"1024\" data-id=\"13102\" src=\"https:\/\/bojornal.pt\/wp-content\/uploads\/2023\/11\/WhatsApp-Image-2023-11-15-at-09.58.49.jpeg\" alt=\"\" class=\"wp-image-13102\" srcset=\"https:\/\/bojornal.pt\/wp-content\/uploads\/2023\/11\/WhatsApp-Image-2023-11-15-at-09.58.49.jpeg 768w, https:\/\/bojornal.pt\/wp-content\/uploads\/2023\/11\/WhatsApp-Image-2023-11-15-at-09.58.49-225x300.jpeg 225w, https:\/\/bojornal.pt\/wp-content\/uploads\/2023\/11\/WhatsApp-Image-2023-11-15-at-09.58.49-113x150.jpeg 113w\" sizes=\"auto, (max-width: 768px) 100vw, 768px\" \/><\/figure>\n<\/figure>\n\n\n\n<p>Os alunos dos Cursos Profissionais de Anima\u00e7\u00e3o Sociocultural e de T\u00e9cnico Auxiliar de Sa\u00fade do 11\u00ba e 12\u00ba anos, participaram numa viagem de estudo e lazer a Vimioso, no passado dia 13 de novembro, integrado no Plano de Recupera\u00e7\u00e3o das Aprendizagens 21-23 Escola+ do AE Em\u00eddio Garcia. No parque de merendas de Serapicos puderam jogar Paintball, Slide, Stand up Paddle e tiro ao arco.<br \/>O objetivo da viagem foi, sobretudo, de desenvolvimento das compet\u00eancias socio-emocionais, de socializa\u00e7\u00e3o e de lideran\u00e7a servidora, entendendo o outro e ajudando-nos mutuamente para criar uma sociedade mais humana e interveniente, valores da Academia de l\u00edderes Ubuntu. Pretendeu-se que os alunos socializem e desenvolvam valores de entreajuda de supera\u00e7\u00e3o de obst\u00e1culos e pensarem que sozinhos podem ir mais r\u00e1pidos, mas juntos chegar\u00e3o mais longe e a realiza\u00e7\u00e3o pessoal ser\u00e1 maior e mais prof\u00edcua.<br \/>A atividade concluiu com a visita \u00e0 Associa\u00e7\u00e3o Cultural e Recreativa de Campo de V\u00edboras, onde lan\u00e7amos entre outras iguarias, torradas com azeite.<\/p>\n\n\n\n<p>Os alunos foram acompanhados pelo educador social Ant\u00f3nio Padr\u00e3o e os professores Ac\u00e1cio Pradinhos, Elisa Dias e Andreia Guerreiro.<\/p>\n","protected":false},"excerpt":{"rendered":"<p>Alunos tiveram a oportunidade de participar em diversas atividades, indo de encontro aos valores cultivados pelo Projeto UBUNTU Os alunos dos Cursos Profissionais de Anima\u00e7\u00e3o Sociocultural e de T\u00e9cnico Auxiliar de Sa\u00fade do 11\u00ba&#46;&#46;&#46;<\/p>\n","protected":false},"author":2,"featured_media":13101,"comment_status":"closed","ping_status":"open","sticky":false,"template":"","format":"standard","meta":{"footnotes":""},"categories":[25,16],"tags":[],"class_list":["post-13096","post","type-post","status-publish","format-standard","has-post-thumbnail","hentry","category-clubes","category-escola-secundaria-emidio-garcia"],"_links":{"self":[{"href":"https:\/\/bojornal.pt\/index.php?rest_route=\/wp\/v2\/posts\/13096","targetHints":{"allow":["GET"]}}],"collection":[{"href":"https:\/\/bojornal.pt\/index.php?rest_route=\/wp\/v2\/posts"}],"about":[{"href":"https:\/\/bojornal.pt\/index.php?rest_route=\/wp\/v2\/types\/post"}],"author":[{"embeddable":true,"href":"https:\/\/bojornal.pt\/index.php?rest_route=\/wp\/v2\/users\/2"}],"replies":[{"embeddable":true,"href":"https:\/\/bojornal.pt\/index.php?rest_route=%2Fwp%2Fv2%2Fcomments&post=13096"}],"version-history":[{"count":0,"href":"https:\/\/bojornal.pt\/index.php?rest_route=\/wp\/v2\/posts\/13096\/revisions"}],"wp:featuredmedia":[{"embeddable":true,"href":"https:\/\/bojornal.pt\/index.php?rest_route=\/wp\/v2\/media\/13101"}],"wp:attachment":[{"href":"https:\/\/bojornal.pt\/index.php?rest_route=%2Fwp%2Fv2%2Fmedia&parent=13096"}],"wp:term":[{"taxonomy":"category","embeddable":true,"href":"https:\/\/bojornal.pt\/index.php?rest_route=%2Fwp%2Fv2%2Fcategories&post=13096"},{"taxonomy":"post_tag","embeddable":true,"href":"https:\/\/bojornal.pt\/index.php?rest_route=%2Fwp%2Fv2%2Ftags&post=13096"}],"curies":[{"name":"wp","href":"https:\/\/api.w.org\/{rel}","templated":true}]}}