{"id":13051,"date":"2023-11-12T23:38:00","date_gmt":"2023-11-12T23:38:00","guid":{"rendered":"https:\/\/bojornal.pt\/?p=13051"},"modified":"2023-11-13T23:44:16","modified_gmt":"2023-11-13T23:44:16","slug":"alunos-do-liceu-participam-no-world-wide-data-day-2023","status":"publish","type":"post","link":"https:\/\/bojornal.pt\/?p=13051","title":{"rendered":"Alunos do Liceu participam no World Wide Data Day 2023"},"content":{"rendered":"\n<div class=\"wp-block-columns is-layout-flex wp-container-core-columns-is-layout-9d6595d7 wp-block-columns-is-layout-flex\">\n<div class=\"wp-block-column is-layout-flow wp-block-column-is-layout-flow\" style=\"flex-basis:25%\">\n<figure class=\"wp-block-image size-full is-style-default\"><img loading=\"lazy\" decoding=\"async\" width=\"768\" height=\"1024\" src=\"https:\/\/bojornal.pt\/wp-content\/uploads\/2023\/11\/World-Wide-Data-Day-1.jpeg\" alt=\"\" class=\"wp-image-13053\" srcset=\"https:\/\/bojornal.pt\/wp-content\/uploads\/2023\/11\/World-Wide-Data-Day-1.jpeg 768w, https:\/\/bojornal.pt\/wp-content\/uploads\/2023\/11\/World-Wide-Data-Day-1-225x300.jpeg 225w, https:\/\/bojornal.pt\/wp-content\/uploads\/2023\/11\/World-Wide-Data-Day-1-113x150.jpeg 113w\" sizes=\"auto, (max-width: 768px) 100vw, 768px\" \/><\/figure>\n<\/div>\n\n\n\n<div class=\"wp-block-column is-layout-flow wp-block-column-is-layout-flow\" style=\"flex-basis:50%\">\n<figure class=\"wp-block-image size-full is-style-default\"><img loading=\"lazy\" decoding=\"async\" width=\"768\" height=\"1024\" src=\"https:\/\/bojornal.pt\/wp-content\/uploads\/2023\/11\/World-Wide-Data-Day-2.jpeg\" alt=\"\" class=\"wp-image-13054\" srcset=\"https:\/\/bojornal.pt\/wp-content\/uploads\/2023\/11\/World-Wide-Data-Day-2.jpeg 768w, https:\/\/bojornal.pt\/wp-content\/uploads\/2023\/11\/World-Wide-Data-Day-2-225x300.jpeg 225w, https:\/\/bojornal.pt\/wp-content\/uploads\/2023\/11\/World-Wide-Data-Day-2-113x150.jpeg 113w\" sizes=\"auto, (max-width: 768px) 100vw, 768px\" \/><\/figure>\n<\/div>\n\n\n\n<div class=\"wp-block-column is-layout-flow wp-block-column-is-layout-flow\" style=\"flex-basis:25%\">\n<figure class=\"wp-block-image size-full is-style-default\"><img loading=\"lazy\" decoding=\"async\" width=\"768\" height=\"1024\" src=\"https:\/\/bojornal.pt\/wp-content\/uploads\/2023\/11\/World-Wide-Data-Day-4.jpeg\" alt=\"\" class=\"wp-image-13055\" srcset=\"https:\/\/bojornal.pt\/wp-content\/uploads\/2023\/11\/World-Wide-Data-Day-4.jpeg 768w, https:\/\/bojornal.pt\/wp-content\/uploads\/2023\/11\/World-Wide-Data-Day-4-225x300.jpeg 225w, https:\/\/bojornal.pt\/wp-content\/uploads\/2023\/11\/World-Wide-Data-Day-4-113x150.jpeg 113w\" sizes=\"auto, (max-width: 768px) 100vw, 768px\" \/><\/figure>\n<\/div>\n<\/div>\n\n\n\n<p>Pela segunda vez, alunos do 12.\u00ba ano de f\u00edsica da nossa escola participaram no World Wide Data Day (W2D2).<\/p>\n\n\n\n<p>Este ano o W2D2 decorreu, no dia 9 de novembro, com v\u00e1rias videoconfer\u00eancias com cientistas do CERN (Conselho Europeu de Investiga\u00e7\u00e3o Nuclear) ao longo do dia.<\/p>\n\n\n\n<p>Numa sess\u00e3o preparat\u00f3ria, no passado dia 7, os alunos analisaram dados fornecidos pelo detetor ATLAS relativos \u00e0 identifica\u00e7\u00e3o da presen\u00e7a de mu\u00f5es, tendo hoje participado numa das videoconfer\u00eancias. Nesta videoconfer\u00eancia, em simult\u00e2neo com alunos do secund\u00e1rio de outros pa\u00edses e em l\u00edngua inglesa, tiveram a oportunidade de discutir os resultados obtidos e de expor d\u00favidas, quer sobre as experi\u00eancias quer sobre a f\u00edsica de part\u00edculas em geral, aos dois investigadores moderadores (Kenneth Cecire, ND\/QuarkNer, USA, e Mariana Sharpova, INRNE, Bulg\u00e1ria).<\/p>\n\n\n\n<p>Os alunos referiram que a atividade foi interessante e desafiadora, manifestando interesse em participar nas pr\u00f3ximas \u201cMasterClasses \u2013 m\u00e3os nas part\u00edculas\u201d<\/p>\n\n\n\n<p>O LHC-W2D2 \u00e9 uma atividade projetada pela QuarkNet, num per\u00edodo de 24 h (meia-noite \u00e0 meia-noite UTC), destinada a estudantes do ensino secund\u00e1rio de todo o mundo, em que os participantes podem analisar dados do Large Hadron Collider (LHC), do CERN, o maior e mais potente acelerador de part\u00edculas do mundo, e compartilhar os resultados por meio de uma videoconfer\u00eancia cont\u00ednua de 24 horas, com moderadores f\u00edsicos fazendo turnos, de 30 min cada, em locais ao redor do mundo.<\/p>\n","protected":false},"excerpt":{"rendered":"<p>Pela segunda vez, alunos do 12.\u00ba ano de f\u00edsica da nossa escola participaram no World Wide Data Day (W2D2). Este ano o W2D2 decorreu, no dia 9 de novembro, com v\u00e1rias videoconfer\u00eancias com cientistas&#46;&#46;&#46;<\/p>\n","protected":false},"author":2,"featured_media":13055,"comment_status":"closed","ping_status":"open","sticky":false,"template":"","format":"standard","meta":{"footnotes":""},"categories":[2,9,16],"tags":[],"class_list":["post-13051","post","type-post","status-publish","format-standard","has-post-thumbnail","hentry","category-atualidade","category-em-foco","category-escola-secundaria-emidio-garcia"],"_links":{"self":[{"href":"https:\/\/bojornal.pt\/index.php?rest_route=\/wp\/v2\/posts\/13051","targetHints":{"allow":["GET"]}}],"collection":[{"href":"https:\/\/bojornal.pt\/index.php?rest_route=\/wp\/v2\/posts"}],"about":[{"href":"https:\/\/bojornal.pt\/index.php?rest_route=\/wp\/v2\/types\/post"}],"author":[{"embeddable":true,"href":"https:\/\/bojornal.pt\/index.php?rest_route=\/wp\/v2\/users\/2"}],"replies":[{"embeddable":true,"href":"https:\/\/bojornal.pt\/index.php?rest_route=%2Fwp%2Fv2%2Fcomments&post=13051"}],"version-history":[{"count":0,"href":"https:\/\/bojornal.pt\/index.php?rest_route=\/wp\/v2\/posts\/13051\/revisions"}],"wp:featuredmedia":[{"embeddable":true,"href":"https:\/\/bojornal.pt\/index.php?rest_route=\/wp\/v2\/media\/13055"}],"wp:attachment":[{"href":"https:\/\/bojornal.pt\/index.php?rest_route=%2Fwp%2Fv2%2Fmedia&parent=13051"}],"wp:term":[{"taxonomy":"category","embeddable":true,"href":"https:\/\/bojornal.pt\/index.php?rest_route=%2Fwp%2Fv2%2Fcategories&post=13051"},{"taxonomy":"post_tag","embeddable":true,"href":"https:\/\/bojornal.pt\/index.php?rest_route=%2Fwp%2Fv2%2Ftags&post=13051"}],"curies":[{"name":"wp","href":"https:\/\/api.w.org\/{rel}","templated":true}]}}