{"id":13048,"date":"2023-11-13T23:35:05","date_gmt":"2023-11-13T23:35:05","guid":{"rendered":"https:\/\/bojornal.pt\/?p=13048"},"modified":"2023-11-13T23:35:07","modified_gmt":"2023-11-13T23:35:07","slug":"grupo-coral-emidio-garcia-anima-liturgia-na-catedral-de-braganca","status":"publish","type":"post","link":"https:\/\/bojornal.pt\/?p=13048","title":{"rendered":"Grupo Coral Em\u00eddio Garcia anima liturgia, na catedral de bragan\u00e7a"},"content":{"rendered":"\n<p><strong>Celebra\u00e7\u00e3o do passado dia 12 de novembro foi presidida por D. Nuno Almeida, Bispo de Bragan\u00e7a-Miranda. <\/strong><\/p>\n\n\n\n<figure class=\"wp-block-image size-large is-style-default\"><img loading=\"lazy\" decoding=\"async\" width=\"1024\" height=\"1024\" src=\"https:\/\/bojornal.pt\/wp-content\/uploads\/2023\/11\/CORO_Instituicao-de-Acolito-Nelson-Vale_Catedral-1024x1024.jpg\" alt=\"\" class=\"wp-image-13049\" srcset=\"https:\/\/bojornal.pt\/wp-content\/uploads\/2023\/11\/CORO_Instituicao-de-Acolito-Nelson-Vale_Catedral-1024x1024.jpg 1024w, https:\/\/bojornal.pt\/wp-content\/uploads\/2023\/11\/CORO_Instituicao-de-Acolito-Nelson-Vale_Catedral-300x300.jpg 300w, https:\/\/bojornal.pt\/wp-content\/uploads\/2023\/11\/CORO_Instituicao-de-Acolito-Nelson-Vale_Catedral-150x150.jpg 150w, https:\/\/bojornal.pt\/wp-content\/uploads\/2023\/11\/CORO_Instituicao-de-Acolito-Nelson-Vale_Catedral-768x768.jpg 768w, https:\/\/bojornal.pt\/wp-content\/uploads\/2023\/11\/CORO_Instituicao-de-Acolito-Nelson-Vale_Catedral-80x80.jpg 80w, https:\/\/bojornal.pt\/wp-content\/uploads\/2023\/11\/CORO_Instituicao-de-Acolito-Nelson-Vale_Catedral-320x320.jpg 320w, https:\/\/bojornal.pt\/wp-content\/uploads\/2023\/11\/CORO_Instituicao-de-Acolito-Nelson-Vale_Catedral.jpg 1080w\" sizes=\"auto, (max-width: 1024px) 100vw, 1024px\" \/><\/figure>\n\n\n\n<p>O <strong>Grupo Coral Em\u00eddio Garcia<\/strong> animou a liturgia da Celebra\u00e7\u00e3o da Eucaristia do passado dia 12 de novembro, na Catedral de Bragan\u00e7a.<\/p>\n\n\n\n<p>Na Celebra\u00e7\u00e3o, presidida pelo bispo diocesano, D. Nuno Almeida, procedeu-se \u00e0 Institui\u00e7\u00e3o de Ac\u00f3lito do nosso professor de EMRC, professor Nelson Vale.<\/p>\n\n\n\n<p>Parab\u00e9ns aos nossos alunos pela brilhante presta\u00e7\u00e3o.<\/p>\n\n\n\n<p>Mais uma vez, o nosso Agrupamento dinamizou a comunidade de Bragan\u00e7a.<\/p>\n","protected":false},"excerpt":{"rendered":"<p>Celebra\u00e7\u00e3o do passado dia 12 de novembro foi presidida por D. Nuno Almeida, Bispo de Bragan\u00e7a-Miranda. O Grupo Coral Em\u00eddio Garcia animou a liturgia da Celebra\u00e7\u00e3o da Eucaristia do passado dia 12 de novembro,&#46;&#46;&#46;<\/p>\n","protected":false},"author":2,"featured_media":13049,"comment_status":"closed","ping_status":"open","sticky":false,"template":"","format":"standard","meta":{"footnotes":""},"categories":[25,3,9,16],"tags":[],"class_list":["post-13048","post","type-post","status-publish","format-standard","has-post-thumbnail","hentry","category-clubes","category-cultura","category-em-foco","category-escola-secundaria-emidio-garcia"],"_links":{"self":[{"href":"https:\/\/bojornal.pt\/index.php?rest_route=\/wp\/v2\/posts\/13048","targetHints":{"allow":["GET"]}}],"collection":[{"href":"https:\/\/bojornal.pt\/index.php?rest_route=\/wp\/v2\/posts"}],"about":[{"href":"https:\/\/bojornal.pt\/index.php?rest_route=\/wp\/v2\/types\/post"}],"author":[{"embeddable":true,"href":"https:\/\/bojornal.pt\/index.php?rest_route=\/wp\/v2\/users\/2"}],"replies":[{"embeddable":true,"href":"https:\/\/bojornal.pt\/index.php?rest_route=%2Fwp%2Fv2%2Fcomments&post=13048"}],"version-history":[{"count":0,"href":"https:\/\/bojornal.pt\/index.php?rest_route=\/wp\/v2\/posts\/13048\/revisions"}],"wp:featuredmedia":[{"embeddable":true,"href":"https:\/\/bojornal.pt\/index.php?rest_route=\/wp\/v2\/media\/13049"}],"wp:attachment":[{"href":"https:\/\/bojornal.pt\/index.php?rest_route=%2Fwp%2Fv2%2Fmedia&parent=13048"}],"wp:term":[{"taxonomy":"category","embeddable":true,"href":"https:\/\/bojornal.pt\/index.php?rest_route=%2Fwp%2Fv2%2Fcategories&post=13048"},{"taxonomy":"post_tag","embeddable":true,"href":"https:\/\/bojornal.pt\/index.php?rest_route=%2Fwp%2Fv2%2Ftags&post=13048"}],"curies":[{"name":"wp","href":"https:\/\/api.w.org\/{rel}","templated":true}]}}