{"id":13007,"date":"2023-11-05T14:33:56","date_gmt":"2023-11-05T14:33:56","guid":{"rendered":"https:\/\/bojornal.pt\/?p=13007"},"modified":"2023-11-05T14:33:58","modified_gmt":"2023-11-05T14:33:58","slug":"alunos-de-8-o-ano-visitam-corunha-e-santiago-de-compostela","status":"publish","type":"post","link":"https:\/\/bojornal.pt\/?p=13007","title":{"rendered":"Alunos de 8.\u00ba ano visitam Corunha e Santiago de Compostela"},"content":{"rendered":"\n<p><strong>Atividade de articula\u00e7\u00e3o entre as disciplinas de EMRC e Espanhol levou 130 alunos \u00e0 Galiza, Espanha. <\/strong><\/p>\n\n\n\n<figure class=\"wp-block-image size-large is-style-default\"><img loading=\"lazy\" decoding=\"async\" width=\"1024\" height=\"461\" src=\"https:\/\/bojornal.pt\/wp-content\/uploads\/2023\/11\/Visita-a-Santiago_2324-1-3-1024x461.jpeg\" alt=\"\" class=\"wp-image-13045\" srcset=\"https:\/\/bojornal.pt\/wp-content\/uploads\/2023\/11\/Visita-a-Santiago_2324-1-3-1024x461.jpeg 1024w, https:\/\/bojornal.pt\/wp-content\/uploads\/2023\/11\/Visita-a-Santiago_2324-1-3-300x135.jpeg 300w, https:\/\/bojornal.pt\/wp-content\/uploads\/2023\/11\/Visita-a-Santiago_2324-1-3-150x68.jpeg 150w, https:\/\/bojornal.pt\/wp-content\/uploads\/2023\/11\/Visita-a-Santiago_2324-1-3-768x346.jpeg 768w, https:\/\/bojornal.pt\/wp-content\/uploads\/2023\/11\/Visita-a-Santiago_2324-1-3-1536x691.jpeg 1536w, https:\/\/bojornal.pt\/wp-content\/uploads\/2023\/11\/Visita-a-Santiago_2324-1-3-2048x922.jpeg 2048w\" sizes=\"auto, (max-width: 1024px) 100vw, 1024px\" \/><\/figure>\n\n\n\n<figure class=\"wp-block-gallery has-nested-images columns-default is-cropped wp-block-gallery-1 is-layout-flex wp-block-gallery-is-layout-flex\">\n<figure class=\"wp-block-image size-large is-style-default\"><img loading=\"lazy\" decoding=\"async\" width=\"1024\" height=\"461\" data-id=\"13028\" src=\"https:\/\/bojornal.pt\/wp-content\/uploads\/2023\/11\/Visita-a-Santiago_2324-4-2-1024x461.jpg\" alt=\"\" class=\"wp-image-13028\" srcset=\"https:\/\/bojornal.pt\/wp-content\/uploads\/2023\/11\/Visita-a-Santiago_2324-4-2-1024x461.jpg 1024w, https:\/\/bojornal.pt\/wp-content\/uploads\/2023\/11\/Visita-a-Santiago_2324-4-2-300x135.jpg 300w, https:\/\/bojornal.pt\/wp-content\/uploads\/2023\/11\/Visita-a-Santiago_2324-4-2-150x67.jpg 150w, https:\/\/bojornal.pt\/wp-content\/uploads\/2023\/11\/Visita-a-Santiago_2324-4-2-768x345.jpg 768w, https:\/\/bojornal.pt\/wp-content\/uploads\/2023\/11\/Visita-a-Santiago_2324-4-2-1536x691.jpg 1536w, https:\/\/bojornal.pt\/wp-content\/uploads\/2023\/11\/Visita-a-Santiago_2324-4-2-2048x921.jpg 2048w\" sizes=\"auto, (max-width: 1024px) 100vw, 1024px\" \/><\/figure>\n\n\n\n<figure class=\"wp-block-image size-large is-style-default\"><img loading=\"lazy\" decoding=\"async\" width=\"1024\" height=\"461\" data-id=\"13031\" src=\"https:\/\/bojornal.pt\/wp-content\/uploads\/2023\/11\/Visita-a-Santiago_2324-8-1-1024x461.jpg\" alt=\"\" class=\"wp-image-13031\" srcset=\"https:\/\/bojornal.pt\/wp-content\/uploads\/2023\/11\/Visita-a-Santiago_2324-8-1-1024x461.jpg 1024w, https:\/\/bojornal.pt\/wp-content\/uploads\/2023\/11\/Visita-a-Santiago_2324-8-1-300x135.jpg 300w, https:\/\/bojornal.pt\/wp-content\/uploads\/2023\/11\/Visita-a-Santiago_2324-8-1-150x67.jpg 150w, https:\/\/bojornal.pt\/wp-content\/uploads\/2023\/11\/Visita-a-Santiago_2324-8-1-768x345.jpg 768w, https:\/\/bojornal.pt\/wp-content\/uploads\/2023\/11\/Visita-a-Santiago_2324-8-1-1536x691.jpg 1536w, https:\/\/bojornal.pt\/wp-content\/uploads\/2023\/11\/Visita-a-Santiago_2324-8-1-2048x921.jpg 2048w\" sizes=\"auto, (max-width: 1024px) 100vw, 1024px\" \/><\/figure>\n\n\n\n<figure class=\"wp-block-image size-large is-style-default\"><img loading=\"lazy\" decoding=\"async\" width=\"1024\" height=\"461\" data-id=\"13029\" src=\"https:\/\/bojornal.pt\/wp-content\/uploads\/2023\/11\/Visita-a-Santiago_2324-7-1-1024x461.jpg\" alt=\"\" class=\"wp-image-13029\" srcset=\"https:\/\/bojornal.pt\/wp-content\/uploads\/2023\/11\/Visita-a-Santiago_2324-7-1-1024x461.jpg 1024w, https:\/\/bojornal.pt\/wp-content\/uploads\/2023\/11\/Visita-a-Santiago_2324-7-1-300x135.jpg 300w, https:\/\/bojornal.pt\/wp-content\/uploads\/2023\/11\/Visita-a-Santiago_2324-7-1-150x67.jpg 150w, https:\/\/bojornal.pt\/wp-content\/uploads\/2023\/11\/Visita-a-Santiago_2324-7-1-768x345.jpg 768w, https:\/\/bojornal.pt\/wp-content\/uploads\/2023\/11\/Visita-a-Santiago_2324-7-1-1536x691.jpg 1536w, https:\/\/bojornal.pt\/wp-content\/uploads\/2023\/11\/Visita-a-Santiago_2324-7-1-2048x921.jpg 2048w\" sizes=\"auto, (max-width: 1024px) 100vw, 1024px\" \/><\/figure>\n\n\n\n<figure class=\"wp-block-image size-large is-style-default\"><img loading=\"lazy\" decoding=\"async\" width=\"461\" height=\"1024\" data-id=\"13034\" src=\"https:\/\/bojornal.pt\/wp-content\/uploads\/2023\/11\/Visita-a-Santiago_2324-6-1-461x1024.jpg\" alt=\"\" class=\"wp-image-13034\" srcset=\"https:\/\/bojornal.pt\/wp-content\/uploads\/2023\/11\/Visita-a-Santiago_2324-6-1-461x1024.jpg 461w, https:\/\/bojornal.pt\/wp-content\/uploads\/2023\/11\/Visita-a-Santiago_2324-6-1-135x300.jpg 135w, https:\/\/bojornal.pt\/wp-content\/uploads\/2023\/11\/Visita-a-Santiago_2324-6-1-67x150.jpg 67w, https:\/\/bojornal.pt\/wp-content\/uploads\/2023\/11\/Visita-a-Santiago_2324-6-1-768x1708.jpg 768w, https:\/\/bojornal.pt\/wp-content\/uploads\/2023\/11\/Visita-a-Santiago_2324-6-1-691x1536.jpg 691w, https:\/\/bojornal.pt\/wp-content\/uploads\/2023\/11\/Visita-a-Santiago_2324-6-1-921x2048.jpg 921w, https:\/\/bojornal.pt\/wp-content\/uploads\/2023\/11\/Visita-a-Santiago_2324-6-1-scaled.jpg 1151w\" sizes=\"auto, (max-width: 461px) 100vw, 461px\" \/><\/figure>\n\n\n\n<figure class=\"wp-block-image size-large is-style-default\"><img loading=\"lazy\" decoding=\"async\" width=\"1024\" height=\"461\" data-id=\"13036\" src=\"https:\/\/bojornal.pt\/wp-content\/uploads\/2023\/11\/Visita-a-Santiago_2324-31-1-1024x461.jpg\" alt=\"\" class=\"wp-image-13036\" srcset=\"https:\/\/bojornal.pt\/wp-content\/uploads\/2023\/11\/Visita-a-Santiago_2324-31-1-1024x461.jpg 1024w, https:\/\/bojornal.pt\/wp-content\/uploads\/2023\/11\/Visita-a-Santiago_2324-31-1-300x135.jpg 300w, https:\/\/bojornal.pt\/wp-content\/uploads\/2023\/11\/Visita-a-Santiago_2324-31-1-150x67.jpg 150w, https:\/\/bojornal.pt\/wp-content\/uploads\/2023\/11\/Visita-a-Santiago_2324-31-1-768x345.jpg 768w, https:\/\/bojornal.pt\/wp-content\/uploads\/2023\/11\/Visita-a-Santiago_2324-31-1-1536x691.jpg 1536w, https:\/\/bojornal.pt\/wp-content\/uploads\/2023\/11\/Visita-a-Santiago_2324-31-1-2048x921.jpg 2048w\" sizes=\"auto, (max-width: 1024px) 100vw, 1024px\" \/><\/figure>\n\n\n\n<figure class=\"wp-block-image size-large is-style-default\"><img loading=\"lazy\" decoding=\"async\" width=\"461\" height=\"1024\" data-id=\"13040\" src=\"https:\/\/bojornal.pt\/wp-content\/uploads\/2023\/11\/Visita-a-Santiago_2324-39-1-461x1024.jpg\" alt=\"\" class=\"wp-image-13040\" srcset=\"https:\/\/bojornal.pt\/wp-content\/uploads\/2023\/11\/Visita-a-Santiago_2324-39-1-461x1024.jpg 461w, https:\/\/bojornal.pt\/wp-content\/uploads\/2023\/11\/Visita-a-Santiago_2324-39-1-135x300.jpg 135w, https:\/\/bojornal.pt\/wp-content\/uploads\/2023\/11\/Visita-a-Santiago_2324-39-1-67x150.jpg 67w, https:\/\/bojornal.pt\/wp-content\/uploads\/2023\/11\/Visita-a-Santiago_2324-39-1-768x1708.jpg 768w, https:\/\/bojornal.pt\/wp-content\/uploads\/2023\/11\/Visita-a-Santiago_2324-39-1-691x1536.jpg 691w, https:\/\/bojornal.pt\/wp-content\/uploads\/2023\/11\/Visita-a-Santiago_2324-39-1-921x2048.jpg 921w, https:\/\/bojornal.pt\/wp-content\/uploads\/2023\/11\/Visita-a-Santiago_2324-39-1-scaled.jpg 1151w\" sizes=\"auto, (max-width: 461px) 100vw, 461px\" \/><\/figure>\n\n\n\n<figure class=\"wp-block-image size-large is-style-default\"><img loading=\"lazy\" decoding=\"async\" width=\"461\" height=\"1024\" data-id=\"13038\" src=\"https:\/\/bojornal.pt\/wp-content\/uploads\/2023\/11\/Visita-a-Santiago_2324-40-461x1024.jpg\" alt=\"\" class=\"wp-image-13038\" srcset=\"https:\/\/bojornal.pt\/wp-content\/uploads\/2023\/11\/Visita-a-Santiago_2324-40-461x1024.jpg 461w, https:\/\/bojornal.pt\/wp-content\/uploads\/2023\/11\/Visita-a-Santiago_2324-40-135x300.jpg 135w, https:\/\/bojornal.pt\/wp-content\/uploads\/2023\/11\/Visita-a-Santiago_2324-40-67x150.jpg 67w, https:\/\/bojornal.pt\/wp-content\/uploads\/2023\/11\/Visita-a-Santiago_2324-40-768x1708.jpg 768w, https:\/\/bojornal.pt\/wp-content\/uploads\/2023\/11\/Visita-a-Santiago_2324-40-691x1536.jpg 691w, https:\/\/bojornal.pt\/wp-content\/uploads\/2023\/11\/Visita-a-Santiago_2324-40-921x2048.jpg 921w, https:\/\/bojornal.pt\/wp-content\/uploads\/2023\/11\/Visita-a-Santiago_2324-40-scaled.jpg 1151w\" sizes=\"auto, (max-width: 461px) 100vw, 461px\" \/><\/figure>\n\n\n\n<figure class=\"wp-block-image size-large is-style-default\"><img loading=\"lazy\" decoding=\"async\" width=\"1024\" height=\"461\" data-id=\"13030\" src=\"https:\/\/bojornal.pt\/wp-content\/uploads\/2023\/11\/Visita-a-Santiago_2324-41-1-1024x461.jpg\" alt=\"\" class=\"wp-image-13030\" srcset=\"https:\/\/bojornal.pt\/wp-content\/uploads\/2023\/11\/Visita-a-Santiago_2324-41-1-1024x461.jpg 1024w, https:\/\/bojornal.pt\/wp-content\/uploads\/2023\/11\/Visita-a-Santiago_2324-41-1-300x135.jpg 300w, https:\/\/bojornal.pt\/wp-content\/uploads\/2023\/11\/Visita-a-Santiago_2324-41-1-150x67.jpg 150w, https:\/\/bojornal.pt\/wp-content\/uploads\/2023\/11\/Visita-a-Santiago_2324-41-1-768x345.jpg 768w, https:\/\/bojornal.pt\/wp-content\/uploads\/2023\/11\/Visita-a-Santiago_2324-41-1-1536x691.jpg 1536w, https:\/\/bojornal.pt\/wp-content\/uploads\/2023\/11\/Visita-a-Santiago_2324-41-1-2048x921.jpg 2048w\" sizes=\"auto, (max-width: 1024px) 100vw, 1024px\" \/><\/figure>\n\n\n\n<figure class=\"wp-block-image size-large is-style-default\"><img loading=\"lazy\" decoding=\"async\" width=\"461\" height=\"1024\" data-id=\"13043\" src=\"https:\/\/bojornal.pt\/wp-content\/uploads\/2023\/11\/Visita-a-Santiago_2324-68-461x1024.jpg\" alt=\"\" class=\"wp-image-13043\" srcset=\"https:\/\/bojornal.pt\/wp-content\/uploads\/2023\/11\/Visita-a-Santiago_2324-68-461x1024.jpg 461w, https:\/\/bojornal.pt\/wp-content\/uploads\/2023\/11\/Visita-a-Santiago_2324-68-135x300.jpg 135w, https:\/\/bojornal.pt\/wp-content\/uploads\/2023\/11\/Visita-a-Santiago_2324-68-67x150.jpg 67w, https:\/\/bojornal.pt\/wp-content\/uploads\/2023\/11\/Visita-a-Santiago_2324-68-768x1708.jpg 768w, https:\/\/bojornal.pt\/wp-content\/uploads\/2023\/11\/Visita-a-Santiago_2324-68-691x1536.jpg 691w, https:\/\/bojornal.pt\/wp-content\/uploads\/2023\/11\/Visita-a-Santiago_2324-68-921x2048.jpg 921w, https:\/\/bojornal.pt\/wp-content\/uploads\/2023\/11\/Visita-a-Santiago_2324-68-scaled.jpg 1151w\" sizes=\"auto, (max-width: 461px) 100vw, 461px\" \/><\/figure>\n\n\n\n<figure class=\"wp-block-image size-large is-style-default\"><img loading=\"lazy\" decoding=\"async\" width=\"1024\" height=\"461\" data-id=\"13027\" src=\"https:\/\/bojornal.pt\/wp-content\/uploads\/2023\/11\/Visita-a-Santiago_2324-29-1-1024x461.jpg\" alt=\"\" class=\"wp-image-13027\" srcset=\"https:\/\/bojornal.pt\/wp-content\/uploads\/2023\/11\/Visita-a-Santiago_2324-29-1-1024x461.jpg 1024w, https:\/\/bojornal.pt\/wp-content\/uploads\/2023\/11\/Visita-a-Santiago_2324-29-1-300x135.jpg 300w, https:\/\/bojornal.pt\/wp-content\/uploads\/2023\/11\/Visita-a-Santiago_2324-29-1-150x67.jpg 150w, https:\/\/bojornal.pt\/wp-content\/uploads\/2023\/11\/Visita-a-Santiago_2324-29-1-768x345.jpg 768w, https:\/\/bojornal.pt\/wp-content\/uploads\/2023\/11\/Visita-a-Santiago_2324-29-1-1536x691.jpg 1536w, https:\/\/bojornal.pt\/wp-content\/uploads\/2023\/11\/Visita-a-Santiago_2324-29-1-2048x921.jpg 2048w\" sizes=\"auto, (max-width: 1024px) 100vw, 1024px\" \/><\/figure>\n\n\n\n<figure class=\"wp-block-image size-large is-style-default\"><img loading=\"lazy\" decoding=\"async\" width=\"1024\" height=\"461\" data-id=\"13033\" src=\"https:\/\/bojornal.pt\/wp-content\/uploads\/2023\/11\/Visita-a-Santiago_2324-70-1024x461.jpg\" alt=\"\" class=\"wp-image-13033\" srcset=\"https:\/\/bojornal.pt\/wp-content\/uploads\/2023\/11\/Visita-a-Santiago_2324-70-1024x461.jpg 1024w, https:\/\/bojornal.pt\/wp-content\/uploads\/2023\/11\/Visita-a-Santiago_2324-70-300x135.jpg 300w, https:\/\/bojornal.pt\/wp-content\/uploads\/2023\/11\/Visita-a-Santiago_2324-70-150x67.jpg 150w, https:\/\/bojornal.pt\/wp-content\/uploads\/2023\/11\/Visita-a-Santiago_2324-70-768x345.jpg 768w, https:\/\/bojornal.pt\/wp-content\/uploads\/2023\/11\/Visita-a-Santiago_2324-70-1536x691.jpg 1536w, https:\/\/bojornal.pt\/wp-content\/uploads\/2023\/11\/Visita-a-Santiago_2324-70-2048x921.jpg 2048w\" sizes=\"auto, (max-width: 1024px) 100vw, 1024px\" \/><\/figure>\n\n\n\n<figure class=\"wp-block-image size-large is-style-default\"><img loading=\"lazy\" decoding=\"async\" width=\"1024\" height=\"461\" data-id=\"13039\" src=\"https:\/\/bojornal.pt\/wp-content\/uploads\/2023\/11\/Visita-a-Santiago_2324-1-2-1024x461.jpg\" alt=\"\" class=\"wp-image-13039\" srcset=\"https:\/\/bojornal.pt\/wp-content\/uploads\/2023\/11\/Visita-a-Santiago_2324-1-2-1024x461.jpg 1024w, https:\/\/bojornal.pt\/wp-content\/uploads\/2023\/11\/Visita-a-Santiago_2324-1-2-300x135.jpg 300w, https:\/\/bojornal.pt\/wp-content\/uploads\/2023\/11\/Visita-a-Santiago_2324-1-2-150x67.jpg 150w, https:\/\/bojornal.pt\/wp-content\/uploads\/2023\/11\/Visita-a-Santiago_2324-1-2-768x345.jpg 768w, https:\/\/bojornal.pt\/wp-content\/uploads\/2023\/11\/Visita-a-Santiago_2324-1-2-1536x691.jpg 1536w, https:\/\/bojornal.pt\/wp-content\/uploads\/2023\/11\/Visita-a-Santiago_2324-1-2-2048x921.jpg 2048w\" sizes=\"auto, (max-width: 1024px) 100vw, 1024px\" \/><\/figure>\n\n\n\n<figure class=\"wp-block-image size-large is-style-default\"><img loading=\"lazy\" decoding=\"async\" width=\"1024\" height=\"461\" data-id=\"13042\" src=\"https:\/\/bojornal.pt\/wp-content\/uploads\/2023\/11\/Visita-a-Santiago_2324-69-1-1024x461.jpg\" alt=\"\" class=\"wp-image-13042\" srcset=\"https:\/\/bojornal.pt\/wp-content\/uploads\/2023\/11\/Visita-a-Santiago_2324-69-1-1024x461.jpg 1024w, https:\/\/bojornal.pt\/wp-content\/uploads\/2023\/11\/Visita-a-Santiago_2324-69-1-300x135.jpg 300w, https:\/\/bojornal.pt\/wp-content\/uploads\/2023\/11\/Visita-a-Santiago_2324-69-1-150x67.jpg 150w, https:\/\/bojornal.pt\/wp-content\/uploads\/2023\/11\/Visita-a-Santiago_2324-69-1-768x345.jpg 768w, https:\/\/bojornal.pt\/wp-content\/uploads\/2023\/11\/Visita-a-Santiago_2324-69-1-1536x691.jpg 1536w, https:\/\/bojornal.pt\/wp-content\/uploads\/2023\/11\/Visita-a-Santiago_2324-69-1-2048x921.jpg 2048w\" sizes=\"auto, (max-width: 1024px) 100vw, 1024px\" \/><\/figure>\n<\/figure>\n\n\n\n<p>Os alunos de 8.\u00baano da Escola Em\u00eddio Garcia participaram na Visita de Estudo \u00e0 Galiza, \u00e0s cidades de A Corunha e Santiago de Compostela, em Espanha. Esta iniciativa, de articula\u00e7\u00e3o entre os grupos disciplinares de EMRC e Espanhol, levou 130 alunos \u00e0 Galiza que tiveram a oportunidade de desenvolver a sua forma\u00e7\u00e3o integral. Esta atividade, realizada nos dias 2 e 3 de novembro, contou com as visitas \u00e0 Torre de H\u00e9rcules, Casa do Homem e <em>Aquarium Finisterrae<\/em>, na Corunha, e Catedral de Santiago de Compostela. As diversas iniciativas pretenderam desenvolver as vertentes cient\u00edficas, culturais, sociais e espirituais dos alunos.  <\/p>\n","protected":false},"excerpt":{"rendered":"<p>Atividade de articula\u00e7\u00e3o entre as disciplinas de EMRC e Espanhol levou 130 alunos \u00e0 Galiza, Espanha. Os alunos de 8.\u00baano da Escola Em\u00eddio Garcia participaram na Visita de Estudo \u00e0 Galiza, \u00e0s cidades de&#46;&#46;&#46;<\/p>\n","protected":false},"author":2,"featured_media":13045,"comment_status":"closed","ping_status":"open","sticky":false,"template":"","format":"standard","meta":{"footnotes":""},"categories":[9,16],"tags":[],"class_list":["post-13007","post","type-post","status-publish","format-standard","has-post-thumbnail","hentry","category-em-foco","category-escola-secundaria-emidio-garcia"],"_links":{"self":[{"href":"https:\/\/bojornal.pt\/index.php?rest_route=\/wp\/v2\/posts\/13007","targetHints":{"allow":["GET"]}}],"collection":[{"href":"https:\/\/bojornal.pt\/index.php?rest_route=\/wp\/v2\/posts"}],"about":[{"href":"https:\/\/bojornal.pt\/index.php?rest_route=\/wp\/v2\/types\/post"}],"author":[{"embeddable":true,"href":"https:\/\/bojornal.pt\/index.php?rest_route=\/wp\/v2\/users\/2"}],"replies":[{"embeddable":true,"href":"https:\/\/bojornal.pt\/index.php?rest_route=%2Fwp%2Fv2%2Fcomments&post=13007"}],"version-history":[{"count":0,"href":"https:\/\/bojornal.pt\/index.php?rest_route=\/wp\/v2\/posts\/13007\/revisions"}],"wp:featuredmedia":[{"embeddable":true,"href":"https:\/\/bojornal.pt\/index.php?rest_route=\/wp\/v2\/media\/13045"}],"wp:attachment":[{"href":"https:\/\/bojornal.pt\/index.php?rest_route=%2Fwp%2Fv2%2Fmedia&parent=13007"}],"wp:term":[{"taxonomy":"category","embeddable":true,"href":"https:\/\/bojornal.pt\/index.php?rest_route=%2Fwp%2Fv2%2Fcategories&post=13007"},{"taxonomy":"post_tag","embeddable":true,"href":"https:\/\/bojornal.pt\/index.php?rest_route=%2Fwp%2Fv2%2Ftags&post=13007"}],"curies":[{"name":"wp","href":"https:\/\/api.w.org\/{rel}","templated":true}]}}