{"id":13000,"date":"2023-11-01T13:16:24","date_gmt":"2023-11-01T13:16:24","guid":{"rendered":"https:\/\/bojornal.pt\/?p=13000"},"modified":"2023-11-05T13:23:03","modified_gmt":"2023-11-05T13:23:03","slug":"gruteg-encena-halloween","status":"publish","type":"post","link":"https:\/\/bojornal.pt\/?p=13000","title":{"rendered":"GRUTEG encena Halloween"},"content":{"rendered":"\n<p><strong>Grupo de Teatro da Escola Em\u00eddio Garcia <em>aterrorizou<\/em> o Liceu<\/strong><\/p>\n\n\n\n<figure class=\"wp-block-image size-large is-style-default\"><img loading=\"lazy\" decoding=\"async\" width=\"1024\" height=\"461\" src=\"https:\/\/bojornal.pt\/wp-content\/uploads\/2023\/11\/halloween23-1024x461.jpeg\" alt=\"\" class=\"wp-image-13003\" srcset=\"https:\/\/bojornal.pt\/wp-content\/uploads\/2023\/11\/halloween23-1024x461.jpeg 1024w, https:\/\/bojornal.pt\/wp-content\/uploads\/2023\/11\/halloween23-300x135.jpeg 300w, https:\/\/bojornal.pt\/wp-content\/uploads\/2023\/11\/halloween23-150x68.jpeg 150w, https:\/\/bojornal.pt\/wp-content\/uploads\/2023\/11\/halloween23-768x346.jpeg 768w, https:\/\/bojornal.pt\/wp-content\/uploads\/2023\/11\/halloween23-1536x691.jpeg 1536w, https:\/\/bojornal.pt\/wp-content\/uploads\/2023\/11\/halloween23-2048x922.jpeg 2048w\" sizes=\"auto, (max-width: 1024px) 100vw, 1024px\" \/><\/figure>\n\n\n\n<p>Dia 31 de Outubro, assinalou-se, no Liceu, tal como manda a tradi\u00e7\u00e3o originalmente anglo-sax\u00f4nica, o Halloween. A escola, decorada a rigor, serviu de espa\u00e7o aos v\u00e1rios alunos do grupo de teatro GRUTEG que decidiram caracterizar-se e teatralizar a nossa rica escola. <\/p>\n\n\n\n<div class=\"wp-block-columns is-layout-flex wp-container-core-columns-is-layout-9d6595d7 wp-block-columns-is-layout-flex\">\n<div class=\"wp-block-column is-layout-flow wp-block-column-is-layout-flow\" style=\"flex-basis:33.33%\">\n<figure class=\"wp-block-image size-large is-style-default\"><img loading=\"lazy\" decoding=\"async\" width=\"461\" height=\"1024\" src=\"https:\/\/bojornal.pt\/wp-content\/uploads\/2023\/11\/halloween231-461x1024.jpg\" alt=\"\" class=\"wp-image-13004\" srcset=\"https:\/\/bojornal.pt\/wp-content\/uploads\/2023\/11\/halloween231-461x1024.jpg 461w, https:\/\/bojornal.pt\/wp-content\/uploads\/2023\/11\/halloween231-135x300.jpg 135w, https:\/\/bojornal.pt\/wp-content\/uploads\/2023\/11\/halloween231-68x150.jpg 68w, https:\/\/bojornal.pt\/wp-content\/uploads\/2023\/11\/halloween231-768x1707.jpg 768w, https:\/\/bojornal.pt\/wp-content\/uploads\/2023\/11\/halloween231-691x1536.jpg 691w, https:\/\/bojornal.pt\/wp-content\/uploads\/2023\/11\/halloween231-922x2048.jpg 922w, https:\/\/bojornal.pt\/wp-content\/uploads\/2023\/11\/halloween231-scaled.jpg 1152w\" sizes=\"auto, (max-width: 461px) 100vw, 461px\" \/><\/figure>\n<\/div>\n\n\n\n<div class=\"wp-block-column is-layout-flow wp-block-column-is-layout-flow\" style=\"flex-basis:66.66%\">\n<figure class=\"wp-block-image size-large is-style-default\"><img loading=\"lazy\" decoding=\"async\" width=\"1024\" height=\"461\" src=\"https:\/\/bojornal.pt\/wp-content\/uploads\/2023\/11\/halloween232-1024x461.jpeg\" alt=\"\" class=\"wp-image-13005\" srcset=\"https:\/\/bojornal.pt\/wp-content\/uploads\/2023\/11\/halloween232-1024x461.jpeg 1024w, https:\/\/bojornal.pt\/wp-content\/uploads\/2023\/11\/halloween232-300x135.jpeg 300w, https:\/\/bojornal.pt\/wp-content\/uploads\/2023\/11\/halloween232-150x68.jpeg 150w, https:\/\/bojornal.pt\/wp-content\/uploads\/2023\/11\/halloween232-768x346.jpeg 768w, https:\/\/bojornal.pt\/wp-content\/uploads\/2023\/11\/halloween232-1536x691.jpeg 1536w, https:\/\/bojornal.pt\/wp-content\/uploads\/2023\/11\/halloween232-2048x922.jpeg 2048w\" sizes=\"auto, (max-width: 1024px) 100vw, 1024px\" \/><\/figure>\n<\/div>\n<\/div>\n","protected":false},"excerpt":{"rendered":"<p>Grupo de Teatro da Escola Em\u00eddio Garcia aterrorizou o Liceu Dia 31 de Outubro, assinalou-se, no Liceu, tal como manda a tradi\u00e7\u00e3o originalmente anglo-sax\u00f4nica, o Halloween. A escola, decorada a rigor, serviu de espa\u00e7o&#46;&#46;&#46;<\/p>\n","protected":false},"author":2,"featured_media":13003,"comment_status":"closed","ping_status":"open","sticky":false,"template":"","format":"standard","meta":{"footnotes":""},"categories":[2,16],"tags":[],"class_list":["post-13000","post","type-post","status-publish","format-standard","has-post-thumbnail","hentry","category-atualidade","category-escola-secundaria-emidio-garcia"],"_links":{"self":[{"href":"https:\/\/bojornal.pt\/index.php?rest_route=\/wp\/v2\/posts\/13000","targetHints":{"allow":["GET"]}}],"collection":[{"href":"https:\/\/bojornal.pt\/index.php?rest_route=\/wp\/v2\/posts"}],"about":[{"href":"https:\/\/bojornal.pt\/index.php?rest_route=\/wp\/v2\/types\/post"}],"author":[{"embeddable":true,"href":"https:\/\/bojornal.pt\/index.php?rest_route=\/wp\/v2\/users\/2"}],"replies":[{"embeddable":true,"href":"https:\/\/bojornal.pt\/index.php?rest_route=%2Fwp%2Fv2%2Fcomments&post=13000"}],"version-history":[{"count":0,"href":"https:\/\/bojornal.pt\/index.php?rest_route=\/wp\/v2\/posts\/13000\/revisions"}],"wp:featuredmedia":[{"embeddable":true,"href":"https:\/\/bojornal.pt\/index.php?rest_route=\/wp\/v2\/media\/13003"}],"wp:attachment":[{"href":"https:\/\/bojornal.pt\/index.php?rest_route=%2Fwp%2Fv2%2Fmedia&parent=13000"}],"wp:term":[{"taxonomy":"category","embeddable":true,"href":"https:\/\/bojornal.pt\/index.php?rest_route=%2Fwp%2Fv2%2Fcategories&post=13000"},{"taxonomy":"post_tag","embeddable":true,"href":"https:\/\/bojornal.pt\/index.php?rest_route=%2Fwp%2Fv2%2Ftags&post=13000"}],"curies":[{"name":"wp","href":"https:\/\/api.w.org\/{rel}","templated":true}]}}