{"id":12993,"date":"2023-10-28T01:30:00","date_gmt":"2023-10-28T00:30:00","guid":{"rendered":"https:\/\/bojornal.pt\/?p=12993"},"modified":"2023-10-30T01:34:41","modified_gmt":"2023-10-30T01:34:41","slug":"corta-mato-escolar-2","status":"publish","type":"post","link":"https:\/\/bojornal.pt\/?p=12993","title":{"rendered":"Corta-mato escolar"},"content":{"rendered":"\n<p><strong>Centenas de alunos participaram na primeira fase<\/strong><\/p>\n\n\n\n<div class=\"wp-block-columns is-layout-flex wp-container-core-columns-is-layout-9d6595d7 wp-block-columns-is-layout-flex\">\n<div class=\"wp-block-column is-layout-flow wp-block-column-is-layout-flow\">\n<figure class=\"wp-block-image size-large is-style-default\"><img loading=\"lazy\" decoding=\"async\" width=\"1024\" height=\"768\" src=\"https:\/\/bojornal.pt\/wp-content\/uploads\/2023\/10\/CORTA_MATO-ESCOLA-12-1024x768.jpeg\" alt=\"\" class=\"wp-image-12994\" srcset=\"https:\/\/bojornal.pt\/wp-content\/uploads\/2023\/10\/CORTA_MATO-ESCOLA-12-1024x768.jpeg 1024w, https:\/\/bojornal.pt\/wp-content\/uploads\/2023\/10\/CORTA_MATO-ESCOLA-12-300x225.jpeg 300w, https:\/\/bojornal.pt\/wp-content\/uploads\/2023\/10\/CORTA_MATO-ESCOLA-12-150x113.jpeg 150w, https:\/\/bojornal.pt\/wp-content\/uploads\/2023\/10\/CORTA_MATO-ESCOLA-12-768x576.jpeg 768w, https:\/\/bojornal.pt\/wp-content\/uploads\/2023\/10\/CORTA_MATO-ESCOLA-12-1536x1152.jpeg 1536w, https:\/\/bojornal.pt\/wp-content\/uploads\/2023\/10\/CORTA_MATO-ESCOLA-12.jpeg 2016w\" sizes=\"auto, (max-width: 1024px) 100vw, 1024px\" \/><\/figure>\n<\/div>\n\n\n\n<div class=\"wp-block-column is-layout-flow wp-block-column-is-layout-flow\">\n<figure class=\"wp-block-image size-large is-style-default\"><img loading=\"lazy\" decoding=\"async\" width=\"1024\" height=\"768\" src=\"https:\/\/bojornal.pt\/wp-content\/uploads\/2023\/10\/CORTA_MATO-ESCOLA-13-1024x768.jpeg\" alt=\"\" class=\"wp-image-12995\" srcset=\"https:\/\/bojornal.pt\/wp-content\/uploads\/2023\/10\/CORTA_MATO-ESCOLA-13-1024x768.jpeg 1024w, https:\/\/bojornal.pt\/wp-content\/uploads\/2023\/10\/CORTA_MATO-ESCOLA-13-300x225.jpeg 300w, https:\/\/bojornal.pt\/wp-content\/uploads\/2023\/10\/CORTA_MATO-ESCOLA-13-150x113.jpeg 150w, https:\/\/bojornal.pt\/wp-content\/uploads\/2023\/10\/CORTA_MATO-ESCOLA-13-768x576.jpeg 768w, https:\/\/bojornal.pt\/wp-content\/uploads\/2023\/10\/CORTA_MATO-ESCOLA-13-1536x1152.jpeg 1536w, https:\/\/bojornal.pt\/wp-content\/uploads\/2023\/10\/CORTA_MATO-ESCOLA-13.jpeg 2016w\" sizes=\"auto, (max-width: 1024px) 100vw, 1024px\" \/><\/figure>\n<\/div>\n\n\n\n<div class=\"wp-block-column is-layout-flow wp-block-column-is-layout-flow\">\n<figure class=\"wp-block-image size-large is-style-default\"><img loading=\"lazy\" decoding=\"async\" width=\"576\" height=\"1024\" src=\"https:\/\/bojornal.pt\/wp-content\/uploads\/2023\/10\/CORTA_MATO-ESCOLA-1-576x1024.jpeg\" alt=\"\" class=\"wp-image-12996\" srcset=\"https:\/\/bojornal.pt\/wp-content\/uploads\/2023\/10\/CORTA_MATO-ESCOLA-1-576x1024.jpeg 576w, https:\/\/bojornal.pt\/wp-content\/uploads\/2023\/10\/CORTA_MATO-ESCOLA-1-169x300.jpeg 169w, https:\/\/bojornal.pt\/wp-content\/uploads\/2023\/10\/CORTA_MATO-ESCOLA-1-84x150.jpeg 84w, https:\/\/bojornal.pt\/wp-content\/uploads\/2023\/10\/CORTA_MATO-ESCOLA-1-768x1365.jpeg 768w, https:\/\/bojornal.pt\/wp-content\/uploads\/2023\/10\/CORTA_MATO-ESCOLA-1-864x1536.jpeg 864w, https:\/\/bojornal.pt\/wp-content\/uploads\/2023\/10\/CORTA_MATO-ESCOLA-1.jpeg 1152w\" sizes=\"auto, (max-width: 576px) 100vw, 576px\" \/><\/figure>\n<\/div>\n<\/div>\n\n\n\n<p>A Escola Paulo Quintela foi o local escolhido para acolher a fase escolar do Corta-mato. Centenas de alunos dos diversos escal\u00f5es participaram naquela que \u00e9 a grande modalidade do Desporto Escolar. <\/p>\n\n\n\n<p>Os tr\u00eas primeiros classificados de cada escal\u00e3o ir\u00e3o representar o Agrupamento \u00e0 fase distrital, agendada para o dia 21 de novembro, em Mirandela. <\/p>\n\n\n\n<figure class=\"wp-block-image size-large is-style-default\"><img loading=\"lazy\" decoding=\"async\" width=\"576\" height=\"1024\" src=\"https:\/\/bojornal.pt\/wp-content\/uploads\/2023\/10\/CORTA_MATO-ESCOLA-16-576x1024.jpeg\" alt=\"\" class=\"wp-image-12997\" srcset=\"https:\/\/bojornal.pt\/wp-content\/uploads\/2023\/10\/CORTA_MATO-ESCOLA-16-576x1024.jpeg 576w, https:\/\/bojornal.pt\/wp-content\/uploads\/2023\/10\/CORTA_MATO-ESCOLA-16-169x300.jpeg 169w, https:\/\/bojornal.pt\/wp-content\/uploads\/2023\/10\/CORTA_MATO-ESCOLA-16-84x150.jpeg 84w, https:\/\/bojornal.pt\/wp-content\/uploads\/2023\/10\/CORTA_MATO-ESCOLA-16-768x1365.jpeg 768w, https:\/\/bojornal.pt\/wp-content\/uploads\/2023\/10\/CORTA_MATO-ESCOLA-16-864x1536.jpeg 864w, https:\/\/bojornal.pt\/wp-content\/uploads\/2023\/10\/CORTA_MATO-ESCOLA-16.jpeg 1152w\" sizes=\"auto, (max-width: 576px) 100vw, 576px\" \/><\/figure>\n","protected":false},"excerpt":{"rendered":"<p>Centenas de alunos participaram na primeira fase A Escola Paulo Quintela foi o local escolhido para acolher a fase escolar do Corta-mato. Centenas de alunos dos diversos escal\u00f5es participaram naquela que \u00e9 a grande&#46;&#46;&#46;<\/p>\n","protected":false},"author":2,"featured_media":12995,"comment_status":"closed","ping_status":"open","sticky":false,"template":"","format":"standard","meta":{"footnotes":""},"categories":[13,16],"tags":[],"class_list":["post-12993","post","type-post","status-publish","format-standard","has-post-thumbnail","hentry","category-escola-paulo-quintela","category-escola-secundaria-emidio-garcia"],"_links":{"self":[{"href":"https:\/\/bojornal.pt\/index.php?rest_route=\/wp\/v2\/posts\/12993","targetHints":{"allow":["GET"]}}],"collection":[{"href":"https:\/\/bojornal.pt\/index.php?rest_route=\/wp\/v2\/posts"}],"about":[{"href":"https:\/\/bojornal.pt\/index.php?rest_route=\/wp\/v2\/types\/post"}],"author":[{"embeddable":true,"href":"https:\/\/bojornal.pt\/index.php?rest_route=\/wp\/v2\/users\/2"}],"replies":[{"embeddable":true,"href":"https:\/\/bojornal.pt\/index.php?rest_route=%2Fwp%2Fv2%2Fcomments&post=12993"}],"version-history":[{"count":0,"href":"https:\/\/bojornal.pt\/index.php?rest_route=\/wp\/v2\/posts\/12993\/revisions"}],"wp:featuredmedia":[{"embeddable":true,"href":"https:\/\/bojornal.pt\/index.php?rest_route=\/wp\/v2\/media\/12995"}],"wp:attachment":[{"href":"https:\/\/bojornal.pt\/index.php?rest_route=%2Fwp%2Fv2%2Fmedia&parent=12993"}],"wp:term":[{"taxonomy":"category","embeddable":true,"href":"https:\/\/bojornal.pt\/index.php?rest_route=%2Fwp%2Fv2%2Fcategories&post=12993"},{"taxonomy":"post_tag","embeddable":true,"href":"https:\/\/bojornal.pt\/index.php?rest_route=%2Fwp%2Fv2%2Ftags&post=12993"}],"curies":[{"name":"wp","href":"https:\/\/api.w.org\/{rel}","templated":true}]}}