{"id":12989,"date":"2023-10-30T01:15:07","date_gmt":"2023-10-30T01:15:07","guid":{"rendered":"https:\/\/bojornal.pt\/?p=12989"},"modified":"2023-10-30T01:16:08","modified_gmt":"2023-10-30T01:16:08","slug":"ema-lopes-distinguida-com-o-premio-de-merito-academico","status":"publish","type":"post","link":"https:\/\/bojornal.pt\/?p=12989","title":{"rendered":"Ema Lopes distinguida com o Pr\u00e9mio de M\u00e9rito Acad\u00e9mico"},"content":{"rendered":"\n<p><strong>Aluna finalista do Liceu concluiu com m\u00e9dia de 19,8 valores<\/strong><\/p>\n\n\n\n<figure class=\"wp-block-image size-large is-resized is-style-default\"><img loading=\"lazy\" decoding=\"async\" width=\"743\" height=\"1024\" src=\"https:\/\/bojornal.pt\/wp-content\/uploads\/2023\/10\/Ema-Lopes-recebe-premio-2-743x1024.jpeg\" alt=\"\" class=\"wp-image-12990\" style=\"aspect-ratio:0.7255859375;width:598px;height:auto\" srcset=\"https:\/\/bojornal.pt\/wp-content\/uploads\/2023\/10\/Ema-Lopes-recebe-premio-2-743x1024.jpeg 743w, https:\/\/bojornal.pt\/wp-content\/uploads\/2023\/10\/Ema-Lopes-recebe-premio-2-218x300.jpeg 218w, https:\/\/bojornal.pt\/wp-content\/uploads\/2023\/10\/Ema-Lopes-recebe-premio-2-109x150.jpeg 109w, https:\/\/bojornal.pt\/wp-content\/uploads\/2023\/10\/Ema-Lopes-recebe-premio-2-768x1059.jpeg 768w, https:\/\/bojornal.pt\/wp-content\/uploads\/2023\/10\/Ema-Lopes-recebe-premio-2-1114x1536.jpeg 1114w, https:\/\/bojornal.pt\/wp-content\/uploads\/2023\/10\/Ema-Lopes-recebe-premio-2.jpeg 1485w\" sizes=\"auto, (max-width: 743px) 100vw, 743px\" \/><\/figure>\n\n\n\n<p>Ema Lopes, aluna finalista da Escola Em\u00eddio Garcia de Bragan\u00e7a, foi distinguida com o Pr\u00e9mio de M\u00e9rito Acad\u00e9mico, distin\u00e7\u00e3o atribu\u00edda pela Funda\u00e7\u00e3o Caixa de Cr\u00e9dito Agr\u00edcola do Alto Douro. A aluna obteve uma m\u00e9dia final de 19,8 valores e, por isso, participou na gala de entrega de diplomas e pr\u00e9mio monet\u00e1rio, numa cerim\u00f3nia realizada no dia 28 de outubro, no audit\u00f3rio da sede da Caixa de Cr\u00e9dito Agr\u00edcola M\u00fatuo do Alto Douro, em Bragan\u00e7a.<\/p>\n\n\n\n<figure class=\"wp-block-image size-large is-style-default\"><img loading=\"lazy\" decoding=\"async\" width=\"1024\" height=\"862\" src=\"https:\/\/bojornal.pt\/wp-content\/uploads\/2023\/10\/Ema-Lopes-recebe-premio-1-1024x862.jpeg\" alt=\"\" class=\"wp-image-12991\" srcset=\"https:\/\/bojornal.pt\/wp-content\/uploads\/2023\/10\/Ema-Lopes-recebe-premio-1-1024x862.jpeg 1024w, https:\/\/bojornal.pt\/wp-content\/uploads\/2023\/10\/Ema-Lopes-recebe-premio-1-300x253.jpeg 300w, https:\/\/bojornal.pt\/wp-content\/uploads\/2023\/10\/Ema-Lopes-recebe-premio-1-150x126.jpeg 150w, https:\/\/bojornal.pt\/wp-content\/uploads\/2023\/10\/Ema-Lopes-recebe-premio-1-768x647.jpeg 768w, https:\/\/bojornal.pt\/wp-content\/uploads\/2023\/10\/Ema-Lopes-recebe-premio-1.jpeg 1215w\" sizes=\"auto, (max-width: 1024px) 100vw, 1024px\" \/><\/figure>\n","protected":false},"excerpt":{"rendered":"<p>Aluna finalista do Liceu concluiu com m\u00e9dia de 19,8 valores Ema Lopes, aluna finalista da Escola Em\u00eddio Garcia de Bragan\u00e7a, foi distinguida com o Pr\u00e9mio de M\u00e9rito Acad\u00e9mico, distin\u00e7\u00e3o atribu\u00edda pela Funda\u00e7\u00e3o Caixa de&#46;&#46;&#46;<\/p>\n","protected":false},"author":2,"featured_media":12991,"comment_status":"closed","ping_status":"open","sticky":false,"template":"","format":"standard","meta":{"footnotes":""},"categories":[2,9,16],"tags":[],"class_list":["post-12989","post","type-post","status-publish","format-standard","has-post-thumbnail","hentry","category-atualidade","category-em-foco","category-escola-secundaria-emidio-garcia"],"_links":{"self":[{"href":"https:\/\/bojornal.pt\/index.php?rest_route=\/wp\/v2\/posts\/12989","targetHints":{"allow":["GET"]}}],"collection":[{"href":"https:\/\/bojornal.pt\/index.php?rest_route=\/wp\/v2\/posts"}],"about":[{"href":"https:\/\/bojornal.pt\/index.php?rest_route=\/wp\/v2\/types\/post"}],"author":[{"embeddable":true,"href":"https:\/\/bojornal.pt\/index.php?rest_route=\/wp\/v2\/users\/2"}],"replies":[{"embeddable":true,"href":"https:\/\/bojornal.pt\/index.php?rest_route=%2Fwp%2Fv2%2Fcomments&post=12989"}],"version-history":[{"count":0,"href":"https:\/\/bojornal.pt\/index.php?rest_route=\/wp\/v2\/posts\/12989\/revisions"}],"wp:featuredmedia":[{"embeddable":true,"href":"https:\/\/bojornal.pt\/index.php?rest_route=\/wp\/v2\/media\/12991"}],"wp:attachment":[{"href":"https:\/\/bojornal.pt\/index.php?rest_route=%2Fwp%2Fv2%2Fmedia&parent=12989"}],"wp:term":[{"taxonomy":"category","embeddable":true,"href":"https:\/\/bojornal.pt\/index.php?rest_route=%2Fwp%2Fv2%2Fcategories&post=12989"},{"taxonomy":"post_tag","embeddable":true,"href":"https:\/\/bojornal.pt\/index.php?rest_route=%2Fwp%2Fv2%2Ftags&post=12989"}],"curies":[{"name":"wp","href":"https:\/\/api.w.org\/{rel}","templated":true}]}}