{"id":12984,"date":"2023-10-29T11:53:00","date_gmt":"2023-10-29T11:53:00","guid":{"rendered":"https:\/\/bojornal.pt\/?p=12984"},"modified":"2023-10-30T00:58:45","modified_gmt":"2023-10-30T00:58:45","slug":"dia-mundial-da-alimentacao-2","status":"publish","type":"post","link":"https:\/\/bojornal.pt\/?p=12984","title":{"rendered":"Dia Mundial da Alimenta\u00e7\u00e3o"},"content":{"rendered":"\n<p><strong>16 de outubro de 2023 <\/strong>foi uma data para refletirmos sobre os nossos h\u00e1bitos alimentares e estilos de vida.<\/p>\n\n\n\n<div class=\"wp-block-columns is-layout-flex wp-container-core-columns-is-layout-9d6595d7 wp-block-columns-is-layout-flex\">\n<div class=\"wp-block-column is-layout-flow wp-block-column-is-layout-flow\">\n<figure class=\"wp-block-image size-large is-style-default\"><img loading=\"lazy\" decoding=\"async\" width=\"1024\" height=\"768\" src=\"https:\/\/bojornal.pt\/wp-content\/uploads\/2023\/10\/1698343378725blob-1024x768.jpg\" alt=\"\" class=\"wp-image-12985\" srcset=\"https:\/\/bojornal.pt\/wp-content\/uploads\/2023\/10\/1698343378725blob-1024x768.jpg 1024w, https:\/\/bojornal.pt\/wp-content\/uploads\/2023\/10\/1698343378725blob-300x225.jpg 300w, https:\/\/bojornal.pt\/wp-content\/uploads\/2023\/10\/1698343378725blob-150x113.jpg 150w, https:\/\/bojornal.pt\/wp-content\/uploads\/2023\/10\/1698343378725blob-768x576.jpg 768w, https:\/\/bojornal.pt\/wp-content\/uploads\/2023\/10\/1698343378725blob-1536x1152.jpg 1536w, https:\/\/bojornal.pt\/wp-content\/uploads\/2023\/10\/1698343378725blob.jpg 1600w\" sizes=\"auto, (max-width: 1024px) 100vw, 1024px\" \/><\/figure>\n<\/div>\n\n\n\n<div class=\"wp-block-column is-layout-flow wp-block-column-is-layout-flow\">\n<figure class=\"wp-block-image size-large is-style-default\"><img loading=\"lazy\" decoding=\"async\" width=\"768\" height=\"1024\" src=\"https:\/\/bojornal.pt\/wp-content\/uploads\/2023\/10\/1698343474674blob-768x1024.jpg\" alt=\"\" class=\"wp-image-12986\" srcset=\"https:\/\/bojornal.pt\/wp-content\/uploads\/2023\/10\/1698343474674blob-768x1024.jpg 768w, https:\/\/bojornal.pt\/wp-content\/uploads\/2023\/10\/1698343474674blob-225x300.jpg 225w, https:\/\/bojornal.pt\/wp-content\/uploads\/2023\/10\/1698343474674blob-113x150.jpg 113w, https:\/\/bojornal.pt\/wp-content\/uploads\/2023\/10\/1698343474674blob-1152x1536.jpg 1152w, https:\/\/bojornal.pt\/wp-content\/uploads\/2023\/10\/1698343474674blob.jpg 1200w\" sizes=\"auto, (max-width: 768px) 100vw, 768px\" \/><\/figure>\n<\/div>\n<\/div>\n\n\n\n<figure class=\"wp-block-image size-large is-style-default\"><img loading=\"lazy\" decoding=\"async\" width=\"1024\" height=\"576\" src=\"https:\/\/bojornal.pt\/wp-content\/uploads\/2023\/10\/20231017_141147-1024x576.jpg\" alt=\"\" class=\"wp-image-12987\" srcset=\"https:\/\/bojornal.pt\/wp-content\/uploads\/2023\/10\/20231017_141147-1024x576.jpg 1024w, https:\/\/bojornal.pt\/wp-content\/uploads\/2023\/10\/20231017_141147-300x169.jpg 300w, https:\/\/bojornal.pt\/wp-content\/uploads\/2023\/10\/20231017_141147-150x84.jpg 150w, https:\/\/bojornal.pt\/wp-content\/uploads\/2023\/10\/20231017_141147-768x432.jpg 768w, https:\/\/bojornal.pt\/wp-content\/uploads\/2023\/10\/20231017_141147-1536x864.jpg 1536w, https:\/\/bojornal.pt\/wp-content\/uploads\/2023\/10\/20231017_141147-2048x1152.jpg 2048w\" sizes=\"auto, (max-width: 1024px) 100vw, 1024px\" \/><\/figure>\n\n\n\n<p><\/p>\n\n\n\n<p>O relat\u00f3rio da ONU aponta que <strong>735 milh\u00f5es de pessoas<\/strong> passaram <strong>fome <\/strong>em 2022, o que representa 122 milh\u00f5es a mais em compara\u00e7\u00e3o com 2019, quase <strong>metade da popula\u00e7\u00e3o<\/strong> mundial n\u00e3o consegue financiar <strong>dietas saud\u00e1veis<\/strong>.<\/p>\n\n\n\n<p>Em 2023, o lema do Dia Mundial da Alimenta\u00e7\u00e3o foi \u201c<strong>\u00c1gua \u00e9 vida, \u00e1gua \u00e9 alimento. N\u00e3o deixe<\/strong> <strong>ningu\u00e9m para tr\u00e1s<\/strong>\u201d, com o objetivo de mobilizar a a\u00e7\u00e3o global pela transforma\u00e7\u00e3o dos sistemas agroalimentares e contribuir para a erradica\u00e7\u00e3o da fome no mundo.<\/p>\n\n\n\n<p>Assumido esse lema, uma alimenta\u00e7\u00e3o saud\u00e1vel, sustent\u00e1vel e acess\u00edvel para todos serviu de mote para assinalar o <strong>Dia Mundial da Alimenta\u00e7\u00e3o 2023 na ESEG<\/strong>. Para isso, no dia 16 de outubro, alunos do 9.\u00ba ano, 12.\u00ba ano de Biologia e dos 10.\u00ba, 11.\u00ba e 12.\u00ba anos do Curso Profissional de Anima\u00e7\u00e3o Social e T\u00e9cnico Auxiliar de Sa\u00fade (CPASTAS) reuniram esfor\u00e7os e, com o apoio dos professores, dinamizaram algumas atividades abertas \u00e0 participa\u00e7\u00e3o de toda a comunidade educativa, as quais decorreram no \u00e1trio em frente \u00e0 reprografia. Assim, no intervalo da manh\u00e3, houve quem quisesse provar as espetadas de fruta e os sumos naturais e, desse modo, dar o seu contributo para ajudar a Associa\u00e7\u00e3o AMICA. Alguns alunos participaram na sopa de letras e no<em> kahoot<\/em> sobre alimenta\u00e7\u00e3o saud\u00e1vel. Durante a semana e no mesmo espa\u00e7o, esteve patente ao p\u00fablico uma exposi\u00e7\u00e3o com cartazes e panfletos alusivos ao tema da alimenta\u00e7\u00e3o e a constru\u00e7\u00e3o da roda dos alimentos e da pir\u00e2mide alimentar mediterr\u00e2nica. Estes trabalhos foram elaborados pelos alunos durante as aulas em articula\u00e7\u00e3o disciplinar.<\/p>\n\n\n\n<p>Nesse dia, houve ainda quem aproveitasse para tecer algumas considera\u00e7\u00f5es sobre produtos biol\u00f3gicos e alimenta\u00e7\u00e3o saud\u00e1vel.<\/p>\n\n\n\n<p><strong><em>Com a colabora\u00e7\u00e3o de todos\u2026 cumpriram-se os objetivos!<\/em><\/strong><\/p>\n\n\n\n<p><strong><em>Hoje, \u00e9 o dia certo para adotarmos uma alimenta\u00e7\u00e3o saud\u00e1vel e estilos de vida&nbsp;&nbsp; sustent\u00e1veis.<\/em><\/strong><\/p>\n\n\n\n<p><strong><em>&nbsp;&nbsp;&nbsp;&nbsp;&nbsp;&nbsp;&nbsp;&nbsp;&nbsp;&nbsp;&nbsp;&nbsp;&nbsp;&nbsp;&nbsp;&nbsp;&nbsp;&nbsp;&nbsp; &nbsp;<u>N\u00e3o deixemos ningu\u00e9m para tr\u00e1s!<\/u><\/em><\/strong><\/p>\n","protected":false},"excerpt":{"rendered":"<p>16 de outubro de 2023 foi uma data para refletirmos sobre os nossos h\u00e1bitos alimentares e estilos de vida. O relat\u00f3rio da ONU aponta que 735 milh\u00f5es de pessoas passaram fome em 2022, o&#46;&#46;&#46;<\/p>\n","protected":false},"author":2,"featured_media":12987,"comment_status":"closed","ping_status":"open","sticky":false,"template":"","format":"standard","meta":{"footnotes":""},"categories":[16],"tags":[],"class_list":["post-12984","post","type-post","status-publish","format-standard","has-post-thumbnail","hentry","category-escola-secundaria-emidio-garcia"],"_links":{"self":[{"href":"https:\/\/bojornal.pt\/index.php?rest_route=\/wp\/v2\/posts\/12984","targetHints":{"allow":["GET"]}}],"collection":[{"href":"https:\/\/bojornal.pt\/index.php?rest_route=\/wp\/v2\/posts"}],"about":[{"href":"https:\/\/bojornal.pt\/index.php?rest_route=\/wp\/v2\/types\/post"}],"author":[{"embeddable":true,"href":"https:\/\/bojornal.pt\/index.php?rest_route=\/wp\/v2\/users\/2"}],"replies":[{"embeddable":true,"href":"https:\/\/bojornal.pt\/index.php?rest_route=%2Fwp%2Fv2%2Fcomments&post=12984"}],"version-history":[{"count":0,"href":"https:\/\/bojornal.pt\/index.php?rest_route=\/wp\/v2\/posts\/12984\/revisions"}],"wp:featuredmedia":[{"embeddable":true,"href":"https:\/\/bojornal.pt\/index.php?rest_route=\/wp\/v2\/media\/12987"}],"wp:attachment":[{"href":"https:\/\/bojornal.pt\/index.php?rest_route=%2Fwp%2Fv2%2Fmedia&parent=12984"}],"wp:term":[{"taxonomy":"category","embeddable":true,"href":"https:\/\/bojornal.pt\/index.php?rest_route=%2Fwp%2Fv2%2Fcategories&post=12984"},{"taxonomy":"post_tag","embeddable":true,"href":"https:\/\/bojornal.pt\/index.php?rest_route=%2Fwp%2Fv2%2Ftags&post=12984"}],"curies":[{"name":"wp","href":"https:\/\/api.w.org\/{rel}","templated":true}]}}