{"id":12979,"date":"2023-10-30T00:51:43","date_gmt":"2023-10-30T00:51:43","guid":{"rendered":"https:\/\/bojornal.pt\/?p=12979"},"modified":"2023-10-30T00:51:45","modified_gmt":"2023-10-30T00:51:45","slug":"maquina-de-encarnar","status":"publish","type":"post","link":"https:\/\/bojornal.pt\/?p=12979","title":{"rendered":"\u00a0\u201cM\u00e1quina de encarnar\u201d"},"content":{"rendered":"\n<p><strong>Turma ASTAS 2 assiste a pe\u00e7a, no Teatro Municipal de Bragan\u00e7a<\/strong><\/p>\n\n\n\n<div class=\"wp-block-columns is-layout-flex wp-container-core-columns-is-layout-9d6595d7 wp-block-columns-is-layout-flex\">\n<div class=\"wp-block-column is-layout-flow wp-block-column-is-layout-flow\">\n<figure class=\"wp-block-image size-large is-style-default\"><img loading=\"lazy\" decoding=\"async\" width=\"1024\" height=\"768\" src=\"https:\/\/bojornal.pt\/wp-content\/uploads\/2023\/10\/maquina-de-encarnar-1-1-1024x768.jpg\" alt=\"\" class=\"wp-image-12981\" srcset=\"https:\/\/bojornal.pt\/wp-content\/uploads\/2023\/10\/maquina-de-encarnar-1-1-1024x768.jpg 1024w, https:\/\/bojornal.pt\/wp-content\/uploads\/2023\/10\/maquina-de-encarnar-1-1-300x225.jpg 300w, https:\/\/bojornal.pt\/wp-content\/uploads\/2023\/10\/maquina-de-encarnar-1-1-150x113.jpg 150w, https:\/\/bojornal.pt\/wp-content\/uploads\/2023\/10\/maquina-de-encarnar-1-1-768x576.jpg 768w, https:\/\/bojornal.pt\/wp-content\/uploads\/2023\/10\/maquina-de-encarnar-1-1-1536x1152.jpg 1536w, https:\/\/bojornal.pt\/wp-content\/uploads\/2023\/10\/maquina-de-encarnar-1-1.jpg 2000w\" sizes=\"auto, (max-width: 1024px) 100vw, 1024px\" \/><\/figure>\n<\/div>\n\n\n\n<div class=\"wp-block-column is-layout-flow wp-block-column-is-layout-flow\">\n<figure class=\"wp-block-image size-large is-style-default\"><img loading=\"lazy\" decoding=\"async\" width=\"1024\" height=\"768\" src=\"https:\/\/bojornal.pt\/wp-content\/uploads\/2023\/10\/maquina-de-encarnar-3-1024x768.jpg\" alt=\"\" class=\"wp-image-12982\" srcset=\"https:\/\/bojornal.pt\/wp-content\/uploads\/2023\/10\/maquina-de-encarnar-3-1024x768.jpg 1024w, https:\/\/bojornal.pt\/wp-content\/uploads\/2023\/10\/maquina-de-encarnar-3-300x225.jpg 300w, https:\/\/bojornal.pt\/wp-content\/uploads\/2023\/10\/maquina-de-encarnar-3-150x113.jpg 150w, https:\/\/bojornal.pt\/wp-content\/uploads\/2023\/10\/maquina-de-encarnar-3-768x576.jpg 768w, https:\/\/bojornal.pt\/wp-content\/uploads\/2023\/10\/maquina-de-encarnar-3-1536x1152.jpg 1536w, https:\/\/bojornal.pt\/wp-content\/uploads\/2023\/10\/maquina-de-encarnar-3.jpg 2000w\" sizes=\"auto, (max-width: 1024px) 100vw, 1024px\" \/><\/figure>\n<\/div>\n<\/div>\n\n\n\n<p>Os alunos do 11.\u00ba ano, dos Cursos Profissionais T\u00e9cnico Auxiliar de Sa\u00fade e Animador Sociocultural, da Turma ASTAS 2, assistiram ao espet\u00e1culo\u00a0&#8220;M\u00e1quina de Encarnar&#8221;, levado a palco\u00a0pela Companhia de\u00a0Teatro\u00a0ASTA, com encena\u00e7\u00e3o de Marco Ferreira e promovido pelo Servi\u00e7o Educativo do\u00a0Teatro\u00a0Municipal de Bragan\u00e7a. A turma foi acompanhada, no passado dia 27 de outubro, pelas professoras das disciplinas de \u00c1rea de Integra\u00e7\u00e3o, Sa\u00fade e Anima\u00e7\u00e3o Sociocultural.<\/p>\n\n\n\n<p>&nbsp;\u201cM\u00e1quina de Encarnar \u00e9 um espet\u00e1culo performativo de ato \u00fanico que explora o paradoxo e a viol\u00eancia das rela\u00e7\u00f5es entre os seres humanos. \u00c9 uma M\u00e1quina que quer transformar um ato teatral passivo numa manifesta\u00e7\u00e3o art\u00edstica de alerta! Uma luta num espa\u00e7o fechado, desonesta, onde a v\u00edtima j\u00e1 est\u00e1 escolhida\u201d.<\/p>\n\n\n\n<p>Para os espetadores o espet\u00e1culo resulta intenso e repleto de elementos sonoros, visuais, olfativos; conjugando dan\u00e7a, m\u00fasica, teatro e outras artes performativas.&nbsp; Neste envolvimento \u201cchocante\u201d somos provocados a estar atentos \u00e0s diferentes formas de viol\u00eancia de g\u00e9nero e aos contextos em que, por vezes, ela surge dissimulada. \u00c9 um espet\u00e1culo recheado de met\u00e1foras e de alus\u00f5es simb\u00f3licas e interculturais.<\/p>\n\n\n\n<p>No final houve um espa\u00e7o para o debate entre os artistas e o p\u00fablico, no qual os nossos alunos intervieram ativamente.<\/p>\n\n\n\n<p>A participa\u00e7\u00e3o nesta atividade enquadra-se no \u00e2mbito de Cidadania e Desenvolvimento e no Projeto de Educa\u00e7\u00e3o para a Sa\u00fade, contribuindo para que os alunos sejam cidad\u00e3os cr\u00edticos e ativos em todas as causas que envolvam o atropelo aos direitos fundamentais de todos os seres humanos e n\u00e3o humanos.<\/p>\n","protected":false},"excerpt":{"rendered":"<p>Turma ASTAS 2 assiste a pe\u00e7a, no Teatro Municipal de Bragan\u00e7a Os alunos do 11.\u00ba ano, dos Cursos Profissionais T\u00e9cnico Auxiliar de Sa\u00fade e Animador Sociocultural, da Turma ASTAS 2, assistiram ao espet\u00e1culo\u00a0&#8220;M\u00e1quina de&#46;&#46;&#46;<\/p>\n","protected":false},"author":2,"featured_media":12982,"comment_status":"closed","ping_status":"open","sticky":false,"template":"","format":"standard","meta":{"footnotes":""},"categories":[2,16],"tags":[],"class_list":["post-12979","post","type-post","status-publish","format-standard","has-post-thumbnail","hentry","category-atualidade","category-escola-secundaria-emidio-garcia"],"_links":{"self":[{"href":"https:\/\/bojornal.pt\/index.php?rest_route=\/wp\/v2\/posts\/12979","targetHints":{"allow":["GET"]}}],"collection":[{"href":"https:\/\/bojornal.pt\/index.php?rest_route=\/wp\/v2\/posts"}],"about":[{"href":"https:\/\/bojornal.pt\/index.php?rest_route=\/wp\/v2\/types\/post"}],"author":[{"embeddable":true,"href":"https:\/\/bojornal.pt\/index.php?rest_route=\/wp\/v2\/users\/2"}],"replies":[{"embeddable":true,"href":"https:\/\/bojornal.pt\/index.php?rest_route=%2Fwp%2Fv2%2Fcomments&post=12979"}],"version-history":[{"count":0,"href":"https:\/\/bojornal.pt\/index.php?rest_route=\/wp\/v2\/posts\/12979\/revisions"}],"wp:featuredmedia":[{"embeddable":true,"href":"https:\/\/bojornal.pt\/index.php?rest_route=\/wp\/v2\/media\/12982"}],"wp:attachment":[{"href":"https:\/\/bojornal.pt\/index.php?rest_route=%2Fwp%2Fv2%2Fmedia&parent=12979"}],"wp:term":[{"taxonomy":"category","embeddable":true,"href":"https:\/\/bojornal.pt\/index.php?rest_route=%2Fwp%2Fv2%2Fcategories&post=12979"},{"taxonomy":"post_tag","embeddable":true,"href":"https:\/\/bojornal.pt\/index.php?rest_route=%2Fwp%2Fv2%2Ftags&post=12979"}],"curies":[{"name":"wp","href":"https:\/\/api.w.org\/{rel}","templated":true}]}}