{"id":12976,"date":"2023-10-22T19:30:28","date_gmt":"2023-10-22T18:30:28","guid":{"rendered":"https:\/\/bojornal.pt\/?p=12976"},"modified":"2023-10-22T19:30:30","modified_gmt":"2023-10-22T18:30:30","slug":"lista-f-vence-eleicoes-para-a-associacao-de-estudantes","status":"publish","type":"post","link":"https:\/\/bojornal.pt\/?p=12976","title":{"rendered":"Lista F vence elei\u00e7\u00f5es para a Associa\u00e7\u00e3o de Estudantes"},"content":{"rendered":"\n<p><strong>A aluna Maria In\u00eas Fernandes \u00e9 a nova Presidente, eleita com 518 votos<\/strong><\/p>\n\n\n\n<figure class=\"wp-block-image size-full is-style-default\"><img loading=\"lazy\" decoding=\"async\" width=\"526\" height=\"526\" src=\"https:\/\/bojornal.pt\/wp-content\/uploads\/2023\/10\/394517775_844886597047070_9191538783844528320_n.jpg\" alt=\"\" class=\"wp-image-12977\" srcset=\"https:\/\/bojornal.pt\/wp-content\/uploads\/2023\/10\/394517775_844886597047070_9191538783844528320_n.jpg 526w, https:\/\/bojornal.pt\/wp-content\/uploads\/2023\/10\/394517775_844886597047070_9191538783844528320_n-300x300.jpg 300w, https:\/\/bojornal.pt\/wp-content\/uploads\/2023\/10\/394517775_844886597047070_9191538783844528320_n-150x150.jpg 150w, https:\/\/bojornal.pt\/wp-content\/uploads\/2023\/10\/394517775_844886597047070_9191538783844528320_n-80x80.jpg 80w, https:\/\/bojornal.pt\/wp-content\/uploads\/2023\/10\/394517775_844886597047070_9191538783844528320_n-320x320.jpg 320w\" sizes=\"auto, (max-width: 526px) 100vw, 526px\" \/><\/figure>\n\n\n\n<p>A aluna Maria In\u00eas Fernandes \u00e9 a nova Presidente da Associa\u00e7\u00e3o de Estudantes da Escola Em\u00eddio Garcia de Bragan\u00e7a. A aluna do 12\u00baC encabe\u00e7ou a Lista F que saiu vencedora, com 518 votos contra os 261 obtidos pela Lista L. No total, votaram 821 alunos, facto que revela a excelente participa\u00e7\u00e3o dos alunos neste ato eleitoral.<\/p>\n\n\n\n<p>O desejo de um excelente trabalho para a nova dire\u00e7\u00e3o.<\/p>\n","protected":false},"excerpt":{"rendered":"<p>A aluna Maria In\u00eas Fernandes \u00e9 a nova Presidente, eleita com 518 votos A aluna Maria In\u00eas Fernandes \u00e9 a nova Presidente da Associa\u00e7\u00e3o de Estudantes da Escola Em\u00eddio Garcia de Bragan\u00e7a. A aluna&#46;&#46;&#46;<\/p>\n","protected":false},"author":2,"featured_media":12977,"comment_status":"closed","ping_status":"open","sticky":false,"template":"","format":"standard","meta":{"footnotes":""},"categories":[27,9,16],"tags":[],"class_list":["post-12976","post","type-post","status-publish","format-standard","has-post-thumbnail","hentry","category-aeeg","category-em-foco","category-escola-secundaria-emidio-garcia"],"_links":{"self":[{"href":"https:\/\/bojornal.pt\/index.php?rest_route=\/wp\/v2\/posts\/12976","targetHints":{"allow":["GET"]}}],"collection":[{"href":"https:\/\/bojornal.pt\/index.php?rest_route=\/wp\/v2\/posts"}],"about":[{"href":"https:\/\/bojornal.pt\/index.php?rest_route=\/wp\/v2\/types\/post"}],"author":[{"embeddable":true,"href":"https:\/\/bojornal.pt\/index.php?rest_route=\/wp\/v2\/users\/2"}],"replies":[{"embeddable":true,"href":"https:\/\/bojornal.pt\/index.php?rest_route=%2Fwp%2Fv2%2Fcomments&post=12976"}],"version-history":[{"count":0,"href":"https:\/\/bojornal.pt\/index.php?rest_route=\/wp\/v2\/posts\/12976\/revisions"}],"wp:featuredmedia":[{"embeddable":true,"href":"https:\/\/bojornal.pt\/index.php?rest_route=\/wp\/v2\/media\/12977"}],"wp:attachment":[{"href":"https:\/\/bojornal.pt\/index.php?rest_route=%2Fwp%2Fv2%2Fmedia&parent=12976"}],"wp:term":[{"taxonomy":"category","embeddable":true,"href":"https:\/\/bojornal.pt\/index.php?rest_route=%2Fwp%2Fv2%2Fcategories&post=12976"},{"taxonomy":"post_tag","embeddable":true,"href":"https:\/\/bojornal.pt\/index.php?rest_route=%2Fwp%2Fv2%2Ftags&post=12976"}],"curies":[{"name":"wp","href":"https:\/\/api.w.org\/{rel}","templated":true}]}}