{"id":12966,"date":"2023-10-09T00:04:06","date_gmt":"2023-10-08T23:04:06","guid":{"rendered":"https:\/\/bojornal.pt\/?p=12966"},"modified":"2023-10-09T00:04:09","modified_gmt":"2023-10-08T23:04:09","slug":"entre-os-sonhos-e-a-realidade","status":"publish","type":"post","link":"https:\/\/bojornal.pt\/?p=12966","title":{"rendered":"&#8220;Entre os sonhos e a realidade&#8221;"},"content":{"rendered":"\n<p><strong>Alunos do Curso de Artes Visuais interpretam obras de Marc Chagall<\/strong><\/p>\n\n\n\n<div class=\"wp-block-columns is-layout-flex wp-container-core-columns-is-layout-9d6595d7 wp-block-columns-is-layout-flex\">\n<div class=\"wp-block-column is-layout-flow wp-block-column-is-layout-flow\">\n<figure class=\"wp-block-image size-large is-style-default\"><img loading=\"lazy\" decoding=\"async\" width=\"769\" height=\"1024\" src=\"https:\/\/bojornal.pt\/wp-content\/uploads\/2023\/10\/Artes-Visuais-769x1024.jpg\" alt=\"\" class=\"wp-image-12967\" srcset=\"https:\/\/bojornal.pt\/wp-content\/uploads\/2023\/10\/Artes-Visuais-769x1024.jpg 769w, https:\/\/bojornal.pt\/wp-content\/uploads\/2023\/10\/Artes-Visuais-225x300.jpg 225w, https:\/\/bojornal.pt\/wp-content\/uploads\/2023\/10\/Artes-Visuais-113x150.jpg 113w, https:\/\/bojornal.pt\/wp-content\/uploads\/2023\/10\/Artes-Visuais-768x1023.jpg 768w, https:\/\/bojornal.pt\/wp-content\/uploads\/2023\/10\/Artes-Visuais-1154x1536.jpg 1154w, https:\/\/bojornal.pt\/wp-content\/uploads\/2023\/10\/Artes-Visuais.jpg 1538w\" sizes=\"auto, (max-width: 769px) 100vw, 769px\" \/><\/figure>\n<\/div>\n\n\n\n<div class=\"wp-block-column is-layout-flow wp-block-column-is-layout-flow\">\n<figure class=\"wp-block-image size-large is-style-default\"><img loading=\"lazy\" decoding=\"async\" width=\"769\" height=\"1024\" src=\"https:\/\/bojornal.pt\/wp-content\/uploads\/2023\/10\/Artes-Visuais1-769x1024.jpg\" alt=\"\" class=\"wp-image-12968\" srcset=\"https:\/\/bojornal.pt\/wp-content\/uploads\/2023\/10\/Artes-Visuais1-769x1024.jpg 769w, https:\/\/bojornal.pt\/wp-content\/uploads\/2023\/10\/Artes-Visuais1-225x300.jpg 225w, https:\/\/bojornal.pt\/wp-content\/uploads\/2023\/10\/Artes-Visuais1-113x150.jpg 113w, https:\/\/bojornal.pt\/wp-content\/uploads\/2023\/10\/Artes-Visuais1-768x1023.jpg 768w, https:\/\/bojornal.pt\/wp-content\/uploads\/2023\/10\/Artes-Visuais1-1154x1536.jpg 1154w, https:\/\/bojornal.pt\/wp-content\/uploads\/2023\/10\/Artes-Visuais1.jpg 1538w\" sizes=\"auto, (max-width: 769px) 100vw, 769px\" \/><\/figure>\n<\/div>\n<\/div>\n\n\n\n<p>\u00c0 imagem de anos anteriores, no in\u00edcio de cada ano letivo, os alunos do Curso de Artes Visuais elaboram uma exposi\u00e7\u00e3o de trabalhos alusivos a um determinado tema, normalmente no espa\u00e7o de leitura informal da Escola Em\u00eddio Garcia.<\/p>\n\n\n\n<p>Orientados pelo professor Manuel Trovisco, os nossos estudantes interpretaram obras do pintor <strong>Marc Chagall<\/strong>, sob o tema: &#8220;Entre os sonhos e a realidade&#8221;. De facto, o espa\u00e7o alegrou-se ainda mais com desenhos alusivos \u00e0s mem\u00f3rias de inf\u00e2ncia relacionadas com o meio rural, os animais, o campo, etc., donde se destacam as cores que nos aludem \u00e0 nossa inf\u00e2ncia. <\/p>\n\n\n\n<p>Parab\u00e9ns aos nossos artistas.<\/p>\n","protected":false},"excerpt":{"rendered":"<p>Alunos do Curso de Artes Visuais interpretam obras de Marc Chagall \u00c0 imagem de anos anteriores, no in\u00edcio de cada ano letivo, os alunos do Curso de Artes Visuais elaboram uma exposi\u00e7\u00e3o de trabalhos&#46;&#46;&#46;<\/p>\n","protected":false},"author":2,"featured_media":12968,"comment_status":"closed","ping_status":"open","sticky":false,"template":"","format":"standard","meta":{"footnotes":""},"categories":[3,9,16],"tags":[],"class_list":["post-12966","post","type-post","status-publish","format-standard","has-post-thumbnail","hentry","category-cultura","category-em-foco","category-escola-secundaria-emidio-garcia"],"_links":{"self":[{"href":"https:\/\/bojornal.pt\/index.php?rest_route=\/wp\/v2\/posts\/12966","targetHints":{"allow":["GET"]}}],"collection":[{"href":"https:\/\/bojornal.pt\/index.php?rest_route=\/wp\/v2\/posts"}],"about":[{"href":"https:\/\/bojornal.pt\/index.php?rest_route=\/wp\/v2\/types\/post"}],"author":[{"embeddable":true,"href":"https:\/\/bojornal.pt\/index.php?rest_route=\/wp\/v2\/users\/2"}],"replies":[{"embeddable":true,"href":"https:\/\/bojornal.pt\/index.php?rest_route=%2Fwp%2Fv2%2Fcomments&post=12966"}],"version-history":[{"count":0,"href":"https:\/\/bojornal.pt\/index.php?rest_route=\/wp\/v2\/posts\/12966\/revisions"}],"wp:featuredmedia":[{"embeddable":true,"href":"https:\/\/bojornal.pt\/index.php?rest_route=\/wp\/v2\/media\/12968"}],"wp:attachment":[{"href":"https:\/\/bojornal.pt\/index.php?rest_route=%2Fwp%2Fv2%2Fmedia&parent=12966"}],"wp:term":[{"taxonomy":"category","embeddable":true,"href":"https:\/\/bojornal.pt\/index.php?rest_route=%2Fwp%2Fv2%2Fcategories&post=12966"},{"taxonomy":"post_tag","embeddable":true,"href":"https:\/\/bojornal.pt\/index.php?rest_route=%2Fwp%2Fv2%2Ftags&post=12966"}],"curies":[{"name":"wp","href":"https:\/\/api.w.org\/{rel}","templated":true}]}}