{"id":12943,"date":"2023-09-18T09:54:42","date_gmt":"2023-09-18T08:54:42","guid":{"rendered":"https:\/\/bojornal.pt\/?p=12943"},"modified":"2023-09-18T09:56:25","modified_gmt":"2023-09-18T08:56:25","slug":"rececao-aos-novos-alunos","status":"publish","type":"post","link":"https:\/\/bojornal.pt\/?p=12943","title":{"rendered":"Rece\u00e7\u00e3o aos novos alunos"},"content":{"rendered":"\n<p><em><strong>In\u00edcio de ano letivo inicia com o acolhimento aos novos elementos da comunidade escolar<\/strong><\/em><\/p>\n\n\n\n<div class=\"wp-block-columns is-layout-flex wp-container-core-columns-is-layout-9d6595d7 wp-block-columns-is-layout-flex\">\n<div class=\"wp-block-column is-layout-flow wp-block-column-is-layout-flow\" style=\"flex-basis:25%\">\n<figure class=\"wp-block-image size-large is-style-default\"><img loading=\"lazy\" decoding=\"async\" width=\"1024\" height=\"1024\" src=\"https:\/\/bojornal.pt\/wp-content\/uploads\/2023\/09\/Rececao-aos-alunos-9-1024x1024.jpg\" alt=\"\" class=\"wp-image-12944\" srcset=\"https:\/\/bojornal.pt\/wp-content\/uploads\/2023\/09\/Rececao-aos-alunos-9-1024x1024.jpg 1024w, https:\/\/bojornal.pt\/wp-content\/uploads\/2023\/09\/Rececao-aos-alunos-9-300x300.jpg 300w, https:\/\/bojornal.pt\/wp-content\/uploads\/2023\/09\/Rececao-aos-alunos-9-150x150.jpg 150w, https:\/\/bojornal.pt\/wp-content\/uploads\/2023\/09\/Rececao-aos-alunos-9-768x768.jpg 768w, https:\/\/bojornal.pt\/wp-content\/uploads\/2023\/09\/Rececao-aos-alunos-9-80x80.jpg 80w, https:\/\/bojornal.pt\/wp-content\/uploads\/2023\/09\/Rececao-aos-alunos-9-320x320.jpg 320w, https:\/\/bojornal.pt\/wp-content\/uploads\/2023\/09\/Rececao-aos-alunos-9.jpg 1080w\" sizes=\"auto, (max-width: 1024px) 100vw, 1024px\" \/><\/figure>\n<\/div>\n\n\n\n<div class=\"wp-block-column is-layout-flow wp-block-column-is-layout-flow\" style=\"flex-basis:50%\">\n<figure class=\"wp-block-image size-large is-style-default\"><img loading=\"lazy\" decoding=\"async\" width=\"1024\" height=\"1024\" src=\"https:\/\/bojornal.pt\/wp-content\/uploads\/2023\/09\/Rececao-aos-alunos-8-1024x1024.jpg\" alt=\"\" class=\"wp-image-12945\" srcset=\"https:\/\/bojornal.pt\/wp-content\/uploads\/2023\/09\/Rececao-aos-alunos-8-1024x1024.jpg 1024w, https:\/\/bojornal.pt\/wp-content\/uploads\/2023\/09\/Rececao-aos-alunos-8-300x300.jpg 300w, https:\/\/bojornal.pt\/wp-content\/uploads\/2023\/09\/Rececao-aos-alunos-8-150x150.jpg 150w, https:\/\/bojornal.pt\/wp-content\/uploads\/2023\/09\/Rececao-aos-alunos-8-768x768.jpg 768w, https:\/\/bojornal.pt\/wp-content\/uploads\/2023\/09\/Rececao-aos-alunos-8-80x80.jpg 80w, https:\/\/bojornal.pt\/wp-content\/uploads\/2023\/09\/Rececao-aos-alunos-8-320x320.jpg 320w, https:\/\/bojornal.pt\/wp-content\/uploads\/2023\/09\/Rececao-aos-alunos-8.jpg 1080w\" sizes=\"auto, (max-width: 1024px) 100vw, 1024px\" \/><\/figure>\n<\/div>\n\n\n\n<div class=\"wp-block-column is-layout-flow wp-block-column-is-layout-flow\" style=\"flex-basis:25%\">\n<figure class=\"wp-block-image size-large is-style-default\"><img loading=\"lazy\" decoding=\"async\" width=\"1024\" height=\"1024\" src=\"https:\/\/bojornal.pt\/wp-content\/uploads\/2023\/09\/Rececao-aos-alunos-4-1024x1024.jpg\" alt=\"\" class=\"wp-image-12946\" srcset=\"https:\/\/bojornal.pt\/wp-content\/uploads\/2023\/09\/Rececao-aos-alunos-4-1024x1024.jpg 1024w, https:\/\/bojornal.pt\/wp-content\/uploads\/2023\/09\/Rececao-aos-alunos-4-300x300.jpg 300w, https:\/\/bojornal.pt\/wp-content\/uploads\/2023\/09\/Rececao-aos-alunos-4-150x150.jpg 150w, https:\/\/bojornal.pt\/wp-content\/uploads\/2023\/09\/Rececao-aos-alunos-4-768x768.jpg 768w, https:\/\/bojornal.pt\/wp-content\/uploads\/2023\/09\/Rececao-aos-alunos-4-80x80.jpg 80w, https:\/\/bojornal.pt\/wp-content\/uploads\/2023\/09\/Rececao-aos-alunos-4-320x320.jpg 320w, https:\/\/bojornal.pt\/wp-content\/uploads\/2023\/09\/Rececao-aos-alunos-4.jpg 1080w\" sizes=\"auto, (max-width: 1024px) 100vw, 1024px\" \/><\/figure>\n<\/div>\n<\/div>\n\n\n\n<p>Como j\u00e1 \u00e9 habitual, o Agrupamento de Escolas Em\u00eddio Garcia iniciou o ano letivo com o acolhimento aos alunos que frequentam cada escola, pela primeira vez. Nas diversas escolas do agrupamento, houve uma sess\u00e3o de esclarecimento e de apresenta\u00e7\u00e3o da escola.<\/p>\n\n\n\n<p>No Liceu, os alunos mais velhos, pertencentes \u00e0s listas candidatas \u00e0 Associa\u00e7\u00e3o de Estudantes, colaboraram com a dire\u00e7\u00e3o, apoiando os alunos de 7.\u00baano, na sua adapta\u00e7\u00e3o. <\/p>\n","protected":false},"excerpt":{"rendered":"<p>In\u00edcio de ano letivo inicia com o acolhimento aos novos elementos da comunidade escolar Como j\u00e1 \u00e9 habitual, o Agrupamento de Escolas Em\u00eddio Garcia iniciou o ano letivo com o acolhimento aos alunos que&#46;&#46;&#46;<\/p>\n","protected":false},"author":2,"featured_media":12945,"comment_status":"closed","ping_status":"open","sticky":false,"template":"","format":"standard","meta":{"footnotes":""},"categories":[14,27,9,13],"tags":[],"class_list":["post-12943","post","type-post","status-publish","format-standard","has-post-thumbnail","hentry","category-1o-ciclo","category-aeeg","category-em-foco","category-escola-paulo-quintela"],"_links":{"self":[{"href":"https:\/\/bojornal.pt\/index.php?rest_route=\/wp\/v2\/posts\/12943","targetHints":{"allow":["GET"]}}],"collection":[{"href":"https:\/\/bojornal.pt\/index.php?rest_route=\/wp\/v2\/posts"}],"about":[{"href":"https:\/\/bojornal.pt\/index.php?rest_route=\/wp\/v2\/types\/post"}],"author":[{"embeddable":true,"href":"https:\/\/bojornal.pt\/index.php?rest_route=\/wp\/v2\/users\/2"}],"replies":[{"embeddable":true,"href":"https:\/\/bojornal.pt\/index.php?rest_route=%2Fwp%2Fv2%2Fcomments&post=12943"}],"version-history":[{"count":0,"href":"https:\/\/bojornal.pt\/index.php?rest_route=\/wp\/v2\/posts\/12943\/revisions"}],"wp:featuredmedia":[{"embeddable":true,"href":"https:\/\/bojornal.pt\/index.php?rest_route=\/wp\/v2\/media\/12945"}],"wp:attachment":[{"href":"https:\/\/bojornal.pt\/index.php?rest_route=%2Fwp%2Fv2%2Fmedia&parent=12943"}],"wp:term":[{"taxonomy":"category","embeddable":true,"href":"https:\/\/bojornal.pt\/index.php?rest_route=%2Fwp%2Fv2%2Fcategories&post=12943"},{"taxonomy":"post_tag","embeddable":true,"href":"https:\/\/bojornal.pt\/index.php?rest_route=%2Fwp%2Fv2%2Ftags&post=12943"}],"curies":[{"name":"wp","href":"https:\/\/api.w.org\/{rel}","templated":true}]}}