{"id":12931,"date":"2023-09-08T13:47:45","date_gmt":"2023-09-08T12:47:45","guid":{"rendered":"https:\/\/bojornal.pt\/?p=12931"},"modified":"2023-09-08T14:00:25","modified_gmt":"2023-09-08T13:00:25","slug":"atividades-de-inicio-de-ano-letivo","status":"publish","type":"post","link":"https:\/\/bojornal.pt\/?p=12931","title":{"rendered":"Atividades de in\u00edcio de ano letivo"},"content":{"rendered":"\n<p><strong><em>Dias 13 e 14 de setembro, os novos alunos s\u00e3o recebidos pela dire\u00e7\u00e3o e no dia 15 de setembro iniciam todas as atividades letivas<\/em><\/strong> (Confira as datas).<\/p>\n\n\n\n<figure class=\"wp-block-image size-large is-style-default\"><img loading=\"lazy\" decoding=\"async\" width=\"1024\" height=\"724\" src=\"https:\/\/bojornal.pt\/wp-content\/uploads\/2023\/09\/Inicio-do-ano-letivo-2324-1-1024x724.png\" alt=\"\" class=\"wp-image-12934\" srcset=\"https:\/\/bojornal.pt\/wp-content\/uploads\/2023\/09\/Inicio-do-ano-letivo-2324-1-1024x724.png 1024w, https:\/\/bojornal.pt\/wp-content\/uploads\/2023\/09\/Inicio-do-ano-letivo-2324-1-300x212.png 300w, https:\/\/bojornal.pt\/wp-content\/uploads\/2023\/09\/Inicio-do-ano-letivo-2324-1-150x106.png 150w, https:\/\/bojornal.pt\/wp-content\/uploads\/2023\/09\/Inicio-do-ano-letivo-2324-1-768x543.png 768w, https:\/\/bojornal.pt\/wp-content\/uploads\/2023\/09\/Inicio-do-ano-letivo-2324-1-1536x1086.png 1536w, https:\/\/bojornal.pt\/wp-content\/uploads\/2023\/09\/Inicio-do-ano-letivo-2324-1-2048x1448.png 2048w\" sizes=\"auto, (max-width: 1024px) 100vw, 1024px\" \/><\/figure>\n\n\n\n<p>As aulas est\u00e3o mesmo a iniciar e, at\u00e9 l\u00e1, h\u00e1 uma s\u00e9rie de atividades planeadas para a rece\u00e7\u00e3o dos novos alunos. Confira as datas;<\/p>\n\n\n\n<p><strong>13 de setembro<\/strong>: Afixa\u00e7\u00e3o dos hor\u00e1rios;<\/p>\n\n\n\n<p><strong>13 de setembro<\/strong>: Rece\u00e7\u00e3o aos alunos de <strong>10.\u00baano<\/strong> (apenas aqueles que v\u00eam pela primeira vez para a escola &#8211; 11h30min);<\/p>\n\n\n\n<p><strong>14 de setembro:<\/strong> Rece\u00e7\u00e3o aos alunos de <strong>5.\u00ba ano<\/strong> (Sala de Conv\u00edvio da Escola Paulo Quintela):<\/p>\n\n\n\n<p>                                                                             <strong>09:30 horas\u2014 Turmas A, B<\/strong>, <strong>C e D<\/strong><\/p>\n\n\n\n<p>                                                                            <strong>  11:00 horas\u2013 Turmas\u00a0 E, F, G e H<\/strong><\/p>\n\n\n\n<p>                           Conversa, nas respetivas salas de aula, com os Diretores de Turma seguida de visita \u00e0s instala\u00e7\u00f5es da Escola; Reuni\u00e3o com os Encarregados de Educa\u00e7\u00e3o, Dire\u00e7\u00e3o do Agrupamento e Coordena\u00e7\u00e3o de Escola (sala de conv\u00edvio).<\/p>\n\n\n\n<p><strong>14 de setembro:<\/strong> Rece\u00e7\u00e3o aos alunos de <strong>7.\u00ba ano<\/strong> (Escola Em\u00eddio Garcia):<\/p>\n\n\n\n<p><strong>                                                                               10h00 &#8211; Turmas A, B, C e D<\/strong><\/p>\n\n\n\n<p><strong>                                                                               11h00 &#8211; Turmas E, F, G<\/strong><\/p>\n\n\n\n<p><strong>15 de setembro:<\/strong> Rece\u00e7\u00e3o aos alunos do <strong>Ensino Pr\u00e9-escolar e 1\u00baciclo<\/strong> (9h30min.)<\/p>\n\n\n\n<p><strong>15 de setembro:<\/strong> In\u00edcio de <strong>todas as atividades letivas<\/strong>, a partir das 8h30min. (De acordo com o devido hor\u00e1rio) <\/p>\n","protected":false},"excerpt":{"rendered":"<p>Dias 13 e 14 de setembro, os novos alunos s\u00e3o recebidos pela dire\u00e7\u00e3o e no dia 15 de setembro iniciam todas as atividades letivas (Confira as datas). As aulas est\u00e3o mesmo a iniciar e,&#46;&#46;&#46;<\/p>\n","protected":false},"author":2,"featured_media":12934,"comment_status":"closed","ping_status":"open","sticky":false,"template":"","format":"standard","meta":{"footnotes":""},"categories":[14,27,2,9,13,16,15],"tags":[],"class_list":["post-12931","post","type-post","status-publish","format-standard","has-post-thumbnail","hentry","category-1o-ciclo","category-aeeg","category-atualidade","category-em-foco","category-escola-paulo-quintela","category-escola-secundaria-emidio-garcia","category-pre-escolar"],"_links":{"self":[{"href":"https:\/\/bojornal.pt\/index.php?rest_route=\/wp\/v2\/posts\/12931","targetHints":{"allow":["GET"]}}],"collection":[{"href":"https:\/\/bojornal.pt\/index.php?rest_route=\/wp\/v2\/posts"}],"about":[{"href":"https:\/\/bojornal.pt\/index.php?rest_route=\/wp\/v2\/types\/post"}],"author":[{"embeddable":true,"href":"https:\/\/bojornal.pt\/index.php?rest_route=\/wp\/v2\/users\/2"}],"replies":[{"embeddable":true,"href":"https:\/\/bojornal.pt\/index.php?rest_route=%2Fwp%2Fv2%2Fcomments&post=12931"}],"version-history":[{"count":0,"href":"https:\/\/bojornal.pt\/index.php?rest_route=\/wp\/v2\/posts\/12931\/revisions"}],"wp:featuredmedia":[{"embeddable":true,"href":"https:\/\/bojornal.pt\/index.php?rest_route=\/wp\/v2\/media\/12934"}],"wp:attachment":[{"href":"https:\/\/bojornal.pt\/index.php?rest_route=%2Fwp%2Fv2%2Fmedia&parent=12931"}],"wp:term":[{"taxonomy":"category","embeddable":true,"href":"https:\/\/bojornal.pt\/index.php?rest_route=%2Fwp%2Fv2%2Fcategories&post=12931"},{"taxonomy":"post_tag","embeddable":true,"href":"https:\/\/bojornal.pt\/index.php?rest_route=%2Fwp%2Fv2%2Ftags&post=12931"}],"curies":[{"name":"wp","href":"https:\/\/api.w.org\/{rel}","templated":true}]}}