{"id":12873,"date":"2023-06-19T00:47:45","date_gmt":"2023-06-18T23:47:45","guid":{"rendered":"https:\/\/bojornal.pt\/?p=12873"},"modified":"2023-06-19T00:47:47","modified_gmt":"2023-06-18T23:47:47","slug":"por-caminhos-de-santiago-de-compostela-e-corunha","status":"publish","type":"post","link":"https:\/\/bojornal.pt\/?p=12873","title":{"rendered":"Por caminhos de Santiago de Compostela e Corunha"},"content":{"rendered":"\n<p><strong>Alunos de 8\u00baano visitaram a Galiza<\/strong><\/p>\n\n\n\n<figure class=\"wp-block-gallery has-nested-images columns-default is-cropped wp-block-gallery-1 is-layout-flex wp-block-gallery-is-layout-flex\">\n<figure class=\"wp-block-image size-large is-style-default\"><img loading=\"lazy\" decoding=\"async\" width=\"1024\" height=\"461\" data-id=\"12876\" src=\"https:\/\/bojornal.pt\/wp-content\/uploads\/2023\/06\/Visita-a-Galiza-2-1024x461.jpg\" alt=\"\" class=\"wp-image-12876\" srcset=\"https:\/\/bojornal.pt\/wp-content\/uploads\/2023\/06\/Visita-a-Galiza-2-1024x461.jpg 1024w, https:\/\/bojornal.pt\/wp-content\/uploads\/2023\/06\/Visita-a-Galiza-2-300x135.jpg 300w, https:\/\/bojornal.pt\/wp-content\/uploads\/2023\/06\/Visita-a-Galiza-2-150x67.jpg 150w, https:\/\/bojornal.pt\/wp-content\/uploads\/2023\/06\/Visita-a-Galiza-2-768x345.jpg 768w, https:\/\/bojornal.pt\/wp-content\/uploads\/2023\/06\/Visita-a-Galiza-2-1536x691.jpg 1536w, https:\/\/bojornal.pt\/wp-content\/uploads\/2023\/06\/Visita-a-Galiza-2-2048x921.jpg 2048w\" sizes=\"auto, (max-width: 1024px) 100vw, 1024px\" \/><\/figure>\n\n\n\n<figure class=\"wp-block-image size-large is-style-default\"><img loading=\"lazy\" decoding=\"async\" width=\"1024\" height=\"461\" data-id=\"12874\" src=\"https:\/\/bojornal.pt\/wp-content\/uploads\/2023\/06\/Visita-a-Galiza-5-1024x461.jpg\" alt=\"\" class=\"wp-image-12874\" srcset=\"https:\/\/bojornal.pt\/wp-content\/uploads\/2023\/06\/Visita-a-Galiza-5-1024x461.jpg 1024w, https:\/\/bojornal.pt\/wp-content\/uploads\/2023\/06\/Visita-a-Galiza-5-300x135.jpg 300w, https:\/\/bojornal.pt\/wp-content\/uploads\/2023\/06\/Visita-a-Galiza-5-150x67.jpg 150w, https:\/\/bojornal.pt\/wp-content\/uploads\/2023\/06\/Visita-a-Galiza-5-768x345.jpg 768w, https:\/\/bojornal.pt\/wp-content\/uploads\/2023\/06\/Visita-a-Galiza-5-1536x691.jpg 1536w, https:\/\/bojornal.pt\/wp-content\/uploads\/2023\/06\/Visita-a-Galiza-5-2048x921.jpg 2048w\" sizes=\"auto, (max-width: 1024px) 100vw, 1024px\" \/><\/figure>\n\n\n\n<figure class=\"wp-block-image size-large is-style-default\"><img loading=\"lazy\" decoding=\"async\" width=\"1024\" height=\"461\" data-id=\"12875\" src=\"https:\/\/bojornal.pt\/wp-content\/uploads\/2023\/06\/Visita-a-Galiza-24-1024x461.jpg\" alt=\"\" class=\"wp-image-12875\" srcset=\"https:\/\/bojornal.pt\/wp-content\/uploads\/2023\/06\/Visita-a-Galiza-24-1024x461.jpg 1024w, https:\/\/bojornal.pt\/wp-content\/uploads\/2023\/06\/Visita-a-Galiza-24-300x135.jpg 300w, https:\/\/bojornal.pt\/wp-content\/uploads\/2023\/06\/Visita-a-Galiza-24-150x67.jpg 150w, https:\/\/bojornal.pt\/wp-content\/uploads\/2023\/06\/Visita-a-Galiza-24-768x345.jpg 768w, https:\/\/bojornal.pt\/wp-content\/uploads\/2023\/06\/Visita-a-Galiza-24-1536x691.jpg 1536w, https:\/\/bojornal.pt\/wp-content\/uploads\/2023\/06\/Visita-a-Galiza-24-2048x921.jpg 2048w\" sizes=\"auto, (max-width: 1024px) 100vw, 1024px\" \/><\/figure>\n\n\n\n<figure class=\"wp-block-image size-large is-style-default\"><img loading=\"lazy\" decoding=\"async\" width=\"1024\" height=\"461\" data-id=\"12882\" src=\"https:\/\/bojornal.pt\/wp-content\/uploads\/2023\/06\/Visita-a-Galiza-27-1024x461.jpg\" alt=\"\" class=\"wp-image-12882\" srcset=\"https:\/\/bojornal.pt\/wp-content\/uploads\/2023\/06\/Visita-a-Galiza-27-1024x461.jpg 1024w, https:\/\/bojornal.pt\/wp-content\/uploads\/2023\/06\/Visita-a-Galiza-27-300x135.jpg 300w, https:\/\/bojornal.pt\/wp-content\/uploads\/2023\/06\/Visita-a-Galiza-27-150x67.jpg 150w, https:\/\/bojornal.pt\/wp-content\/uploads\/2023\/06\/Visita-a-Galiza-27-768x345.jpg 768w, https:\/\/bojornal.pt\/wp-content\/uploads\/2023\/06\/Visita-a-Galiza-27-1536x691.jpg 1536w, https:\/\/bojornal.pt\/wp-content\/uploads\/2023\/06\/Visita-a-Galiza-27-2048x921.jpg 2048w\" sizes=\"auto, (max-width: 1024px) 100vw, 1024px\" \/><\/figure>\n\n\n\n<figure class=\"wp-block-image size-large is-style-default\"><img loading=\"lazy\" decoding=\"async\" width=\"461\" height=\"1024\" data-id=\"12878\" src=\"https:\/\/bojornal.pt\/wp-content\/uploads\/2023\/06\/Visita-a-Galiza-53-461x1024.jpg\" alt=\"\" class=\"wp-image-12878\" srcset=\"https:\/\/bojornal.pt\/wp-content\/uploads\/2023\/06\/Visita-a-Galiza-53-461x1024.jpg 461w, https:\/\/bojornal.pt\/wp-content\/uploads\/2023\/06\/Visita-a-Galiza-53-135x300.jpg 135w, https:\/\/bojornal.pt\/wp-content\/uploads\/2023\/06\/Visita-a-Galiza-53-67x150.jpg 67w, https:\/\/bojornal.pt\/wp-content\/uploads\/2023\/06\/Visita-a-Galiza-53-768x1708.jpg 768w, https:\/\/bojornal.pt\/wp-content\/uploads\/2023\/06\/Visita-a-Galiza-53-691x1536.jpg 691w, https:\/\/bojornal.pt\/wp-content\/uploads\/2023\/06\/Visita-a-Galiza-53-921x2048.jpg 921w, https:\/\/bojornal.pt\/wp-content\/uploads\/2023\/06\/Visita-a-Galiza-53-scaled.jpg 1151w\" sizes=\"auto, (max-width: 461px) 100vw, 461px\" \/><\/figure>\n\n\n\n<figure class=\"wp-block-image size-large is-style-default\"><img loading=\"lazy\" decoding=\"async\" width=\"1024\" height=\"461\" data-id=\"12880\" src=\"https:\/\/bojornal.pt\/wp-content\/uploads\/2023\/06\/Visita-a-Galiza-54-1024x461.jpg\" alt=\"\" class=\"wp-image-12880\" srcset=\"https:\/\/bojornal.pt\/wp-content\/uploads\/2023\/06\/Visita-a-Galiza-54-1024x461.jpg 1024w, https:\/\/bojornal.pt\/wp-content\/uploads\/2023\/06\/Visita-a-Galiza-54-300x135.jpg 300w, https:\/\/bojornal.pt\/wp-content\/uploads\/2023\/06\/Visita-a-Galiza-54-150x68.jpg 150w, https:\/\/bojornal.pt\/wp-content\/uploads\/2023\/06\/Visita-a-Galiza-54-768x346.jpg 768w, https:\/\/bojornal.pt\/wp-content\/uploads\/2023\/06\/Visita-a-Galiza-54-1536x691.jpg 1536w, https:\/\/bojornal.pt\/wp-content\/uploads\/2023\/06\/Visita-a-Galiza-54-2048x922.jpg 2048w\" sizes=\"auto, (max-width: 1024px) 100vw, 1024px\" \/><\/figure>\n\n\n\n<figure class=\"wp-block-image size-large is-style-default\"><img loading=\"lazy\" decoding=\"async\" width=\"1024\" height=\"461\" data-id=\"12879\" src=\"https:\/\/bojornal.pt\/wp-content\/uploads\/2023\/06\/Visita-a-Galiza-63-1024x461.jpg\" alt=\"\" class=\"wp-image-12879\" srcset=\"https:\/\/bojornal.pt\/wp-content\/uploads\/2023\/06\/Visita-a-Galiza-63-1024x461.jpg 1024w, https:\/\/bojornal.pt\/wp-content\/uploads\/2023\/06\/Visita-a-Galiza-63-300x135.jpg 300w, https:\/\/bojornal.pt\/wp-content\/uploads\/2023\/06\/Visita-a-Galiza-63-150x67.jpg 150w, https:\/\/bojornal.pt\/wp-content\/uploads\/2023\/06\/Visita-a-Galiza-63-768x345.jpg 768w, https:\/\/bojornal.pt\/wp-content\/uploads\/2023\/06\/Visita-a-Galiza-63-1536x691.jpg 1536w, https:\/\/bojornal.pt\/wp-content\/uploads\/2023\/06\/Visita-a-Galiza-63-2048x921.jpg 2048w\" sizes=\"auto, (max-width: 1024px) 100vw, 1024px\" \/><\/figure>\n\n\n\n<figure class=\"wp-block-image size-large is-style-default\"><img loading=\"lazy\" decoding=\"async\" width=\"1024\" height=\"461\" data-id=\"12877\" src=\"https:\/\/bojornal.pt\/wp-content\/uploads\/2023\/06\/Visita-a-Galiza-70-1024x461.jpg\" alt=\"\" class=\"wp-image-12877\" srcset=\"https:\/\/bojornal.pt\/wp-content\/uploads\/2023\/06\/Visita-a-Galiza-70-1024x461.jpg 1024w, https:\/\/bojornal.pt\/wp-content\/uploads\/2023\/06\/Visita-a-Galiza-70-300x135.jpg 300w, https:\/\/bojornal.pt\/wp-content\/uploads\/2023\/06\/Visita-a-Galiza-70-150x67.jpg 150w, https:\/\/bojornal.pt\/wp-content\/uploads\/2023\/06\/Visita-a-Galiza-70-768x345.jpg 768w, https:\/\/bojornal.pt\/wp-content\/uploads\/2023\/06\/Visita-a-Galiza-70-1536x691.jpg 1536w, https:\/\/bojornal.pt\/wp-content\/uploads\/2023\/06\/Visita-a-Galiza-70-2048x921.jpg 2048w\" sizes=\"auto, (max-width: 1024px) 100vw, 1024px\" \/><\/figure>\n\n\n\n<figure class=\"wp-block-image size-large is-style-default\"><img loading=\"lazy\" decoding=\"async\" width=\"461\" height=\"1024\" data-id=\"12881\" src=\"https:\/\/bojornal.pt\/wp-content\/uploads\/2023\/06\/Visita-a-Galiza-71-461x1024.jpg\" alt=\"\" class=\"wp-image-12881\" srcset=\"https:\/\/bojornal.pt\/wp-content\/uploads\/2023\/06\/Visita-a-Galiza-71-461x1024.jpg 461w, https:\/\/bojornal.pt\/wp-content\/uploads\/2023\/06\/Visita-a-Galiza-71-135x300.jpg 135w, https:\/\/bojornal.pt\/wp-content\/uploads\/2023\/06\/Visita-a-Galiza-71-67x150.jpg 67w, https:\/\/bojornal.pt\/wp-content\/uploads\/2023\/06\/Visita-a-Galiza-71-768x1708.jpg 768w, https:\/\/bojornal.pt\/wp-content\/uploads\/2023\/06\/Visita-a-Galiza-71-691x1536.jpg 691w, https:\/\/bojornal.pt\/wp-content\/uploads\/2023\/06\/Visita-a-Galiza-71-921x2048.jpg 921w, https:\/\/bojornal.pt\/wp-content\/uploads\/2023\/06\/Visita-a-Galiza-71-scaled.jpg 1151w\" sizes=\"auto, (max-width: 461px) 100vw, 461px\" \/><\/figure>\n<\/figure>\n\n\n\n<p>Os alunos de 8\u00baano, inscritos em EMRC e Espanhol, participaram numa visita de estudo \u00e0 Galiza. Nos passados dias 12 e 13 de junho, os estudantes brigantinos tiveram a oportunidade de aprofundar os conhecimentos em diversas \u00e1reas. Na Corunha, os jovens visitaram a Torre de H\u00e9rcules, a Casa das Ci\u00eancias e Casa do Homem, onde tiveram a oportunidade de fazerem diversas din\u00e2micas e visitaram, ainda, o Aquarium Finisterrae. Chegados a Santiago de Compostela, os alunos deslocaram-se \u00e0 Catedral onde contemplaram e  contactaram com o fen\u00f3meno da peregrina\u00e7\u00e3o, num dos maiores centros de peregrina\u00e7\u00e3o do cristianismo. Por fim, o grupo deslocou-se ao Grove onde conheceu a Capelinha das Conchas e viajou de barco para conhecer os viveiros dos Mexilh\u00f5es. <\/p>\n","protected":false},"excerpt":{"rendered":"<p>Alunos de 8\u00baano visitaram a Galiza Os alunos de 8\u00baano, inscritos em EMRC e Espanhol, participaram numa visita de estudo \u00e0 Galiza. Nos passados dias 12 e 13 de junho, os estudantes brigantinos tiveram&#46;&#46;&#46;<\/p>\n","protected":false},"author":2,"featured_media":12878,"comment_status":"closed","ping_status":"open","sticky":false,"template":"","format":"standard","meta":{"footnotes":""},"categories":[9,16],"tags":[],"class_list":["post-12873","post","type-post","status-publish","format-standard","has-post-thumbnail","hentry","category-em-foco","category-escola-secundaria-emidio-garcia"],"_links":{"self":[{"href":"https:\/\/bojornal.pt\/index.php?rest_route=\/wp\/v2\/posts\/12873","targetHints":{"allow":["GET"]}}],"collection":[{"href":"https:\/\/bojornal.pt\/index.php?rest_route=\/wp\/v2\/posts"}],"about":[{"href":"https:\/\/bojornal.pt\/index.php?rest_route=\/wp\/v2\/types\/post"}],"author":[{"embeddable":true,"href":"https:\/\/bojornal.pt\/index.php?rest_route=\/wp\/v2\/users\/2"}],"replies":[{"embeddable":true,"href":"https:\/\/bojornal.pt\/index.php?rest_route=%2Fwp%2Fv2%2Fcomments&post=12873"}],"version-history":[{"count":0,"href":"https:\/\/bojornal.pt\/index.php?rest_route=\/wp\/v2\/posts\/12873\/revisions"}],"wp:featuredmedia":[{"embeddable":true,"href":"https:\/\/bojornal.pt\/index.php?rest_route=\/wp\/v2\/media\/12878"}],"wp:attachment":[{"href":"https:\/\/bojornal.pt\/index.php?rest_route=%2Fwp%2Fv2%2Fmedia&parent=12873"}],"wp:term":[{"taxonomy":"category","embeddable":true,"href":"https:\/\/bojornal.pt\/index.php?rest_route=%2Fwp%2Fv2%2Fcategories&post=12873"},{"taxonomy":"post_tag","embeddable":true,"href":"https:\/\/bojornal.pt\/index.php?rest_route=%2Fwp%2Fv2%2Ftags&post=12873"}],"curies":[{"name":"wp","href":"https:\/\/api.w.org\/{rel}","templated":true}]}}