{"id":12844,"date":"2023-06-10T23:52:00","date_gmt":"2023-06-10T22:52:00","guid":{"rendered":"https:\/\/bojornal.pt\/?p=12844"},"modified":"2023-06-19T00:13:13","modified_gmt":"2023-06-18T23:13:13","slug":"alunos-visitam-cidade-berco","status":"publish","type":"post","link":"https:\/\/bojornal.pt\/?p=12844","title":{"rendered":"Alunos visitam &#8220;Cidade-ber\u00e7o&#8221;"},"content":{"rendered":"\n<p><strong>140 <em>Estudantes de 7\u00baano, em EMRC, conheceram Guimar\u00e3es<\/em><\/strong><\/p>\n\n\n\n<figure class=\"wp-block-gallery has-nested-images columns-default is-cropped wp-block-gallery-1 is-layout-flex wp-block-gallery-is-layout-flex\">\n<figure class=\"wp-block-image size-large is-style-default\"><img loading=\"lazy\" decoding=\"async\" width=\"1024\" height=\"461\" data-id=\"12852\" src=\"https:\/\/bojornal.pt\/wp-content\/uploads\/2023\/06\/visita-a-guimaraes-3-1024x461.jpg\" alt=\"\" class=\"wp-image-12852\" srcset=\"https:\/\/bojornal.pt\/wp-content\/uploads\/2023\/06\/visita-a-guimaraes-3-1024x461.jpg 1024w, https:\/\/bojornal.pt\/wp-content\/uploads\/2023\/06\/visita-a-guimaraes-3-300x135.jpg 300w, https:\/\/bojornal.pt\/wp-content\/uploads\/2023\/06\/visita-a-guimaraes-3-150x67.jpg 150w, https:\/\/bojornal.pt\/wp-content\/uploads\/2023\/06\/visita-a-guimaraes-3-768x345.jpg 768w, https:\/\/bojornal.pt\/wp-content\/uploads\/2023\/06\/visita-a-guimaraes-3-1536x691.jpg 1536w, https:\/\/bojornal.pt\/wp-content\/uploads\/2023\/06\/visita-a-guimaraes-3-2048x921.jpg 2048w\" sizes=\"auto, (max-width: 1024px) 100vw, 1024px\" \/><\/figure>\n\n\n\n<figure class=\"wp-block-image size-large is-style-default\"><img loading=\"lazy\" decoding=\"async\" width=\"1024\" height=\"461\" data-id=\"12855\" src=\"https:\/\/bojornal.pt\/wp-content\/uploads\/2023\/06\/visita-a-guimaraes-8-1024x461.jpg\" alt=\"\" class=\"wp-image-12855\" srcset=\"https:\/\/bojornal.pt\/wp-content\/uploads\/2023\/06\/visita-a-guimaraes-8-1024x461.jpg 1024w, https:\/\/bojornal.pt\/wp-content\/uploads\/2023\/06\/visita-a-guimaraes-8-300x135.jpg 300w, https:\/\/bojornal.pt\/wp-content\/uploads\/2023\/06\/visita-a-guimaraes-8-150x68.jpg 150w, https:\/\/bojornal.pt\/wp-content\/uploads\/2023\/06\/visita-a-guimaraes-8-768x346.jpg 768w, https:\/\/bojornal.pt\/wp-content\/uploads\/2023\/06\/visita-a-guimaraes-8-1536x691.jpg 1536w, https:\/\/bojornal.pt\/wp-content\/uploads\/2023\/06\/visita-a-guimaraes-8-2048x922.jpg 2048w\" sizes=\"auto, (max-width: 1024px) 100vw, 1024px\" \/><\/figure>\n\n\n\n<figure class=\"wp-block-image size-large is-style-default\"><img loading=\"lazy\" decoding=\"async\" width=\"1024\" height=\"461\" data-id=\"12854\" src=\"https:\/\/bojornal.pt\/wp-content\/uploads\/2023\/06\/visita-a-guimaraes-13-1024x461.jpg\" alt=\"\" class=\"wp-image-12854\" srcset=\"https:\/\/bojornal.pt\/wp-content\/uploads\/2023\/06\/visita-a-guimaraes-13-1024x461.jpg 1024w, https:\/\/bojornal.pt\/wp-content\/uploads\/2023\/06\/visita-a-guimaraes-13-300x135.jpg 300w, https:\/\/bojornal.pt\/wp-content\/uploads\/2023\/06\/visita-a-guimaraes-13-150x67.jpg 150w, https:\/\/bojornal.pt\/wp-content\/uploads\/2023\/06\/visita-a-guimaraes-13-768x345.jpg 768w, https:\/\/bojornal.pt\/wp-content\/uploads\/2023\/06\/visita-a-guimaraes-13-1536x691.jpg 1536w, https:\/\/bojornal.pt\/wp-content\/uploads\/2023\/06\/visita-a-guimaraes-13-2048x921.jpg 2048w\" sizes=\"auto, (max-width: 1024px) 100vw, 1024px\" \/><\/figure>\n\n\n\n<figure class=\"wp-block-image size-large is-style-default\"><img loading=\"lazy\" decoding=\"async\" width=\"1024\" height=\"461\" data-id=\"12849\" src=\"https:\/\/bojornal.pt\/wp-content\/uploads\/2023\/06\/visita-a-guimaraes-18-1024x461.jpg\" alt=\"\" class=\"wp-image-12849\" srcset=\"https:\/\/bojornal.pt\/wp-content\/uploads\/2023\/06\/visita-a-guimaraes-18-1024x461.jpg 1024w, https:\/\/bojornal.pt\/wp-content\/uploads\/2023\/06\/visita-a-guimaraes-18-300x135.jpg 300w, https:\/\/bojornal.pt\/wp-content\/uploads\/2023\/06\/visita-a-guimaraes-18-150x67.jpg 150w, https:\/\/bojornal.pt\/wp-content\/uploads\/2023\/06\/visita-a-guimaraes-18-768x345.jpg 768w, https:\/\/bojornal.pt\/wp-content\/uploads\/2023\/06\/visita-a-guimaraes-18-1536x691.jpg 1536w, https:\/\/bojornal.pt\/wp-content\/uploads\/2023\/06\/visita-a-guimaraes-18-2048x921.jpg 2048w\" sizes=\"auto, (max-width: 1024px) 100vw, 1024px\" \/><\/figure>\n\n\n\n<figure class=\"wp-block-image size-large is-style-default\"><img loading=\"lazy\" decoding=\"async\" width=\"1024\" height=\"461\" data-id=\"12853\" src=\"https:\/\/bojornal.pt\/wp-content\/uploads\/2023\/06\/visita-a-guimaraes-28-1024x461.jpg\" alt=\"\" class=\"wp-image-12853\" srcset=\"https:\/\/bojornal.pt\/wp-content\/uploads\/2023\/06\/visita-a-guimaraes-28-1024x461.jpg 1024w, https:\/\/bojornal.pt\/wp-content\/uploads\/2023\/06\/visita-a-guimaraes-28-300x135.jpg 300w, https:\/\/bojornal.pt\/wp-content\/uploads\/2023\/06\/visita-a-guimaraes-28-150x68.jpg 150w, https:\/\/bojornal.pt\/wp-content\/uploads\/2023\/06\/visita-a-guimaraes-28-768x346.jpg 768w, https:\/\/bojornal.pt\/wp-content\/uploads\/2023\/06\/visita-a-guimaraes-28-1536x691.jpg 1536w, https:\/\/bojornal.pt\/wp-content\/uploads\/2023\/06\/visita-a-guimaraes-28-2048x922.jpg 2048w\" sizes=\"auto, (max-width: 1024px) 100vw, 1024px\" \/><\/figure>\n\n\n\n<figure class=\"wp-block-image size-large is-style-default\"><img loading=\"lazy\" decoding=\"async\" width=\"1024\" height=\"461\" data-id=\"12847\" src=\"https:\/\/bojornal.pt\/wp-content\/uploads\/2023\/06\/visita-a-guimaraes-43-1024x461.jpg\" alt=\"\" class=\"wp-image-12847\" srcset=\"https:\/\/bojornal.pt\/wp-content\/uploads\/2023\/06\/visita-a-guimaraes-43-1024x461.jpg 1024w, https:\/\/bojornal.pt\/wp-content\/uploads\/2023\/06\/visita-a-guimaraes-43-300x135.jpg 300w, https:\/\/bojornal.pt\/wp-content\/uploads\/2023\/06\/visita-a-guimaraes-43-150x67.jpg 150w, https:\/\/bojornal.pt\/wp-content\/uploads\/2023\/06\/visita-a-guimaraes-43-768x345.jpg 768w, https:\/\/bojornal.pt\/wp-content\/uploads\/2023\/06\/visita-a-guimaraes-43-1536x691.jpg 1536w, https:\/\/bojornal.pt\/wp-content\/uploads\/2023\/06\/visita-a-guimaraes-43-2048x921.jpg 2048w\" sizes=\"auto, (max-width: 1024px) 100vw, 1024px\" \/><\/figure>\n\n\n\n<figure class=\"wp-block-image size-large is-style-default\"><img loading=\"lazy\" decoding=\"async\" width=\"1024\" height=\"461\" data-id=\"12848\" src=\"https:\/\/bojornal.pt\/wp-content\/uploads\/2023\/06\/visita-a-guimaraes-61-1024x461.jpg\" alt=\"\" class=\"wp-image-12848\" srcset=\"https:\/\/bojornal.pt\/wp-content\/uploads\/2023\/06\/visita-a-guimaraes-61-1024x461.jpg 1024w, https:\/\/bojornal.pt\/wp-content\/uploads\/2023\/06\/visita-a-guimaraes-61-300x135.jpg 300w, https:\/\/bojornal.pt\/wp-content\/uploads\/2023\/06\/visita-a-guimaraes-61-150x67.jpg 150w, https:\/\/bojornal.pt\/wp-content\/uploads\/2023\/06\/visita-a-guimaraes-61-768x345.jpg 768w, https:\/\/bojornal.pt\/wp-content\/uploads\/2023\/06\/visita-a-guimaraes-61-1536x691.jpg 1536w, https:\/\/bojornal.pt\/wp-content\/uploads\/2023\/06\/visita-a-guimaraes-61-2048x921.jpg 2048w\" sizes=\"auto, (max-width: 1024px) 100vw, 1024px\" \/><\/figure>\n\n\n\n<figure class=\"wp-block-image size-large is-style-default\"><img loading=\"lazy\" decoding=\"async\" width=\"461\" height=\"1024\" data-id=\"12846\" src=\"https:\/\/bojornal.pt\/wp-content\/uploads\/2023\/06\/visita-a-guimaraes-63-461x1024.jpg\" alt=\"\" class=\"wp-image-12846\" srcset=\"https:\/\/bojornal.pt\/wp-content\/uploads\/2023\/06\/visita-a-guimaraes-63-461x1024.jpg 461w, https:\/\/bojornal.pt\/wp-content\/uploads\/2023\/06\/visita-a-guimaraes-63-135x300.jpg 135w, https:\/\/bojornal.pt\/wp-content\/uploads\/2023\/06\/visita-a-guimaraes-63-67x150.jpg 67w, https:\/\/bojornal.pt\/wp-content\/uploads\/2023\/06\/visita-a-guimaraes-63-768x1708.jpg 768w, https:\/\/bojornal.pt\/wp-content\/uploads\/2023\/06\/visita-a-guimaraes-63-691x1536.jpg 691w, https:\/\/bojornal.pt\/wp-content\/uploads\/2023\/06\/visita-a-guimaraes-63-921x2048.jpg 921w, https:\/\/bojornal.pt\/wp-content\/uploads\/2023\/06\/visita-a-guimaraes-63-scaled.jpg 1151w\" sizes=\"auto, (max-width: 461px) 100vw, 461px\" \/><\/figure>\n\n\n\n<figure class=\"wp-block-image size-large is-style-default\"><img loading=\"lazy\" decoding=\"async\" width=\"461\" height=\"1024\" data-id=\"12851\" src=\"https:\/\/bojornal.pt\/wp-content\/uploads\/2023\/06\/visita-a-guimaraes-64-461x1024.jpg\" alt=\"\" class=\"wp-image-12851\" srcset=\"https:\/\/bojornal.pt\/wp-content\/uploads\/2023\/06\/visita-a-guimaraes-64-461x1024.jpg 461w, https:\/\/bojornal.pt\/wp-content\/uploads\/2023\/06\/visita-a-guimaraes-64-135x300.jpg 135w, https:\/\/bojornal.pt\/wp-content\/uploads\/2023\/06\/visita-a-guimaraes-64-67x150.jpg 67w, https:\/\/bojornal.pt\/wp-content\/uploads\/2023\/06\/visita-a-guimaraes-64-768x1708.jpg 768w, https:\/\/bojornal.pt\/wp-content\/uploads\/2023\/06\/visita-a-guimaraes-64-691x1536.jpg 691w, https:\/\/bojornal.pt\/wp-content\/uploads\/2023\/06\/visita-a-guimaraes-64-921x2048.jpg 921w, https:\/\/bojornal.pt\/wp-content\/uploads\/2023\/06\/visita-a-guimaraes-64-scaled.jpg 1151w\" sizes=\"auto, (max-width: 461px) 100vw, 461px\" \/><\/figure>\n\n\n\n<figure class=\"wp-block-image size-large is-style-default\"><img loading=\"lazy\" decoding=\"async\" width=\"1024\" height=\"768\" data-id=\"12850\" src=\"https:\/\/bojornal.pt\/wp-content\/uploads\/2023\/06\/visita-a-guimaraes-70-1024x768.jpg\" alt=\"\" class=\"wp-image-12850\" srcset=\"https:\/\/bojornal.pt\/wp-content\/uploads\/2023\/06\/visita-a-guimaraes-70-1024x768.jpg 1024w, https:\/\/bojornal.pt\/wp-content\/uploads\/2023\/06\/visita-a-guimaraes-70-300x225.jpg 300w, https:\/\/bojornal.pt\/wp-content\/uploads\/2023\/06\/visita-a-guimaraes-70-150x113.jpg 150w, https:\/\/bojornal.pt\/wp-content\/uploads\/2023\/06\/visita-a-guimaraes-70-768x576.jpg 768w, https:\/\/bojornal.pt\/wp-content\/uploads\/2023\/06\/visita-a-guimaraes-70-1536x1152.jpg 1536w, https:\/\/bojornal.pt\/wp-content\/uploads\/2023\/06\/visita-a-guimaraes-70-2048x1536.jpg 2048w\" sizes=\"auto, (max-width: 1024px) 100vw, 1024px\" \/><\/figure>\n<\/figure>\n\n\n\n<p>Os alunos de 7.\u00ba ano, inscritos na disciplina de EMRC, visitaram a cidade de Guimar\u00e3es. Os 140 estudantes tiveram a oportunidade de conhecerem a Cit\u00e2nia de Briteiros, o Museu da Cultura Castreja, o Pa\u00e7o dos Duques e o Castelo de Guimar\u00e3es. Esta foi uma oportunidade para os alunos aprofundarem os seus conhecimentos em diversas \u00e1reas e fortalecerem os la\u00e7os de amizade. <\/p>\n","protected":false},"excerpt":{"rendered":"<p>140 Estudantes de 7\u00baano, em EMRC, conheceram Guimar\u00e3es Os alunos de 7.\u00ba ano, inscritos na disciplina de EMRC, visitaram a cidade de Guimar\u00e3es. Os 140 estudantes tiveram a oportunidade de conhecerem a Cit\u00e2nia de&#46;&#46;&#46;<\/p>\n","protected":false},"author":2,"featured_media":12848,"comment_status":"closed","ping_status":"open","sticky":false,"template":"","format":"standard","meta":{"footnotes":""},"categories":[2,9,16],"tags":[],"class_list":["post-12844","post","type-post","status-publish","format-standard","has-post-thumbnail","hentry","category-atualidade","category-em-foco","category-escola-secundaria-emidio-garcia"],"_links":{"self":[{"href":"https:\/\/bojornal.pt\/index.php?rest_route=\/wp\/v2\/posts\/12844","targetHints":{"allow":["GET"]}}],"collection":[{"href":"https:\/\/bojornal.pt\/index.php?rest_route=\/wp\/v2\/posts"}],"about":[{"href":"https:\/\/bojornal.pt\/index.php?rest_route=\/wp\/v2\/types\/post"}],"author":[{"embeddable":true,"href":"https:\/\/bojornal.pt\/index.php?rest_route=\/wp\/v2\/users\/2"}],"replies":[{"embeddable":true,"href":"https:\/\/bojornal.pt\/index.php?rest_route=%2Fwp%2Fv2%2Fcomments&post=12844"}],"version-history":[{"count":0,"href":"https:\/\/bojornal.pt\/index.php?rest_route=\/wp\/v2\/posts\/12844\/revisions"}],"wp:featuredmedia":[{"embeddable":true,"href":"https:\/\/bojornal.pt\/index.php?rest_route=\/wp\/v2\/media\/12848"}],"wp:attachment":[{"href":"https:\/\/bojornal.pt\/index.php?rest_route=%2Fwp%2Fv2%2Fmedia&parent=12844"}],"wp:term":[{"taxonomy":"category","embeddable":true,"href":"https:\/\/bojornal.pt\/index.php?rest_route=%2Fwp%2Fv2%2Fcategories&post=12844"},{"taxonomy":"post_tag","embeddable":true,"href":"https:\/\/bojornal.pt\/index.php?rest_route=%2Fwp%2Fv2%2Ftags&post=12844"}],"curies":[{"name":"wp","href":"https:\/\/api.w.org\/{rel}","templated":true}]}}