{"id":12787,"date":"2023-06-02T23:45:00","date_gmt":"2023-06-02T22:45:00","guid":{"rendered":"https:\/\/bojornal.pt\/?p=12787"},"modified":"2023-06-18T23:51:56","modified_gmt":"2023-06-18T22:51:56","slug":"bencao-de-finalistas-2023","status":"publish","type":"post","link":"https:\/\/bojornal.pt\/?p=12787","title":{"rendered":"B\u00ean\u00e7\u00e3o de Finalistas 2023"},"content":{"rendered":"\n<p><strong><em>D. Delfim Gomes, Bispo-auxiliar de Braga, presidiu \u00e0 Celebra\u00e7\u00e3o. <\/em><\/strong><\/p>\n\n\n\n<figure class=\"wp-block-gallery has-nested-images columns-default is-cropped wp-block-gallery-1 is-layout-flex wp-block-gallery-is-layout-flex\">\n<figure class=\"wp-block-image size-medium is-style-default\"><img loading=\"lazy\" decoding=\"async\" width=\"300\" height=\"200\" data-id=\"12823\" src=\"https:\/\/bojornal.pt\/wp-content\/uploads\/2023\/06\/Bencao-de-finalistas-2023-50-300x200.jpg\" alt=\"\" class=\"wp-image-12823\" srcset=\"https:\/\/bojornal.pt\/wp-content\/uploads\/2023\/06\/Bencao-de-finalistas-2023-50-300x200.jpg 300w, https:\/\/bojornal.pt\/wp-content\/uploads\/2023\/06\/Bencao-de-finalistas-2023-50-1024x683.jpg 1024w, https:\/\/bojornal.pt\/wp-content\/uploads\/2023\/06\/Bencao-de-finalistas-2023-50-150x100.jpg 150w, https:\/\/bojornal.pt\/wp-content\/uploads\/2023\/06\/Bencao-de-finalistas-2023-50-768x512.jpg 768w, https:\/\/bojornal.pt\/wp-content\/uploads\/2023\/06\/Bencao-de-finalistas-2023-50-1536x1024.jpg 1536w, https:\/\/bojornal.pt\/wp-content\/uploads\/2023\/06\/Bencao-de-finalistas-2023-50-2048x1365.jpg 2048w\" sizes=\"auto, (max-width: 300px) 100vw, 300px\" \/><\/figure>\n<\/figure>\n\n\n\n<p>O Agrupamento de Escolas Em\u00eddio Garcia celebrou, no passado dia 1 de junho, a B\u00ean\u00e7\u00e3o de Finalistas 2023. A Eucaristia foi presidida por D. Delfim Gomes, Bispo de Dume e auxiliar de Braga e ex-aluno e ex-professor de EMRC do nosso agrupamento. Cerca de 150 alunos de 12\u00ba ano viveram momentos de muita emo\u00e7\u00e3o, numa experi\u00eancia marcante no percurso acad\u00e9mico destes jovens. A Celebra\u00e7\u00e3o teve como tema central a passagem b\u00edblica: &#8220;Eu Sou a Luz do mundo&#8221; e contou com a participa\u00e7\u00e3o de grande parte dos alunos, principalmente do ensino secund\u00e1rio. A este momento especial dos nossos alunos, juntaram-se muitos pais e familiares que demonstraram a import\u00e2ncia da fam\u00edlia, em sintonia, com a escola, na caminhada de cada aluno.<\/p>\n\n\n\n<p>Felicidades para os nossos finalistas. <\/p>\n","protected":false},"excerpt":{"rendered":"<p>D. Delfim Gomes, Bispo-auxiliar de Braga, presidiu \u00e0 Celebra\u00e7\u00e3o. O Agrupamento de Escolas Em\u00eddio Garcia celebrou, no passado dia 1 de junho, a B\u00ean\u00e7\u00e3o de Finalistas 2023. A Eucaristia foi presidida por D. Delfim&#46;&#46;&#46;<\/p>\n","protected":false},"author":2,"featured_media":12827,"comment_status":"closed","ping_status":"open","sticky":false,"template":"","format":"standard","meta":{"footnotes":""},"categories":[27,9,16],"tags":[],"class_list":["post-12787","post","type-post","status-publish","format-standard","has-post-thumbnail","hentry","category-aeeg","category-em-foco","category-escola-secundaria-emidio-garcia"],"_links":{"self":[{"href":"https:\/\/bojornal.pt\/index.php?rest_route=\/wp\/v2\/posts\/12787","targetHints":{"allow":["GET"]}}],"collection":[{"href":"https:\/\/bojornal.pt\/index.php?rest_route=\/wp\/v2\/posts"}],"about":[{"href":"https:\/\/bojornal.pt\/index.php?rest_route=\/wp\/v2\/types\/post"}],"author":[{"embeddable":true,"href":"https:\/\/bojornal.pt\/index.php?rest_route=\/wp\/v2\/users\/2"}],"replies":[{"embeddable":true,"href":"https:\/\/bojornal.pt\/index.php?rest_route=%2Fwp%2Fv2%2Fcomments&post=12787"}],"version-history":[{"count":0,"href":"https:\/\/bojornal.pt\/index.php?rest_route=\/wp\/v2\/posts\/12787\/revisions"}],"wp:featuredmedia":[{"embeddable":true,"href":"https:\/\/bojornal.pt\/index.php?rest_route=\/wp\/v2\/media\/12827"}],"wp:attachment":[{"href":"https:\/\/bojornal.pt\/index.php?rest_route=%2Fwp%2Fv2%2Fmedia&parent=12787"}],"wp:term":[{"taxonomy":"category","embeddable":true,"href":"https:\/\/bojornal.pt\/index.php?rest_route=%2Fwp%2Fv2%2Fcategories&post=12787"},{"taxonomy":"post_tag","embeddable":true,"href":"https:\/\/bojornal.pt\/index.php?rest_route=%2Fwp%2Fv2%2Ftags&post=12787"}],"curies":[{"name":"wp","href":"https:\/\/api.w.org\/{rel}","templated":true}]}}