{"id":12759,"date":"2023-05-18T00:45:00","date_gmt":"2023-05-17T23:45:00","guid":{"rendered":"https:\/\/bojornal.pt\/?p=12759"},"modified":"2023-05-24T00:49:04","modified_gmt":"2023-05-23T23:49:04","slug":"fomos-ao-teatro","status":"publish","type":"post","link":"https:\/\/bojornal.pt\/?p=12759","title":{"rendered":"Fomos ao Teatro!"},"content":{"rendered":"\n<figure class=\"wp-block-gallery has-nested-images columns-default is-cropped wp-block-gallery-1 is-layout-flex wp-block-gallery-is-layout-flex\">\n<figure class=\"wp-block-image size-large is-style-default\"><img loading=\"lazy\" decoding=\"async\" width=\"1024\" height=\"766\" data-id=\"12764\" src=\"https:\/\/bojornal.pt\/wp-content\/uploads\/2023\/05\/1683720565898-1024x766.jpg\" alt=\"\" class=\"wp-image-12764\" srcset=\"https:\/\/bojornal.pt\/wp-content\/uploads\/2023\/05\/1683720565898-1024x766.jpg 1024w, https:\/\/bojornal.pt\/wp-content\/uploads\/2023\/05\/1683720565898-300x224.jpg 300w, https:\/\/bojornal.pt\/wp-content\/uploads\/2023\/05\/1683720565898-150x112.jpg 150w, https:\/\/bojornal.pt\/wp-content\/uploads\/2023\/05\/1683720565898-768x574.jpg 768w, https:\/\/bojornal.pt\/wp-content\/uploads\/2023\/05\/1683720565898-1536x1149.jpg 1536w, https:\/\/bojornal.pt\/wp-content\/uploads\/2023\/05\/1683720565898-2048x1532.jpg 2048w\" sizes=\"auto, (max-width: 1024px) 100vw, 1024px\" \/><\/figure>\n\n\n\n<figure class=\"wp-block-image size-large is-style-default\"><img loading=\"lazy\" decoding=\"async\" width=\"1024\" height=\"766\" data-id=\"12763\" src=\"https:\/\/bojornal.pt\/wp-content\/uploads\/2023\/05\/1683285124228-1024x766.jpg\" alt=\"\" class=\"wp-image-12763\" srcset=\"https:\/\/bojornal.pt\/wp-content\/uploads\/2023\/05\/1683285124228-1024x766.jpg 1024w, https:\/\/bojornal.pt\/wp-content\/uploads\/2023\/05\/1683285124228-300x224.jpg 300w, https:\/\/bojornal.pt\/wp-content\/uploads\/2023\/05\/1683285124228-150x112.jpg 150w, https:\/\/bojornal.pt\/wp-content\/uploads\/2023\/05\/1683285124228-768x574.jpg 768w, https:\/\/bojornal.pt\/wp-content\/uploads\/2023\/05\/1683285124228-1536x1149.jpg 1536w, https:\/\/bojornal.pt\/wp-content\/uploads\/2023\/05\/1683285124228-2048x1532.jpg 2048w\" sizes=\"auto, (max-width: 1024px) 100vw, 1024px\" \/><\/figure>\n\n\n\n<figure class=\"wp-block-image size-large is-style-default\"><img loading=\"lazy\" decoding=\"async\" width=\"1024\" height=\"766\" data-id=\"12762\" src=\"https:\/\/bojornal.pt\/wp-content\/uploads\/2023\/05\/1683285124268-1024x766.jpg\" alt=\"\" class=\"wp-image-12762\" srcset=\"https:\/\/bojornal.pt\/wp-content\/uploads\/2023\/05\/1683285124268-1024x766.jpg 1024w, https:\/\/bojornal.pt\/wp-content\/uploads\/2023\/05\/1683285124268-300x224.jpg 300w, https:\/\/bojornal.pt\/wp-content\/uploads\/2023\/05\/1683285124268-150x112.jpg 150w, https:\/\/bojornal.pt\/wp-content\/uploads\/2023\/05\/1683285124268-768x574.jpg 768w, https:\/\/bojornal.pt\/wp-content\/uploads\/2023\/05\/1683285124268-1536x1149.jpg 1536w, https:\/\/bojornal.pt\/wp-content\/uploads\/2023\/05\/1683285124268-2048x1532.jpg 2048w\" sizes=\"auto, (max-width: 1024px) 100vw, 1024px\" \/><\/figure>\n\n\n\n<figure class=\"wp-block-image size-large is-style-default\"><img loading=\"lazy\" decoding=\"async\" width=\"1024\" height=\"766\" data-id=\"12761\" src=\"https:\/\/bojornal.pt\/wp-content\/uploads\/2023\/05\/1683821233600-1024x766.jpg\" alt=\"\" class=\"wp-image-12761\" srcset=\"https:\/\/bojornal.pt\/wp-content\/uploads\/2023\/05\/1683821233600-1024x766.jpg 1024w, https:\/\/bojornal.pt\/wp-content\/uploads\/2023\/05\/1683821233600-300x224.jpg 300w, https:\/\/bojornal.pt\/wp-content\/uploads\/2023\/05\/1683821233600-150x112.jpg 150w, https:\/\/bojornal.pt\/wp-content\/uploads\/2023\/05\/1683821233600-768x574.jpg 768w, https:\/\/bojornal.pt\/wp-content\/uploads\/2023\/05\/1683821233600-1536x1149.jpg 1536w, https:\/\/bojornal.pt\/wp-content\/uploads\/2023\/05\/1683821233600-2048x1532.jpg 2048w\" sizes=\"auto, (max-width: 1024px) 100vw, 1024px\" \/><\/figure>\n\n\n\n<figure class=\"wp-block-image size-large is-style-default\"><img loading=\"lazy\" decoding=\"async\" width=\"960\" height=\"720\" data-id=\"12760\" src=\"https:\/\/bojornal.pt\/wp-content\/uploads\/2023\/05\/1683795598617-rotated.jpg\" alt=\"\" class=\"wp-image-12760\" srcset=\"https:\/\/bojornal.pt\/wp-content\/uploads\/2023\/05\/1683795598617-rotated.jpg 960w, https:\/\/bojornal.pt\/wp-content\/uploads\/2023\/05\/1683795598617-300x225.jpg 300w, https:\/\/bojornal.pt\/wp-content\/uploads\/2023\/05\/1683795598617-150x113.jpg 150w, https:\/\/bojornal.pt\/wp-content\/uploads\/2023\/05\/1683795598617-768x576.jpg 768w\" sizes=\"auto, (max-width: 960px) 100vw, 960px\" \/><\/figure>\n<\/figure>\n\n\n\n<p>A Biblioteca \u00c1lvaro Gomes em conjunto com o Teatro Municipal de Bragan\u00e7a  (TMB) proporcionou aos alunos de 6\u00ba ano uma \u201cviagem\u201d ao lado de dentro do TMB.<br \/>Pela m\u00e3o do sr. Diretor do Teatro, Dr. Jo\u00e3o Cunha, e dos elementos da equipa, os alunos<br \/>percorreram os espa\u00e7os que habitualmente n\u00e3o est\u00e3o dispon\u00edveis ao p\u00fablico.<br \/>No <em>foyer<\/em>, o painel de azulejos de Gra\u00e7a Morais deu as boas-vindas aos v\u00e1rios grupos que<br \/>visitaram as instala\u00e7\u00f5es.<br \/>Pacientemente foram, depois, encaminhados para os camarins, o audit\u00f3rio, a pra\u00e7a sul\/norte, a <em>r\u00e9gie<\/em> \u2026 at\u00e9 puderam maravilhar-se com a maquinaria de cena.<br \/>A equipa da biblioteca agradece a disponibilidade do Sr. Diretor e de todos os elementos da<br \/>equipa.<\/p>\n","protected":false},"excerpt":{"rendered":"<p>A Biblioteca \u00c1lvaro Gomes em conjunto com o Teatro Municipal de Bragan\u00e7a (TMB) proporcionou aos alunos de 6\u00ba ano uma \u201cviagem\u201d ao lado de dentro do TMB.Pela m\u00e3o do sr. Diretor do Teatro, Dr.&#46;&#46;&#46;<\/p>\n","protected":false},"author":2,"featured_media":12760,"comment_status":"closed","ping_status":"open","sticky":false,"template":"","format":"standard","meta":{"footnotes":""},"categories":[2,9,13],"tags":[],"class_list":["post-12759","post","type-post","status-publish","format-standard","has-post-thumbnail","hentry","category-atualidade","category-em-foco","category-escola-paulo-quintela"],"_links":{"self":[{"href":"https:\/\/bojornal.pt\/index.php?rest_route=\/wp\/v2\/posts\/12759","targetHints":{"allow":["GET"]}}],"collection":[{"href":"https:\/\/bojornal.pt\/index.php?rest_route=\/wp\/v2\/posts"}],"about":[{"href":"https:\/\/bojornal.pt\/index.php?rest_route=\/wp\/v2\/types\/post"}],"author":[{"embeddable":true,"href":"https:\/\/bojornal.pt\/index.php?rest_route=\/wp\/v2\/users\/2"}],"replies":[{"embeddable":true,"href":"https:\/\/bojornal.pt\/index.php?rest_route=%2Fwp%2Fv2%2Fcomments&post=12759"}],"version-history":[{"count":0,"href":"https:\/\/bojornal.pt\/index.php?rest_route=\/wp\/v2\/posts\/12759\/revisions"}],"wp:featuredmedia":[{"embeddable":true,"href":"https:\/\/bojornal.pt\/index.php?rest_route=\/wp\/v2\/media\/12760"}],"wp:attachment":[{"href":"https:\/\/bojornal.pt\/index.php?rest_route=%2Fwp%2Fv2%2Fmedia&parent=12759"}],"wp:term":[{"taxonomy":"category","embeddable":true,"href":"https:\/\/bojornal.pt\/index.php?rest_route=%2Fwp%2Fv2%2Fcategories&post=12759"},{"taxonomy":"post_tag","embeddable":true,"href":"https:\/\/bojornal.pt\/index.php?rest_route=%2Fwp%2Fv2%2Ftags&post=12759"}],"curies":[{"name":"wp","href":"https:\/\/api.w.org\/{rel}","templated":true}]}}