{"id":12755,"date":"2023-05-21T00:32:57","date_gmt":"2023-05-20T23:32:57","guid":{"rendered":"https:\/\/bojornal.pt\/?p=12755"},"modified":"2023-05-24T00:41:17","modified_gmt":"2023-05-23T23:41:17","slug":"rodrigo-sa-brilha-nas-olimpiadas-de-biologia","status":"publish","type":"post","link":"https:\/\/bojornal.pt\/?p=12755","title":{"rendered":"Rodrigo S\u00e1 brilha nas Olimp\u00edadas de Biologia"},"content":{"rendered":"\n<p><strong><em>Aluno do 9\u00baA ficou no top-10<\/em><\/strong><\/p>\n\n\n\n<figure class=\"wp-block-gallery has-nested-images columns-default is-cropped wp-block-gallery-1 is-layout-flex wp-block-gallery-is-layout-flex\">\n<figure class=\"wp-block-image size-large is-style-default\"><img loading=\"lazy\" decoding=\"async\" width=\"1024\" height=\"473\" data-id=\"12756\" src=\"https:\/\/bojornal.pt\/wp-content\/uploads\/2023\/05\/OlimpiadasBiologia_Rodrigo-Sa-1-1024x473.jpg\" alt=\"\" class=\"wp-image-12756\" srcset=\"https:\/\/bojornal.pt\/wp-content\/uploads\/2023\/05\/OlimpiadasBiologia_Rodrigo-Sa-1-1024x473.jpg 1024w, https:\/\/bojornal.pt\/wp-content\/uploads\/2023\/05\/OlimpiadasBiologia_Rodrigo-Sa-1-300x139.jpg 300w, https:\/\/bojornal.pt\/wp-content\/uploads\/2023\/05\/OlimpiadasBiologia_Rodrigo-Sa-1-150x69.jpg 150w, https:\/\/bojornal.pt\/wp-content\/uploads\/2023\/05\/OlimpiadasBiologia_Rodrigo-Sa-1-768x355.jpg 768w, https:\/\/bojornal.pt\/wp-content\/uploads\/2023\/05\/OlimpiadasBiologia_Rodrigo-Sa-1-1536x710.jpg 1536w, https:\/\/bojornal.pt\/wp-content\/uploads\/2023\/05\/OlimpiadasBiologia_Rodrigo-Sa-1-2048x947.jpg 2048w\" sizes=\"auto, (max-width: 1024px) 100vw, 1024px\" \/><\/figure>\n\n\n\n<figure class=\"wp-block-image size-large is-style-default\"><img loading=\"lazy\" decoding=\"async\" width=\"473\" height=\"1024\" data-id=\"12757\" src=\"https:\/\/bojornal.pt\/wp-content\/uploads\/2023\/05\/OlimpiadasBiologia_Rodrigo-Sa-2-473x1024.jpg\" alt=\"\" class=\"wp-image-12757\" srcset=\"https:\/\/bojornal.pt\/wp-content\/uploads\/2023\/05\/OlimpiadasBiologia_Rodrigo-Sa-2-473x1024.jpg 473w, https:\/\/bojornal.pt\/wp-content\/uploads\/2023\/05\/OlimpiadasBiologia_Rodrigo-Sa-2-139x300.jpg 139w, https:\/\/bojornal.pt\/wp-content\/uploads\/2023\/05\/OlimpiadasBiologia_Rodrigo-Sa-2-69x150.jpg 69w, https:\/\/bojornal.pt\/wp-content\/uploads\/2023\/05\/OlimpiadasBiologia_Rodrigo-Sa-2-768x1662.jpg 768w, https:\/\/bojornal.pt\/wp-content\/uploads\/2023\/05\/OlimpiadasBiologia_Rodrigo-Sa-2-710x1536.jpg 710w, https:\/\/bojornal.pt\/wp-content\/uploads\/2023\/05\/OlimpiadasBiologia_Rodrigo-Sa-2-947x2048.jpg 947w, https:\/\/bojornal.pt\/wp-content\/uploads\/2023\/05\/OlimpiadasBiologia_Rodrigo-Sa-2-scaled.jpg 1183w\" sizes=\"auto, (max-width: 473px) 100vw, 473px\" \/><\/figure>\n<\/figure>\n\n\n\n<p>O nosso aluno Rodrigo S\u00e1 esteve em grande destaque nas Olimp\u00edadas J\u00fanior 2023, ao ficar entre os 10 melhores classificados de 9\u00baano. O estudante do Liceu conseguiu o segundo melhor resultado.<\/p>\n\n\n\n<p>Parab\u00e9ns!!!!<\/p>\n","protected":false},"excerpt":{"rendered":"<p>Aluno do 9\u00baA ficou no top-10 O nosso aluno Rodrigo S\u00e1 esteve em grande destaque nas Olimp\u00edadas J\u00fanior 2023, ao ficar entre os 10 melhores classificados de 9\u00baano. O estudante do Liceu conseguiu o&#46;&#46;&#46;<\/p>\n","protected":false},"author":2,"featured_media":12756,"comment_status":"closed","ping_status":"open","sticky":false,"template":"","format":"standard","meta":{"footnotes":""},"categories":[2,9,16],"tags":[],"class_list":["post-12755","post","type-post","status-publish","format-standard","has-post-thumbnail","hentry","category-atualidade","category-em-foco","category-escola-secundaria-emidio-garcia"],"_links":{"self":[{"href":"https:\/\/bojornal.pt\/index.php?rest_route=\/wp\/v2\/posts\/12755","targetHints":{"allow":["GET"]}}],"collection":[{"href":"https:\/\/bojornal.pt\/index.php?rest_route=\/wp\/v2\/posts"}],"about":[{"href":"https:\/\/bojornal.pt\/index.php?rest_route=\/wp\/v2\/types\/post"}],"author":[{"embeddable":true,"href":"https:\/\/bojornal.pt\/index.php?rest_route=\/wp\/v2\/users\/2"}],"replies":[{"embeddable":true,"href":"https:\/\/bojornal.pt\/index.php?rest_route=%2Fwp%2Fv2%2Fcomments&post=12755"}],"version-history":[{"count":0,"href":"https:\/\/bojornal.pt\/index.php?rest_route=\/wp\/v2\/posts\/12755\/revisions"}],"wp:featuredmedia":[{"embeddable":true,"href":"https:\/\/bojornal.pt\/index.php?rest_route=\/wp\/v2\/media\/12756"}],"wp:attachment":[{"href":"https:\/\/bojornal.pt\/index.php?rest_route=%2Fwp%2Fv2%2Fmedia&parent=12755"}],"wp:term":[{"taxonomy":"category","embeddable":true,"href":"https:\/\/bojornal.pt\/index.php?rest_route=%2Fwp%2Fv2%2Fcategories&post=12755"},{"taxonomy":"post_tag","embeddable":true,"href":"https:\/\/bojornal.pt\/index.php?rest_route=%2Fwp%2Fv2%2Ftags&post=12755"}],"curies":[{"name":"wp","href":"https:\/\/api.w.org\/{rel}","templated":true}]}}