{"id":12703,"date":"2023-05-12T09:08:00","date_gmt":"2023-05-12T08:08:00","guid":{"rendered":"https:\/\/bojornal.pt\/?p=12703"},"modified":"2023-05-15T09:37:18","modified_gmt":"2023-05-15T08:37:18","slug":"parlamento-dos-jovens-2","status":"publish","type":"post","link":"https:\/\/bojornal.pt\/?p=12703","title":{"rendered":"Parlamento dos Jovens"},"content":{"rendered":"\n<p><em><strong>Escola Em\u00eddio Garcia representou C\u00edrculo de Bragan\u00e7a na Sess\u00e3o Nacional<\/strong><\/em><\/p>\n\n\n\n<figure class=\"wp-block-gallery has-nested-images columns-default is-cropped wp-block-gallery-1 is-layout-flex wp-block-gallery-is-layout-flex\">\n<figure class=\"wp-block-image size-large is-style-default\"><img loading=\"lazy\" decoding=\"async\" width=\"1024\" height=\"461\" data-id=\"12706\" src=\"https:\/\/bojornal.pt\/wp-content\/uploads\/2023\/05\/parlamento-jovens_sessao-nacional-4-1024x461.jpeg\" alt=\"\" class=\"wp-image-12706\" srcset=\"https:\/\/bojornal.pt\/wp-content\/uploads\/2023\/05\/parlamento-jovens_sessao-nacional-4-1024x461.jpeg 1024w, https:\/\/bojornal.pt\/wp-content\/uploads\/2023\/05\/parlamento-jovens_sessao-nacional-4-300x135.jpeg 300w, https:\/\/bojornal.pt\/wp-content\/uploads\/2023\/05\/parlamento-jovens_sessao-nacional-4-150x68.jpeg 150w, https:\/\/bojornal.pt\/wp-content\/uploads\/2023\/05\/parlamento-jovens_sessao-nacional-4-768x346.jpeg 768w, https:\/\/bojornal.pt\/wp-content\/uploads\/2023\/05\/parlamento-jovens_sessao-nacional-4-1536x691.jpeg 1536w, https:\/\/bojornal.pt\/wp-content\/uploads\/2023\/05\/parlamento-jovens_sessao-nacional-4.jpeg 2000w\" sizes=\"auto, (max-width: 1024px) 100vw, 1024px\" \/><\/figure>\n\n\n\n<figure class=\"wp-block-image size-large is-style-default\"><img loading=\"lazy\" decoding=\"async\" width=\"1024\" height=\"461\" data-id=\"12707\" src=\"https:\/\/bojornal.pt\/wp-content\/uploads\/2023\/05\/parlamento-jovens_sessao-nacional-1-1024x461.jpeg\" alt=\"\" class=\"wp-image-12707\" srcset=\"https:\/\/bojornal.pt\/wp-content\/uploads\/2023\/05\/parlamento-jovens_sessao-nacional-1-1024x461.jpeg 1024w, https:\/\/bojornal.pt\/wp-content\/uploads\/2023\/05\/parlamento-jovens_sessao-nacional-1-300x135.jpeg 300w, https:\/\/bojornal.pt\/wp-content\/uploads\/2023\/05\/parlamento-jovens_sessao-nacional-1-150x68.jpeg 150w, https:\/\/bojornal.pt\/wp-content\/uploads\/2023\/05\/parlamento-jovens_sessao-nacional-1-768x346.jpeg 768w, https:\/\/bojornal.pt\/wp-content\/uploads\/2023\/05\/parlamento-jovens_sessao-nacional-1-1536x691.jpeg 1536w, https:\/\/bojornal.pt\/wp-content\/uploads\/2023\/05\/parlamento-jovens_sessao-nacional-1.jpeg 2000w\" sizes=\"auto, (max-width: 1024px) 100vw, 1024px\" \/><\/figure>\n\n\n\n<figure class=\"wp-block-image size-large is-style-default\"><img loading=\"lazy\" decoding=\"async\" width=\"1024\" height=\"768\" data-id=\"12715\" src=\"https:\/\/bojornal.pt\/wp-content\/uploads\/2023\/05\/parlamento-jovens_sessao-nacional-6-1024x768.jpeg\" alt=\"\" class=\"wp-image-12715\" srcset=\"https:\/\/bojornal.pt\/wp-content\/uploads\/2023\/05\/parlamento-jovens_sessao-nacional-6-1024x768.jpeg 1024w, https:\/\/bojornal.pt\/wp-content\/uploads\/2023\/05\/parlamento-jovens_sessao-nacional-6-300x225.jpeg 300w, https:\/\/bojornal.pt\/wp-content\/uploads\/2023\/05\/parlamento-jovens_sessao-nacional-6-150x113.jpeg 150w, https:\/\/bojornal.pt\/wp-content\/uploads\/2023\/05\/parlamento-jovens_sessao-nacional-6-768x576.jpeg 768w, https:\/\/bojornal.pt\/wp-content\/uploads\/2023\/05\/parlamento-jovens_sessao-nacional-6-1536x1152.jpeg 1536w, https:\/\/bojornal.pt\/wp-content\/uploads\/2023\/05\/parlamento-jovens_sessao-nacional-6.jpeg 2000w\" sizes=\"auto, (max-width: 1024px) 100vw, 1024px\" \/><\/figure>\n\n\n\n<figure class=\"wp-block-image size-large is-style-default\"><img loading=\"lazy\" decoding=\"async\" width=\"1024\" height=\"461\" data-id=\"12710\" src=\"https:\/\/bojornal.pt\/wp-content\/uploads\/2023\/05\/parlamento-jovens_sessao-nacional-7-1024x461.jpeg\" alt=\"\" class=\"wp-image-12710\" srcset=\"https:\/\/bojornal.pt\/wp-content\/uploads\/2023\/05\/parlamento-jovens_sessao-nacional-7-1024x461.jpeg 1024w, https:\/\/bojornal.pt\/wp-content\/uploads\/2023\/05\/parlamento-jovens_sessao-nacional-7-300x135.jpeg 300w, https:\/\/bojornal.pt\/wp-content\/uploads\/2023\/05\/parlamento-jovens_sessao-nacional-7-150x68.jpeg 150w, https:\/\/bojornal.pt\/wp-content\/uploads\/2023\/05\/parlamento-jovens_sessao-nacional-7-768x346.jpeg 768w, https:\/\/bojornal.pt\/wp-content\/uploads\/2023\/05\/parlamento-jovens_sessao-nacional-7-1536x691.jpeg 1536w, https:\/\/bojornal.pt\/wp-content\/uploads\/2023\/05\/parlamento-jovens_sessao-nacional-7.jpeg 2000w\" sizes=\"auto, (max-width: 1024px) 100vw, 1024px\" \/><\/figure>\n\n\n\n<figure class=\"wp-block-image size-large is-style-default\"><img loading=\"lazy\" decoding=\"async\" width=\"1024\" height=\"461\" data-id=\"12717\" src=\"https:\/\/bojornal.pt\/wp-content\/uploads\/2023\/05\/parlamento-jovens_sessao-nacional-10-1024x461.jpeg\" alt=\"\" class=\"wp-image-12717\" srcset=\"https:\/\/bojornal.pt\/wp-content\/uploads\/2023\/05\/parlamento-jovens_sessao-nacional-10-1024x461.jpeg 1024w, https:\/\/bojornal.pt\/wp-content\/uploads\/2023\/05\/parlamento-jovens_sessao-nacional-10-300x135.jpeg 300w, https:\/\/bojornal.pt\/wp-content\/uploads\/2023\/05\/parlamento-jovens_sessao-nacional-10-150x68.jpeg 150w, https:\/\/bojornal.pt\/wp-content\/uploads\/2023\/05\/parlamento-jovens_sessao-nacional-10-768x346.jpeg 768w, https:\/\/bojornal.pt\/wp-content\/uploads\/2023\/05\/parlamento-jovens_sessao-nacional-10-1536x691.jpeg 1536w, https:\/\/bojornal.pt\/wp-content\/uploads\/2023\/05\/parlamento-jovens_sessao-nacional-10.jpeg 2000w\" sizes=\"auto, (max-width: 1024px) 100vw, 1024px\" \/><\/figure>\n\n\n\n<figure class=\"wp-block-image size-large is-style-default\"><img loading=\"lazy\" decoding=\"async\" width=\"1024\" height=\"461\" data-id=\"12712\" src=\"https:\/\/bojornal.pt\/wp-content\/uploads\/2023\/05\/parlamento-jovens_sessao-nacional-12-1024x461.jpeg\" alt=\"\" class=\"wp-image-12712\" srcset=\"https:\/\/bojornal.pt\/wp-content\/uploads\/2023\/05\/parlamento-jovens_sessao-nacional-12-1024x461.jpeg 1024w, https:\/\/bojornal.pt\/wp-content\/uploads\/2023\/05\/parlamento-jovens_sessao-nacional-12-300x135.jpeg 300w, https:\/\/bojornal.pt\/wp-content\/uploads\/2023\/05\/parlamento-jovens_sessao-nacional-12-150x68.jpeg 150w, https:\/\/bojornal.pt\/wp-content\/uploads\/2023\/05\/parlamento-jovens_sessao-nacional-12-768x346.jpeg 768w, https:\/\/bojornal.pt\/wp-content\/uploads\/2023\/05\/parlamento-jovens_sessao-nacional-12-1536x691.jpeg 1536w, https:\/\/bojornal.pt\/wp-content\/uploads\/2023\/05\/parlamento-jovens_sessao-nacional-12.jpeg 2000w\" sizes=\"auto, (max-width: 1024px) 100vw, 1024px\" \/><\/figure>\n\n\n\n<figure class=\"wp-block-image size-large is-style-default\"><img loading=\"lazy\" decoding=\"async\" width=\"1024\" height=\"461\" data-id=\"12714\" src=\"https:\/\/bojornal.pt\/wp-content\/uploads\/2023\/05\/parlamento-jovens_sessao-nacional-14-1024x461.jpeg\" alt=\"\" class=\"wp-image-12714\" srcset=\"https:\/\/bojornal.pt\/wp-content\/uploads\/2023\/05\/parlamento-jovens_sessao-nacional-14-1024x461.jpeg 1024w, https:\/\/bojornal.pt\/wp-content\/uploads\/2023\/05\/parlamento-jovens_sessao-nacional-14-300x135.jpeg 300w, https:\/\/bojornal.pt\/wp-content\/uploads\/2023\/05\/parlamento-jovens_sessao-nacional-14-150x68.jpeg 150w, https:\/\/bojornal.pt\/wp-content\/uploads\/2023\/05\/parlamento-jovens_sessao-nacional-14-768x346.jpeg 768w, https:\/\/bojornal.pt\/wp-content\/uploads\/2023\/05\/parlamento-jovens_sessao-nacional-14-1536x691.jpeg 1536w, https:\/\/bojornal.pt\/wp-content\/uploads\/2023\/05\/parlamento-jovens_sessao-nacional-14.jpeg 2000w\" sizes=\"auto, (max-width: 1024px) 100vw, 1024px\" \/><\/figure>\n\n\n\n<figure class=\"wp-block-image size-large is-style-default\"><img loading=\"lazy\" decoding=\"async\" width=\"1024\" height=\"461\" data-id=\"12704\" src=\"https:\/\/bojornal.pt\/wp-content\/uploads\/2023\/05\/parlamento-jovens_sessao-nacional-15-1024x461.jpeg\" alt=\"\" class=\"wp-image-12704\" srcset=\"https:\/\/bojornal.pt\/wp-content\/uploads\/2023\/05\/parlamento-jovens_sessao-nacional-15-1024x461.jpeg 1024w, https:\/\/bojornal.pt\/wp-content\/uploads\/2023\/05\/parlamento-jovens_sessao-nacional-15-300x135.jpeg 300w, https:\/\/bojornal.pt\/wp-content\/uploads\/2023\/05\/parlamento-jovens_sessao-nacional-15-150x68.jpeg 150w, https:\/\/bojornal.pt\/wp-content\/uploads\/2023\/05\/parlamento-jovens_sessao-nacional-15-768x346.jpeg 768w, https:\/\/bojornal.pt\/wp-content\/uploads\/2023\/05\/parlamento-jovens_sessao-nacional-15-1536x691.jpeg 1536w, https:\/\/bojornal.pt\/wp-content\/uploads\/2023\/05\/parlamento-jovens_sessao-nacional-15.jpeg 2000w\" sizes=\"auto, (max-width: 1024px) 100vw, 1024px\" \/><\/figure>\n\n\n\n<figure class=\"wp-block-image size-large is-style-default\"><img loading=\"lazy\" decoding=\"async\" width=\"1024\" height=\"461\" data-id=\"12705\" src=\"https:\/\/bojornal.pt\/wp-content\/uploads\/2023\/05\/parlamento-jovens_sessao-nacional-18-1024x461.jpeg\" alt=\"\" class=\"wp-image-12705\" srcset=\"https:\/\/bojornal.pt\/wp-content\/uploads\/2023\/05\/parlamento-jovens_sessao-nacional-18-1024x461.jpeg 1024w, https:\/\/bojornal.pt\/wp-content\/uploads\/2023\/05\/parlamento-jovens_sessao-nacional-18-300x135.jpeg 300w, https:\/\/bojornal.pt\/wp-content\/uploads\/2023\/05\/parlamento-jovens_sessao-nacional-18-150x68.jpeg 150w, https:\/\/bojornal.pt\/wp-content\/uploads\/2023\/05\/parlamento-jovens_sessao-nacional-18-768x346.jpeg 768w, https:\/\/bojornal.pt\/wp-content\/uploads\/2023\/05\/parlamento-jovens_sessao-nacional-18-1536x691.jpeg 1536w, https:\/\/bojornal.pt\/wp-content\/uploads\/2023\/05\/parlamento-jovens_sessao-nacional-18.jpeg 2000w\" sizes=\"auto, (max-width: 1024px) 100vw, 1024px\" \/><\/figure>\n\n\n\n<figure class=\"wp-block-image size-large is-style-default\"><img loading=\"lazy\" decoding=\"async\" width=\"1024\" height=\"461\" data-id=\"12709\" src=\"https:\/\/bojornal.pt\/wp-content\/uploads\/2023\/05\/parlamento-jovens_sessao-nacional-19-1024x461.jpeg\" alt=\"\" class=\"wp-image-12709\" srcset=\"https:\/\/bojornal.pt\/wp-content\/uploads\/2023\/05\/parlamento-jovens_sessao-nacional-19-1024x461.jpeg 1024w, https:\/\/bojornal.pt\/wp-content\/uploads\/2023\/05\/parlamento-jovens_sessao-nacional-19-300x135.jpeg 300w, https:\/\/bojornal.pt\/wp-content\/uploads\/2023\/05\/parlamento-jovens_sessao-nacional-19-150x68.jpeg 150w, https:\/\/bojornal.pt\/wp-content\/uploads\/2023\/05\/parlamento-jovens_sessao-nacional-19-768x346.jpeg 768w, https:\/\/bojornal.pt\/wp-content\/uploads\/2023\/05\/parlamento-jovens_sessao-nacional-19-1536x691.jpeg 1536w, https:\/\/bojornal.pt\/wp-content\/uploads\/2023\/05\/parlamento-jovens_sessao-nacional-19.jpeg 2000w\" sizes=\"auto, (max-width: 1024px) 100vw, 1024px\" \/><\/figure>\n\n\n\n<figure class=\"wp-block-image size-large is-style-default\"><img loading=\"lazy\" decoding=\"async\" width=\"1024\" height=\"461\" data-id=\"12711\" src=\"https:\/\/bojornal.pt\/wp-content\/uploads\/2023\/05\/parlamento-jovens_sessao-nacional-20-1024x461.jpeg\" alt=\"\" class=\"wp-image-12711\" srcset=\"https:\/\/bojornal.pt\/wp-content\/uploads\/2023\/05\/parlamento-jovens_sessao-nacional-20-1024x461.jpeg 1024w, https:\/\/bojornal.pt\/wp-content\/uploads\/2023\/05\/parlamento-jovens_sessao-nacional-20-300x135.jpeg 300w, https:\/\/bojornal.pt\/wp-content\/uploads\/2023\/05\/parlamento-jovens_sessao-nacional-20-150x68.jpeg 150w, https:\/\/bojornal.pt\/wp-content\/uploads\/2023\/05\/parlamento-jovens_sessao-nacional-20-768x346.jpeg 768w, https:\/\/bojornal.pt\/wp-content\/uploads\/2023\/05\/parlamento-jovens_sessao-nacional-20-1536x691.jpeg 1536w, https:\/\/bojornal.pt\/wp-content\/uploads\/2023\/05\/parlamento-jovens_sessao-nacional-20.jpeg 2000w\" sizes=\"auto, (max-width: 1024px) 100vw, 1024px\" \/><\/figure>\n\n\n\n<figure class=\"wp-block-image size-large is-style-default\"><img loading=\"lazy\" decoding=\"async\" width=\"1024\" height=\"461\" data-id=\"12713\" src=\"https:\/\/bojornal.pt\/wp-content\/uploads\/2023\/05\/parlamento-jovens_sessao-nacional-5-1024x461.jpeg\" alt=\"\" class=\"wp-image-12713\" srcset=\"https:\/\/bojornal.pt\/wp-content\/uploads\/2023\/05\/parlamento-jovens_sessao-nacional-5-1024x461.jpeg 1024w, https:\/\/bojornal.pt\/wp-content\/uploads\/2023\/05\/parlamento-jovens_sessao-nacional-5-300x135.jpeg 300w, https:\/\/bojornal.pt\/wp-content\/uploads\/2023\/05\/parlamento-jovens_sessao-nacional-5-150x68.jpeg 150w, https:\/\/bojornal.pt\/wp-content\/uploads\/2023\/05\/parlamento-jovens_sessao-nacional-5-768x346.jpeg 768w, https:\/\/bojornal.pt\/wp-content\/uploads\/2023\/05\/parlamento-jovens_sessao-nacional-5-1536x691.jpeg 1536w, https:\/\/bojornal.pt\/wp-content\/uploads\/2023\/05\/parlamento-jovens_sessao-nacional-5.jpeg 2000w\" sizes=\"auto, (max-width: 1024px) 100vw, 1024px\" \/><\/figure>\n\n\n\n<figure class=\"wp-block-image size-large is-style-default\"><img loading=\"lazy\" decoding=\"async\" width=\"1024\" height=\"461\" data-id=\"12716\" src=\"https:\/\/bojornal.pt\/wp-content\/uploads\/2023\/05\/parlamento-jovens_sessao-nacional-22-1024x461.jpeg\" alt=\"\" class=\"wp-image-12716\" srcset=\"https:\/\/bojornal.pt\/wp-content\/uploads\/2023\/05\/parlamento-jovens_sessao-nacional-22-1024x461.jpeg 1024w, https:\/\/bojornal.pt\/wp-content\/uploads\/2023\/05\/parlamento-jovens_sessao-nacional-22-300x135.jpeg 300w, https:\/\/bojornal.pt\/wp-content\/uploads\/2023\/05\/parlamento-jovens_sessao-nacional-22-150x68.jpeg 150w, https:\/\/bojornal.pt\/wp-content\/uploads\/2023\/05\/parlamento-jovens_sessao-nacional-22-768x346.jpeg 768w, https:\/\/bojornal.pt\/wp-content\/uploads\/2023\/05\/parlamento-jovens_sessao-nacional-22-1536x691.jpeg 1536w, https:\/\/bojornal.pt\/wp-content\/uploads\/2023\/05\/parlamento-jovens_sessao-nacional-22.jpeg 2000w\" sizes=\"auto, (max-width: 1024px) 100vw, 1024px\" \/><\/figure>\n\n\n\n<figure class=\"wp-block-image size-large is-style-default\"><img loading=\"lazy\" decoding=\"async\" width=\"461\" height=\"1024\" data-id=\"12708\" src=\"https:\/\/bojornal.pt\/wp-content\/uploads\/2023\/05\/parlamento-jovens_sessao-nacional-23-461x1024.jpeg\" alt=\"\" class=\"wp-image-12708\" srcset=\"https:\/\/bojornal.pt\/wp-content\/uploads\/2023\/05\/parlamento-jovens_sessao-nacional-23-461x1024.jpeg 461w, https:\/\/bojornal.pt\/wp-content\/uploads\/2023\/05\/parlamento-jovens_sessao-nacional-23-135x300.jpeg 135w, https:\/\/bojornal.pt\/wp-content\/uploads\/2023\/05\/parlamento-jovens_sessao-nacional-23-67x150.jpeg 67w, https:\/\/bojornal.pt\/wp-content\/uploads\/2023\/05\/parlamento-jovens_sessao-nacional-23-768x1708.jpeg 768w, https:\/\/bojornal.pt\/wp-content\/uploads\/2023\/05\/parlamento-jovens_sessao-nacional-23-691x1536.jpeg 691w, https:\/\/bojornal.pt\/wp-content\/uploads\/2023\/05\/parlamento-jovens_sessao-nacional-23.jpeg 921w\" sizes=\"auto, (max-width: 461px) 100vw, 461px\" \/><\/figure>\n<\/figure>\n\n\n\n<p>Os alunos da Escola Em\u00eddio Garcia participaram na Sess\u00e3o Nacional do Parlamento dos Jovens &#8211; Ensino B\u00e1sico. Os nossos deputados e jornalista, eleitos no c\u00edrculo distrital de Bragan\u00e7a, deslocaram-se \u00e0 Assembleia da Rep\u00fablica para debaterem com os restantes eleitos dos diferentes c\u00edrculos nacionais. A porta-voz, Clara Pereira e o deputado Ruben Lopes, acompanhados pela jornalista Beatriz Nascimento, tiveram uma excelente participa\u00e7\u00e3o, num debate em que o tema principal foi: &#8220;A Sa\u00fade Mental nos Jovens&#8221;. Nesta iniciativa, realizada nos passados dias 8 e 9 de maio, os participantes tiveram a oportunidade de conhecerem o funcionamento da Assembleia da Rep\u00fablica e do Parlamento e de contactarem com deputados dos diversos partidos pol\u00edticos, representados na Assembleia da Rep\u00fablica.<\/p>\n\n\n\n<p><\/p>\n","protected":false},"excerpt":{"rendered":"<p>Escola Em\u00eddio Garcia representou C\u00edrculo de Bragan\u00e7a na Sess\u00e3o Nacional Os alunos da Escola Em\u00eddio Garcia participaram na Sess\u00e3o Nacional do Parlamento dos Jovens &#8211; Ensino B\u00e1sico. Os nossos deputados e jornalista, eleitos no&#46;&#46;&#46;<\/p>\n","protected":false},"author":2,"featured_media":12713,"comment_status":"closed","ping_status":"open","sticky":false,"template":"","format":"standard","meta":{"footnotes":""},"categories":[2,3,9,16],"tags":[],"class_list":["post-12703","post","type-post","status-publish","format-standard","has-post-thumbnail","hentry","category-atualidade","category-cultura","category-em-foco","category-escola-secundaria-emidio-garcia"],"_links":{"self":[{"href":"https:\/\/bojornal.pt\/index.php?rest_route=\/wp\/v2\/posts\/12703","targetHints":{"allow":["GET"]}}],"collection":[{"href":"https:\/\/bojornal.pt\/index.php?rest_route=\/wp\/v2\/posts"}],"about":[{"href":"https:\/\/bojornal.pt\/index.php?rest_route=\/wp\/v2\/types\/post"}],"author":[{"embeddable":true,"href":"https:\/\/bojornal.pt\/index.php?rest_route=\/wp\/v2\/users\/2"}],"replies":[{"embeddable":true,"href":"https:\/\/bojornal.pt\/index.php?rest_route=%2Fwp%2Fv2%2Fcomments&post=12703"}],"version-history":[{"count":0,"href":"https:\/\/bojornal.pt\/index.php?rest_route=\/wp\/v2\/posts\/12703\/revisions"}],"wp:featuredmedia":[{"embeddable":true,"href":"https:\/\/bojornal.pt\/index.php?rest_route=\/wp\/v2\/media\/12713"}],"wp:attachment":[{"href":"https:\/\/bojornal.pt\/index.php?rest_route=%2Fwp%2Fv2%2Fmedia&parent=12703"}],"wp:term":[{"taxonomy":"category","embeddable":true,"href":"https:\/\/bojornal.pt\/index.php?rest_route=%2Fwp%2Fv2%2Fcategories&post=12703"},{"taxonomy":"post_tag","embeddable":true,"href":"https:\/\/bojornal.pt\/index.php?rest_route=%2Fwp%2Fv2%2Ftags&post=12703"}],"curies":[{"name":"wp","href":"https:\/\/api.w.org\/{rel}","templated":true}]}}