{"id":12693,"date":"2023-05-04T18:39:11","date_gmt":"2023-05-04T17:39:11","guid":{"rendered":"https:\/\/bojornal.pt\/?p=12693"},"modified":"2023-05-04T18:39:14","modified_gmt":"2023-05-04T17:39:14","slug":"exposicao-sobre-perfeicao-estetica","status":"publish","type":"post","link":"https:\/\/bojornal.pt\/?p=12693","title":{"rendered":"Exposi\u00e7\u00e3o sobre Perfei\u00e7\u00e3o Est\u00e9tica"},"content":{"rendered":"\n<p>Biblioteca divulga trabalhos de alunos <\/p>\n\n\n\n<figure class=\"wp-block-image size-large is-style-default\"><img loading=\"lazy\" decoding=\"async\" width=\"1024\" height=\"461\" src=\"https:\/\/bojornal.pt\/wp-content\/uploads\/2023\/05\/WhatsApp-Image-2023-05-04-at-16.47.25-1-1024x461.jpeg\" alt=\"\" class=\"wp-image-12694\" srcset=\"https:\/\/bojornal.pt\/wp-content\/uploads\/2023\/05\/WhatsApp-Image-2023-05-04-at-16.47.25-1-1024x461.jpeg 1024w, https:\/\/bojornal.pt\/wp-content\/uploads\/2023\/05\/WhatsApp-Image-2023-05-04-at-16.47.25-1-300x135.jpeg 300w, https:\/\/bojornal.pt\/wp-content\/uploads\/2023\/05\/WhatsApp-Image-2023-05-04-at-16.47.25-1-150x68.jpeg 150w, https:\/\/bojornal.pt\/wp-content\/uploads\/2023\/05\/WhatsApp-Image-2023-05-04-at-16.47.25-1-768x346.jpeg 768w, https:\/\/bojornal.pt\/wp-content\/uploads\/2023\/05\/WhatsApp-Image-2023-05-04-at-16.47.25-1-1536x691.jpeg 1536w, https:\/\/bojornal.pt\/wp-content\/uploads\/2023\/05\/WhatsApp-Image-2023-05-04-at-16.47.25-1.jpeg 2000w\" sizes=\"auto, (max-width: 1024px) 100vw, 1024px\" \/><\/figure>\n\n\n\n<p>A Biblioteca da Escola Em\u00eddio Garcia acolhe a exposi\u00e7\u00e3o de esculturas, denominada: &#8220;Ensaio sobre a <em>Perfei\u00e7\u00e3o Est\u00e9tica<\/em>&#8221; que visa divulgar os trabalhos dos alunos mas essencialmente sensibilizar a comunidade escolar para as problem\u00e1ticas associadas ao conceito de est\u00e9tica promovida na atualidade.<\/p>\n\n\n\n<p>Estes trabalhos foram realizados pelos alunos dos cursos profissionais, orientados pelo professor Ac\u00e1cio Pradinhos. <\/p>\n","protected":false},"excerpt":{"rendered":"<p>Biblioteca divulga trabalhos de alunos A Biblioteca da Escola Em\u00eddio Garcia acolhe a exposi\u00e7\u00e3o de esculturas, denominada: &#8220;Ensaio sobre a Perfei\u00e7\u00e3o Est\u00e9tica&#8221; que visa divulgar os trabalhos dos alunos mas essencialmente sensibilizar a comunidade&#46;&#46;&#46;<\/p>\n","protected":false},"author":2,"featured_media":12694,"comment_status":"closed","ping_status":"open","sticky":false,"template":"","format":"standard","meta":{"footnotes":""},"categories":[2,3,16],"tags":[],"class_list":["post-12693","post","type-post","status-publish","format-standard","has-post-thumbnail","hentry","category-atualidade","category-cultura","category-escola-secundaria-emidio-garcia"],"_links":{"self":[{"href":"https:\/\/bojornal.pt\/index.php?rest_route=\/wp\/v2\/posts\/12693","targetHints":{"allow":["GET"]}}],"collection":[{"href":"https:\/\/bojornal.pt\/index.php?rest_route=\/wp\/v2\/posts"}],"about":[{"href":"https:\/\/bojornal.pt\/index.php?rest_route=\/wp\/v2\/types\/post"}],"author":[{"embeddable":true,"href":"https:\/\/bojornal.pt\/index.php?rest_route=\/wp\/v2\/users\/2"}],"replies":[{"embeddable":true,"href":"https:\/\/bojornal.pt\/index.php?rest_route=%2Fwp%2Fv2%2Fcomments&post=12693"}],"version-history":[{"count":0,"href":"https:\/\/bojornal.pt\/index.php?rest_route=\/wp\/v2\/posts\/12693\/revisions"}],"wp:featuredmedia":[{"embeddable":true,"href":"https:\/\/bojornal.pt\/index.php?rest_route=\/wp\/v2\/media\/12694"}],"wp:attachment":[{"href":"https:\/\/bojornal.pt\/index.php?rest_route=%2Fwp%2Fv2%2Fmedia&parent=12693"}],"wp:term":[{"taxonomy":"category","embeddable":true,"href":"https:\/\/bojornal.pt\/index.php?rest_route=%2Fwp%2Fv2%2Fcategories&post=12693"},{"taxonomy":"post_tag","embeddable":true,"href":"https:\/\/bojornal.pt\/index.php?rest_route=%2Fwp%2Fv2%2Ftags&post=12693"}],"curies":[{"name":"wp","href":"https:\/\/api.w.org\/{rel}","templated":true}]}}