{"id":12685,"date":"2023-05-04T17:46:07","date_gmt":"2023-05-04T16:46:07","guid":{"rendered":"https:\/\/bojornal.pt\/?p=12685"},"modified":"2023-05-04T17:46:09","modified_gmt":"2023-05-04T16:46:09","slug":"equipa-de-futsal-apurada-para-prova-nacional","status":"publish","type":"post","link":"https:\/\/bojornal.pt\/?p=12685","title":{"rendered":"Equipa de futsal apurada para prova Nacional"},"content":{"rendered":"\n<p><em><strong>Alunos da Escola Em\u00eddio Garcia apuraram-se para fase final<\/strong><\/em><\/p>\n\n\n\n<figure class=\"wp-block-gallery has-nested-images columns-default is-cropped wp-block-gallery-1 is-layout-flex wp-block-gallery-is-layout-flex\">\n<figure class=\"wp-block-image size-large\"><img loading=\"lazy\" decoding=\"async\" width=\"1024\" height=\"768\" data-id=\"12691\" src=\"https:\/\/bojornal.pt\/wp-content\/uploads\/2023\/05\/WhatsApp-Image-2023-05-03-at-20.49.48-1-1024x768.jpeg\" alt=\"\" class=\"wp-image-12691\" srcset=\"https:\/\/bojornal.pt\/wp-content\/uploads\/2023\/05\/WhatsApp-Image-2023-05-03-at-20.49.48-1-1024x768.jpeg 1024w, https:\/\/bojornal.pt\/wp-content\/uploads\/2023\/05\/WhatsApp-Image-2023-05-03-at-20.49.48-1-300x225.jpeg 300w, https:\/\/bojornal.pt\/wp-content\/uploads\/2023\/05\/WhatsApp-Image-2023-05-03-at-20.49.48-1-150x113.jpeg 150w, https:\/\/bojornal.pt\/wp-content\/uploads\/2023\/05\/WhatsApp-Image-2023-05-03-at-20.49.48-1-768x576.jpeg 768w, https:\/\/bojornal.pt\/wp-content\/uploads\/2023\/05\/WhatsApp-Image-2023-05-03-at-20.49.48-1-1536x1152.jpeg 1536w, https:\/\/bojornal.pt\/wp-content\/uploads\/2023\/05\/WhatsApp-Image-2023-05-03-at-20.49.48-1.jpeg 2040w\" sizes=\"auto, (max-width: 1024px) 100vw, 1024px\" \/><\/figure>\n\n\n\n<figure class=\"wp-block-image size-large\"><img loading=\"lazy\" decoding=\"async\" width=\"1024\" height=\"768\" data-id=\"12690\" src=\"https:\/\/bojornal.pt\/wp-content\/uploads\/2023\/05\/WhatsApp-Image-2023-05-03-at-20.49.48-1024x768.jpeg\" alt=\"\" class=\"wp-image-12690\" srcset=\"https:\/\/bojornal.pt\/wp-content\/uploads\/2023\/05\/WhatsApp-Image-2023-05-03-at-20.49.48-1024x768.jpeg 1024w, https:\/\/bojornal.pt\/wp-content\/uploads\/2023\/05\/WhatsApp-Image-2023-05-03-at-20.49.48-300x225.jpeg 300w, https:\/\/bojornal.pt\/wp-content\/uploads\/2023\/05\/WhatsApp-Image-2023-05-03-at-20.49.48-150x113.jpeg 150w, https:\/\/bojornal.pt\/wp-content\/uploads\/2023\/05\/WhatsApp-Image-2023-05-03-at-20.49.48-768x576.jpeg 768w, https:\/\/bojornal.pt\/wp-content\/uploads\/2023\/05\/WhatsApp-Image-2023-05-03-at-20.49.48-1536x1152.jpeg 1536w, https:\/\/bojornal.pt\/wp-content\/uploads\/2023\/05\/WhatsApp-Image-2023-05-03-at-20.49.48.jpeg 2040w\" sizes=\"auto, (max-width: 1024px) 100vw, 1024px\" \/><\/figure>\n\n\n\n<figure class=\"wp-block-image size-large\"><img loading=\"lazy\" decoding=\"async\" width=\"1024\" height=\"768\" data-id=\"12687\" src=\"https:\/\/bojornal.pt\/wp-content\/uploads\/2023\/05\/WhatsApp-Image-2023-05-03-at-20.49.47-1-1024x768.jpeg\" alt=\"\" class=\"wp-image-12687\" srcset=\"https:\/\/bojornal.pt\/wp-content\/uploads\/2023\/05\/WhatsApp-Image-2023-05-03-at-20.49.47-1-1024x768.jpeg 1024w, https:\/\/bojornal.pt\/wp-content\/uploads\/2023\/05\/WhatsApp-Image-2023-05-03-at-20.49.47-1-300x225.jpeg 300w, https:\/\/bojornal.pt\/wp-content\/uploads\/2023\/05\/WhatsApp-Image-2023-05-03-at-20.49.47-1-150x113.jpeg 150w, https:\/\/bojornal.pt\/wp-content\/uploads\/2023\/05\/WhatsApp-Image-2023-05-03-at-20.49.47-1-768x576.jpeg 768w, https:\/\/bojornal.pt\/wp-content\/uploads\/2023\/05\/WhatsApp-Image-2023-05-03-at-20.49.47-1-1536x1152.jpeg 1536w, https:\/\/bojornal.pt\/wp-content\/uploads\/2023\/05\/WhatsApp-Image-2023-05-03-at-20.49.47-1.jpeg 2040w\" sizes=\"auto, (max-width: 1024px) 100vw, 1024px\" \/><\/figure>\n\n\n\n<figure class=\"wp-block-image size-large\"><img loading=\"lazy\" decoding=\"async\" width=\"1024\" height=\"768\" data-id=\"12688\" src=\"https:\/\/bojornal.pt\/wp-content\/uploads\/2023\/05\/WhatsApp-Image-2023-05-03-at-20.49.47-1024x768.jpeg\" alt=\"\" class=\"wp-image-12688\" srcset=\"https:\/\/bojornal.pt\/wp-content\/uploads\/2023\/05\/WhatsApp-Image-2023-05-03-at-20.49.47-1024x768.jpeg 1024w, https:\/\/bojornal.pt\/wp-content\/uploads\/2023\/05\/WhatsApp-Image-2023-05-03-at-20.49.47-300x225.jpeg 300w, https:\/\/bojornal.pt\/wp-content\/uploads\/2023\/05\/WhatsApp-Image-2023-05-03-at-20.49.47-150x113.jpeg 150w, https:\/\/bojornal.pt\/wp-content\/uploads\/2023\/05\/WhatsApp-Image-2023-05-03-at-20.49.47-768x576.jpeg 768w, https:\/\/bojornal.pt\/wp-content\/uploads\/2023\/05\/WhatsApp-Image-2023-05-03-at-20.49.47-1536x1152.jpeg 1536w, https:\/\/bojornal.pt\/wp-content\/uploads\/2023\/05\/WhatsApp-Image-2023-05-03-at-20.49.47.jpeg 2040w\" sizes=\"auto, (max-width: 1024px) 100vw, 1024px\" \/><\/figure>\n\n\n\n<figure class=\"wp-block-image size-large\"><img loading=\"lazy\" decoding=\"async\" width=\"768\" height=\"1024\" data-id=\"12686\" src=\"https:\/\/bojornal.pt\/wp-content\/uploads\/2023\/05\/WhatsApp-Image-2023-05-03-at-20.49.44-1-768x1024.jpeg\" alt=\"\" class=\"wp-image-12686\" srcset=\"https:\/\/bojornal.pt\/wp-content\/uploads\/2023\/05\/WhatsApp-Image-2023-05-03-at-20.49.44-1-768x1024.jpeg 768w, https:\/\/bojornal.pt\/wp-content\/uploads\/2023\/05\/WhatsApp-Image-2023-05-03-at-20.49.44-1-225x300.jpeg 225w, https:\/\/bojornal.pt\/wp-content\/uploads\/2023\/05\/WhatsApp-Image-2023-05-03-at-20.49.44-1-113x150.jpeg 113w, https:\/\/bojornal.pt\/wp-content\/uploads\/2023\/05\/WhatsApp-Image-2023-05-03-at-20.49.44-1-1152x1536.jpeg 1152w, https:\/\/bojornal.pt\/wp-content\/uploads\/2023\/05\/WhatsApp-Image-2023-05-03-at-20.49.44-1.jpeg 1530w\" sizes=\"auto, (max-width: 768px) 100vw, 768px\" \/><\/figure>\n\n\n\n<figure class=\"wp-block-image size-large\"><img loading=\"lazy\" decoding=\"async\" width=\"1024\" height=\"768\" data-id=\"12689\" src=\"https:\/\/bojornal.pt\/wp-content\/uploads\/2023\/05\/WhatsApp-Image-2023-05-03-at-20.49.44-1024x768.jpeg\" alt=\"\" class=\"wp-image-12689\" srcset=\"https:\/\/bojornal.pt\/wp-content\/uploads\/2023\/05\/WhatsApp-Image-2023-05-03-at-20.49.44-1024x768.jpeg 1024w, https:\/\/bojornal.pt\/wp-content\/uploads\/2023\/05\/WhatsApp-Image-2023-05-03-at-20.49.44-300x225.jpeg 300w, https:\/\/bojornal.pt\/wp-content\/uploads\/2023\/05\/WhatsApp-Image-2023-05-03-at-20.49.44-150x113.jpeg 150w, https:\/\/bojornal.pt\/wp-content\/uploads\/2023\/05\/WhatsApp-Image-2023-05-03-at-20.49.44-768x576.jpeg 768w, https:\/\/bojornal.pt\/wp-content\/uploads\/2023\/05\/WhatsApp-Image-2023-05-03-at-20.49.44-1536x1152.jpeg 1536w, https:\/\/bojornal.pt\/wp-content\/uploads\/2023\/05\/WhatsApp-Image-2023-05-03-at-20.49.44.jpeg 2048w\" sizes=\"auto, (max-width: 1024px) 100vw, 1024px\" \/><\/figure>\n<\/figure>\n\n\n\n<p>Os nossos atletas de futsal conseguiram um feito brilhante de se apurarem para a fase final, prova nacional da modalidade do Desporto Escolar. No passado dia 3 de maior, a equipa do Liceu participou na Fase Regional do Norte, obtendo o segundo lugar e o consequente apuramento para a fase Nacional. Em jogos disputados no Pavilh\u00e3o das Travessas, em S\u00e3o Jo\u00e3o da Madeira, os nossos craques venceram  5-3 a Escola que representava o CLDE Vila Real e perderam 4-0, contra a representante do CLDE Porto.<\/p>\n\n\n\n<p>Parab\u00e9ns!<\/p>\n","protected":false},"excerpt":{"rendered":"<p>Alunos da Escola Em\u00eddio Garcia apuraram-se para fase final Os nossos atletas de futsal conseguiram um feito brilhante de se apurarem para a fase final, prova nacional da modalidade do Desporto Escolar. No passado&#46;&#46;&#46;<\/p>\n","protected":false},"author":2,"featured_media":12690,"comment_status":"closed","ping_status":"open","sticky":false,"template":"","format":"standard","meta":{"footnotes":""},"categories":[27,9,16],"tags":[],"class_list":["post-12685","post","type-post","status-publish","format-standard","has-post-thumbnail","hentry","category-aeeg","category-em-foco","category-escola-secundaria-emidio-garcia"],"_links":{"self":[{"href":"https:\/\/bojornal.pt\/index.php?rest_route=\/wp\/v2\/posts\/12685","targetHints":{"allow":["GET"]}}],"collection":[{"href":"https:\/\/bojornal.pt\/index.php?rest_route=\/wp\/v2\/posts"}],"about":[{"href":"https:\/\/bojornal.pt\/index.php?rest_route=\/wp\/v2\/types\/post"}],"author":[{"embeddable":true,"href":"https:\/\/bojornal.pt\/index.php?rest_route=\/wp\/v2\/users\/2"}],"replies":[{"embeddable":true,"href":"https:\/\/bojornal.pt\/index.php?rest_route=%2Fwp%2Fv2%2Fcomments&post=12685"}],"version-history":[{"count":0,"href":"https:\/\/bojornal.pt\/index.php?rest_route=\/wp\/v2\/posts\/12685\/revisions"}],"wp:featuredmedia":[{"embeddable":true,"href":"https:\/\/bojornal.pt\/index.php?rest_route=\/wp\/v2\/media\/12690"}],"wp:attachment":[{"href":"https:\/\/bojornal.pt\/index.php?rest_route=%2Fwp%2Fv2%2Fmedia&parent=12685"}],"wp:term":[{"taxonomy":"category","embeddable":true,"href":"https:\/\/bojornal.pt\/index.php?rest_route=%2Fwp%2Fv2%2Fcategories&post=12685"},{"taxonomy":"post_tag","embeddable":true,"href":"https:\/\/bojornal.pt\/index.php?rest_route=%2Fwp%2Fv2%2Ftags&post=12685"}],"curies":[{"name":"wp","href":"https:\/\/api.w.org\/{rel}","templated":true}]}}