{"id":12670,"date":"2023-05-02T18:14:14","date_gmt":"2023-05-02T17:14:14","guid":{"rendered":"https:\/\/bojornal.pt\/?p=12670"},"modified":"2023-05-02T18:14:16","modified_gmt":"2023-05-02T17:14:16","slug":"id-a-tua-marca-na-net","status":"publish","type":"post","link":"https:\/\/bojornal.pt\/?p=12670","title":{"rendered":"ID a tua marca na net"},"content":{"rendered":"\n<p><em>Alunos assistiram a pe\u00e7a de teatro de sensibiliza\u00e7\u00e3o para as potencialidades e constrangimentos da internet<\/em><\/p>\n\n\n\n<figure class=\"wp-block-gallery has-nested-images columns-default is-cropped wp-block-gallery-1 is-layout-flex wp-block-gallery-is-layout-flex\">\n<figure class=\"wp-block-image size-large is-style-default\"><img loading=\"lazy\" decoding=\"async\" width=\"1024\" height=\"461\" data-id=\"12673\" src=\"https:\/\/bojornal.pt\/wp-content\/uploads\/2023\/05\/ID-a-tua-marca-na-net-1-1024x461.jpeg\" alt=\"\" class=\"wp-image-12673\" srcset=\"https:\/\/bojornal.pt\/wp-content\/uploads\/2023\/05\/ID-a-tua-marca-na-net-1-1024x461.jpeg 1024w, https:\/\/bojornal.pt\/wp-content\/uploads\/2023\/05\/ID-a-tua-marca-na-net-1-300x135.jpeg 300w, https:\/\/bojornal.pt\/wp-content\/uploads\/2023\/05\/ID-a-tua-marca-na-net-1-150x68.jpeg 150w, https:\/\/bojornal.pt\/wp-content\/uploads\/2023\/05\/ID-a-tua-marca-na-net-1-768x346.jpeg 768w, https:\/\/bojornal.pt\/wp-content\/uploads\/2023\/05\/ID-a-tua-marca-na-net-1-1536x691.jpeg 1536w, https:\/\/bojornal.pt\/wp-content\/uploads\/2023\/05\/ID-a-tua-marca-na-net-1.jpeg 2000w\" sizes=\"auto, (max-width: 1024px) 100vw, 1024px\" \/><\/figure>\n\n\n\n<figure class=\"wp-block-image size-large is-style-default\"><img loading=\"lazy\" decoding=\"async\" width=\"1024\" height=\"461\" data-id=\"12672\" src=\"https:\/\/bojornal.pt\/wp-content\/uploads\/2023\/05\/ID-a-tua-marca-na-net-2-1024x461.jpeg\" alt=\"\" class=\"wp-image-12672\" srcset=\"https:\/\/bojornal.pt\/wp-content\/uploads\/2023\/05\/ID-a-tua-marca-na-net-2-1024x461.jpeg 1024w, https:\/\/bojornal.pt\/wp-content\/uploads\/2023\/05\/ID-a-tua-marca-na-net-2-300x135.jpeg 300w, https:\/\/bojornal.pt\/wp-content\/uploads\/2023\/05\/ID-a-tua-marca-na-net-2-150x68.jpeg 150w, https:\/\/bojornal.pt\/wp-content\/uploads\/2023\/05\/ID-a-tua-marca-na-net-2-768x346.jpeg 768w, https:\/\/bojornal.pt\/wp-content\/uploads\/2023\/05\/ID-a-tua-marca-na-net-2-1536x691.jpeg 1536w, https:\/\/bojornal.pt\/wp-content\/uploads\/2023\/05\/ID-a-tua-marca-na-net-2.jpeg 2000w\" sizes=\"auto, (max-width: 1024px) 100vw, 1024px\" \/><\/figure>\n\n\n\n<figure class=\"wp-block-image size-large is-style-default\"><img loading=\"lazy\" decoding=\"async\" width=\"1024\" height=\"461\" data-id=\"12671\" src=\"https:\/\/bojornal.pt\/wp-content\/uploads\/2023\/05\/ID-a-tua-marca-na-net-3-1024x461.jpeg\" alt=\"\" class=\"wp-image-12671\" srcset=\"https:\/\/bojornal.pt\/wp-content\/uploads\/2023\/05\/ID-a-tua-marca-na-net-3-1024x461.jpeg 1024w, https:\/\/bojornal.pt\/wp-content\/uploads\/2023\/05\/ID-a-tua-marca-na-net-3-300x135.jpeg 300w, https:\/\/bojornal.pt\/wp-content\/uploads\/2023\/05\/ID-a-tua-marca-na-net-3-150x68.jpeg 150w, https:\/\/bojornal.pt\/wp-content\/uploads\/2023\/05\/ID-a-tua-marca-na-net-3-768x346.jpeg 768w, https:\/\/bojornal.pt\/wp-content\/uploads\/2023\/05\/ID-a-tua-marca-na-net-3-1536x691.jpeg 1536w, https:\/\/bojornal.pt\/wp-content\/uploads\/2023\/05\/ID-a-tua-marca-na-net-3.jpeg 2000w\" sizes=\"auto, (max-width: 1024px) 100vw, 1024px\" \/><\/figure>\n\n\n\n<figure class=\"wp-block-image size-large is-style-default\"><img loading=\"lazy\" decoding=\"async\" width=\"1024\" height=\"461\" data-id=\"12674\" src=\"https:\/\/bojornal.pt\/wp-content\/uploads\/2023\/05\/ID-a-tua-marca-na-net-4-1024x461.jpeg\" alt=\"\" class=\"wp-image-12674\" srcset=\"https:\/\/bojornal.pt\/wp-content\/uploads\/2023\/05\/ID-a-tua-marca-na-net-4-1024x461.jpeg 1024w, https:\/\/bojornal.pt\/wp-content\/uploads\/2023\/05\/ID-a-tua-marca-na-net-4-300x135.jpeg 300w, https:\/\/bojornal.pt\/wp-content\/uploads\/2023\/05\/ID-a-tua-marca-na-net-4-150x68.jpeg 150w, https:\/\/bojornal.pt\/wp-content\/uploads\/2023\/05\/ID-a-tua-marca-na-net-4-768x346.jpeg 768w, https:\/\/bojornal.pt\/wp-content\/uploads\/2023\/05\/ID-a-tua-marca-na-net-4-1536x691.jpeg 1536w, https:\/\/bojornal.pt\/wp-content\/uploads\/2023\/05\/ID-a-tua-marca-na-net-4.jpeg 2000w\" sizes=\"auto, (max-width: 1024px) 100vw, 1024px\" \/><\/figure>\n<\/figure>\n\n\n\n<p>Os alunos da Escola Em\u00eddio Garcia assistiram, nesta ter\u00e7a-feira, \u00e0 pe\u00e7a teatral <strong><em>\u201cID A TUA MARCA NA NET\u201d<\/em><\/strong>, promovida pela Funda\u00e7\u00e3o Altice, no \u00e2mbito do programa \u201cComunicar em Seguran\u00e7a\u201d e com media\u00e7\u00e3o da PSP de Bragan\u00e7a. De uma forma divertida, esta encena\u00e7\u00e3o, sobre a identidade e a reputa\u00e7\u00e3o digital, teve como objetivo a sensibiliza\u00e7\u00e3o dos alunos para as oportunidades e constrangimentos da utiliza\u00e7\u00e3o dos meios online. A pe\u00e7a contou com a participa\u00e7\u00e3o dos atores: Tiago Aldeia, Pedro G\u00f3rgia e Alexandre Silva<\/p>\n","protected":false},"excerpt":{"rendered":"<p>Alunos assistiram a pe\u00e7a de teatro de sensibiliza\u00e7\u00e3o para as potencialidades e constrangimentos da internet Os alunos da Escola Em\u00eddio Garcia assistiram, nesta ter\u00e7a-feira, \u00e0 pe\u00e7a teatral \u201cID A TUA MARCA NA NET\u201d, promovida&#46;&#46;&#46;<\/p>\n","protected":false},"author":2,"featured_media":12674,"comment_status":"closed","ping_status":"open","sticky":false,"template":"","format":"standard","meta":{"footnotes":""},"categories":[27,2,9,16],"tags":[],"class_list":["post-12670","post","type-post","status-publish","format-standard","has-post-thumbnail","hentry","category-aeeg","category-atualidade","category-em-foco","category-escola-secundaria-emidio-garcia"],"_links":{"self":[{"href":"https:\/\/bojornal.pt\/index.php?rest_route=\/wp\/v2\/posts\/12670","targetHints":{"allow":["GET"]}}],"collection":[{"href":"https:\/\/bojornal.pt\/index.php?rest_route=\/wp\/v2\/posts"}],"about":[{"href":"https:\/\/bojornal.pt\/index.php?rest_route=\/wp\/v2\/types\/post"}],"author":[{"embeddable":true,"href":"https:\/\/bojornal.pt\/index.php?rest_route=\/wp\/v2\/users\/2"}],"replies":[{"embeddable":true,"href":"https:\/\/bojornal.pt\/index.php?rest_route=%2Fwp%2Fv2%2Fcomments&post=12670"}],"version-history":[{"count":0,"href":"https:\/\/bojornal.pt\/index.php?rest_route=\/wp\/v2\/posts\/12670\/revisions"}],"wp:featuredmedia":[{"embeddable":true,"href":"https:\/\/bojornal.pt\/index.php?rest_route=\/wp\/v2\/media\/12674"}],"wp:attachment":[{"href":"https:\/\/bojornal.pt\/index.php?rest_route=%2Fwp%2Fv2%2Fmedia&parent=12670"}],"wp:term":[{"taxonomy":"category","embeddable":true,"href":"https:\/\/bojornal.pt\/index.php?rest_route=%2Fwp%2Fv2%2Fcategories&post=12670"},{"taxonomy":"post_tag","embeddable":true,"href":"https:\/\/bojornal.pt\/index.php?rest_route=%2Fwp%2Fv2%2Ftags&post=12670"}],"curies":[{"name":"wp","href":"https:\/\/api.w.org\/{rel}","templated":true}]}}