{"id":12666,"date":"2023-04-27T17:56:52","date_gmt":"2023-04-27T16:56:52","guid":{"rendered":"https:\/\/bojornal.pt\/?p=12666"},"modified":"2023-04-27T17:56:54","modified_gmt":"2023-04-27T16:56:54","slug":"capitaes-de-abril","status":"publish","type":"post","link":"https:\/\/bojornal.pt\/?p=12666","title":{"rendered":"Capit\u00e3es de abril"},"content":{"rendered":"\n<p>Alunos visualizam filme na celebra\u00e7\u00e3o do 49\u00baanivers\u00e1rio da Revolu\u00e7\u00e3o dos Cravos<\/p>\n\n\n\n<figure class=\"wp-block-image size-large is-style-default\"><img loading=\"lazy\" decoding=\"async\" width=\"1024\" height=\"768\" src=\"https:\/\/bojornal.pt\/wp-content\/uploads\/2023\/04\/WhatsApp-Image-2023-04-26-at-18.36.01-1024x768.jpeg\" alt=\"\" class=\"wp-image-12667\" srcset=\"https:\/\/bojornal.pt\/wp-content\/uploads\/2023\/04\/WhatsApp-Image-2023-04-26-at-18.36.01-1024x768.jpeg 1024w, https:\/\/bojornal.pt\/wp-content\/uploads\/2023\/04\/WhatsApp-Image-2023-04-26-at-18.36.01-300x225.jpeg 300w, https:\/\/bojornal.pt\/wp-content\/uploads\/2023\/04\/WhatsApp-Image-2023-04-26-at-18.36.01-150x113.jpeg 150w, https:\/\/bojornal.pt\/wp-content\/uploads\/2023\/04\/WhatsApp-Image-2023-04-26-at-18.36.01-768x576.jpeg 768w, https:\/\/bojornal.pt\/wp-content\/uploads\/2023\/04\/WhatsApp-Image-2023-04-26-at-18.36.01-1536x1152.jpeg 1536w, https:\/\/bojornal.pt\/wp-content\/uploads\/2023\/04\/WhatsApp-Image-2023-04-26-at-18.36.01.jpeg 2048w\" sizes=\"auto, (max-width: 1024px) 100vw, 1024px\" \/><\/figure>\n\n\n\n<p>Os alunos da Escola Em\u00eddio Garcia visualizaram o filme: <em>Capit\u00e3es de Abril<\/em>, 2000 de Maria Medeiros,  na comemora\u00e7\u00e3o do 49\u00ba anivers\u00e1rio da Revolu\u00e7\u00e3o dos Cravos. Esta atividade contou com a  participa\u00e7\u00e3o de 5 turmas do terceiro ciclo, dinamizada pelo Plano Nacional de Cinema. <\/p>\n","protected":false},"excerpt":{"rendered":"<p>Alunos visualizam filme na celebra\u00e7\u00e3o do 49\u00baanivers\u00e1rio da Revolu\u00e7\u00e3o dos Cravos Os alunos da Escola Em\u00eddio Garcia visualizaram o filme: Capit\u00e3es de Abril, 2000 de Maria Medeiros, na comemora\u00e7\u00e3o do 49\u00ba anivers\u00e1rio da Revolu\u00e7\u00e3o&#46;&#46;&#46;<\/p>\n","protected":false},"author":2,"featured_media":12667,"comment_status":"closed","ping_status":"open","sticky":false,"template":"","format":"standard","meta":{"footnotes":""},"categories":[16],"tags":[],"class_list":["post-12666","post","type-post","status-publish","format-standard","has-post-thumbnail","hentry","category-escola-secundaria-emidio-garcia"],"_links":{"self":[{"href":"https:\/\/bojornal.pt\/index.php?rest_route=\/wp\/v2\/posts\/12666","targetHints":{"allow":["GET"]}}],"collection":[{"href":"https:\/\/bojornal.pt\/index.php?rest_route=\/wp\/v2\/posts"}],"about":[{"href":"https:\/\/bojornal.pt\/index.php?rest_route=\/wp\/v2\/types\/post"}],"author":[{"embeddable":true,"href":"https:\/\/bojornal.pt\/index.php?rest_route=\/wp\/v2\/users\/2"}],"replies":[{"embeddable":true,"href":"https:\/\/bojornal.pt\/index.php?rest_route=%2Fwp%2Fv2%2Fcomments&post=12666"}],"version-history":[{"count":0,"href":"https:\/\/bojornal.pt\/index.php?rest_route=\/wp\/v2\/posts\/12666\/revisions"}],"wp:featuredmedia":[{"embeddable":true,"href":"https:\/\/bojornal.pt\/index.php?rest_route=\/wp\/v2\/media\/12667"}],"wp:attachment":[{"href":"https:\/\/bojornal.pt\/index.php?rest_route=%2Fwp%2Fv2%2Fmedia&parent=12666"}],"wp:term":[{"taxonomy":"category","embeddable":true,"href":"https:\/\/bojornal.pt\/index.php?rest_route=%2Fwp%2Fv2%2Fcategories&post=12666"},{"taxonomy":"post_tag","embeddable":true,"href":"https:\/\/bojornal.pt\/index.php?rest_route=%2Fwp%2Fv2%2Ftags&post=12666"}],"curies":[{"name":"wp","href":"https:\/\/api.w.org\/{rel}","templated":true}]}}