{"id":12663,"date":"2023-04-25T21:44:01","date_gmt":"2023-04-25T20:44:01","guid":{"rendered":"https:\/\/bojornal.pt\/?p=12663"},"modified":"2023-04-25T21:44:03","modified_gmt":"2023-04-25T20:44:03","slug":"convidado-de-leitura-no-jardim-de-infancia","status":"publish","type":"post","link":"https:\/\/bojornal.pt\/?p=12663","title":{"rendered":"Convidado de Leitura no Jardim de Inf\u00e2ncia"},"content":{"rendered":"\n<figure class=\"wp-block-embed is-type-video is-provider-youtube wp-block-embed-youtube wp-embed-aspect-16-9 wp-has-aspect-ratio\"><div class=\"wp-block-embed__wrapper\">\n<div class=\"video-container\"><iframe loading=\"lazy\" title=\"Convidado de leitura (JInf\u00e2ncia)\" width=\"500\" height=\"281\" src=\"https:\/\/www.youtube.com\/embed\/A4C6JuS2ArU?feature=oembed&#038;wmode=opaque\" frameborder=\"0\" allow=\"accelerometer; autoplay; clipboard-write; encrypted-media; gyroscope; picture-in-picture; web-share\" referrerpolicy=\"strict-origin-when-cross-origin\" allowfullscreen><\/iframe><\/div>\n<\/div><\/figure>\n\n\n\n<p>Ao logo da semana de 17 a 21 de abril, com o objetivo de promover a leitura, decorreu<br \/>na Turma JISE2 do CESE (Centro Escolar da S\u00e9) a atividade \u201cConvidado de Leitura\u201d.<br \/>Considerando a import\u00e2ncia do envolvimento da fam\u00edlia para a cria\u00e7\u00e3o de h\u00e1bitos de<br \/>leitura, os encarregados de educa\u00e7\u00e3o estiveram presentes na sala de aula lendo para as<br \/>crian\u00e7as.<br \/>Foram momentos ricos de partilha de leitura que s\u00f3 foram poss\u00edveis pela conjuga\u00e7\u00e3o de<br \/>dois fatores importantes, a disponibilidade das fam\u00edlias e a felicidade das crian\u00e7as ao<br \/>acolh\u00ea-las na sua sala de aula.<br \/>Obrigada a todos.<\/p>\n","protected":false},"excerpt":{"rendered":"<p>Ao logo da semana de 17 a 21 de abril, com o objetivo de promover a leitura, decorreuna Turma JISE2 do CESE (Centro Escolar da S\u00e9) a atividade \u201cConvidado de Leitura\u201d.Considerando a import\u00e2ncia do&#46;&#46;&#46;<\/p>\n","protected":false},"author":2,"featured_media":12664,"comment_status":"closed","ping_status":"open","sticky":false,"template":"","format":"standard","meta":{"footnotes":""},"categories":[27,2,15],"tags":[],"class_list":["post-12663","post","type-post","status-publish","format-standard","has-post-thumbnail","hentry","category-aeeg","category-atualidade","category-pre-escolar"],"_links":{"self":[{"href":"https:\/\/bojornal.pt\/index.php?rest_route=\/wp\/v2\/posts\/12663","targetHints":{"allow":["GET"]}}],"collection":[{"href":"https:\/\/bojornal.pt\/index.php?rest_route=\/wp\/v2\/posts"}],"about":[{"href":"https:\/\/bojornal.pt\/index.php?rest_route=\/wp\/v2\/types\/post"}],"author":[{"embeddable":true,"href":"https:\/\/bojornal.pt\/index.php?rest_route=\/wp\/v2\/users\/2"}],"replies":[{"embeddable":true,"href":"https:\/\/bojornal.pt\/index.php?rest_route=%2Fwp%2Fv2%2Fcomments&post=12663"}],"version-history":[{"count":0,"href":"https:\/\/bojornal.pt\/index.php?rest_route=\/wp\/v2\/posts\/12663\/revisions"}],"wp:featuredmedia":[{"embeddable":true,"href":"https:\/\/bojornal.pt\/index.php?rest_route=\/wp\/v2\/media\/12664"}],"wp:attachment":[{"href":"https:\/\/bojornal.pt\/index.php?rest_route=%2Fwp%2Fv2%2Fmedia&parent=12663"}],"wp:term":[{"taxonomy":"category","embeddable":true,"href":"https:\/\/bojornal.pt\/index.php?rest_route=%2Fwp%2Fv2%2Fcategories&post=12663"},{"taxonomy":"post_tag","embeddable":true,"href":"https:\/\/bojornal.pt\/index.php?rest_route=%2Fwp%2Fv2%2Ftags&post=12663"}],"curies":[{"name":"wp","href":"https:\/\/api.w.org\/{rel}","templated":true}]}}