{"id":12654,"date":"2023-04-25T08:46:25","date_gmt":"2023-04-25T07:46:25","guid":{"rendered":"https:\/\/bojornal.pt\/?p=12654"},"modified":"2023-04-25T08:46:27","modified_gmt":"2023-04-25T07:46:27","slug":"alunos-assinalam-25-de-abril","status":"publish","type":"post","link":"https:\/\/bojornal.pt\/?p=12654","title":{"rendered":"Alunos assinalam 25 de abril"},"content":{"rendered":"\n<p><strong><em>49\u00baanivers\u00e1rio da revolu\u00e7\u00e3o de abril celebrada, na Escola Em\u00eddio Garcia, de forma original<\/em><\/strong><\/p>\n\n\n\n<p><strong>VER V\u00cdDEO<\/strong><\/p>\n\n\n\n<figure class=\"wp-block-embed is-type-video is-provider-youtube wp-block-embed-youtube wp-embed-aspect-16-9 wp-has-aspect-ratio\"><div class=\"wp-block-embed__wrapper\">\n<div class=\"video-container\"><iframe loading=\"lazy\" title=\"25 de abril na Escola Em\u00eddio Garcia de Bragan\u00e7a\" width=\"500\" height=\"281\" src=\"https:\/\/www.youtube.com\/embed\/OHtuV_iW3jU?feature=oembed&#038;wmode=opaque\" frameborder=\"0\" allow=\"accelerometer; autoplay; clipboard-write; encrypted-media; gyroscope; picture-in-picture; web-share\" referrerpolicy=\"strict-origin-when-cross-origin\" allowfullscreen><\/iframe><\/div>\n<\/div><\/figure>\n\n\n\n<p>Os alunos do Curso de Artes Visuais, orientados pelo professor Manuel Trovisco, assinalaram o 49\u00baanivers\u00e1rio do 25 de abril, de forma original. Nos dias antecedentes a esta efem\u00e9ride, elaboraram uma exposi\u00e7\u00e3o alusiva \u00e0 aus\u00eancia de liberdade e, no dia 24 de abril (v\u00e9spera do feriado) converteram aquele num elemento de liberdade, simbolizado pelos tradicionais cravos. <\/p>\n\n\n\n<div class=\"wp-block-columns is-layout-flex wp-container-core-columns-is-layout-9d6595d7 wp-block-columns-is-layout-flex\">\n<div class=\"wp-block-column is-layout-flow wp-block-column-is-layout-flow\">\n<figure class=\"wp-block-image size-large is-style-default\"><img loading=\"lazy\" decoding=\"async\" width=\"1024\" height=\"461\" src=\"https:\/\/bojornal.pt\/wp-content\/uploads\/2023\/04\/25-de-abril-2023_liceu-2-1024x461.jpg\" alt=\"\" class=\"wp-image-12655\" srcset=\"https:\/\/bojornal.pt\/wp-content\/uploads\/2023\/04\/25-de-abril-2023_liceu-2-1024x461.jpg 1024w, https:\/\/bojornal.pt\/wp-content\/uploads\/2023\/04\/25-de-abril-2023_liceu-2-300x135.jpg 300w, https:\/\/bojornal.pt\/wp-content\/uploads\/2023\/04\/25-de-abril-2023_liceu-2-150x68.jpg 150w, https:\/\/bojornal.pt\/wp-content\/uploads\/2023\/04\/25-de-abril-2023_liceu-2-768x346.jpg 768w, https:\/\/bojornal.pt\/wp-content\/uploads\/2023\/04\/25-de-abril-2023_liceu-2-1536x691.jpg 1536w, https:\/\/bojornal.pt\/wp-content\/uploads\/2023\/04\/25-de-abril-2023_liceu-2-2048x922.jpg 2048w\" sizes=\"auto, (max-width: 1024px) 100vw, 1024px\" \/><\/figure>\n<\/div>\n\n\n\n<div class=\"wp-block-column is-layout-flow wp-block-column-is-layout-flow\">\n<figure class=\"wp-block-image size-large is-style-default\"><img loading=\"lazy\" decoding=\"async\" width=\"1024\" height=\"461\" src=\"https:\/\/bojornal.pt\/wp-content\/uploads\/2023\/04\/25-de-abril-2023_liceu-6-1024x461.jpg\" alt=\"\" class=\"wp-image-12656\" srcset=\"https:\/\/bojornal.pt\/wp-content\/uploads\/2023\/04\/25-de-abril-2023_liceu-6-1024x461.jpg 1024w, https:\/\/bojornal.pt\/wp-content\/uploads\/2023\/04\/25-de-abril-2023_liceu-6-300x135.jpg 300w, https:\/\/bojornal.pt\/wp-content\/uploads\/2023\/04\/25-de-abril-2023_liceu-6-150x68.jpg 150w, https:\/\/bojornal.pt\/wp-content\/uploads\/2023\/04\/25-de-abril-2023_liceu-6-768x346.jpg 768w, https:\/\/bojornal.pt\/wp-content\/uploads\/2023\/04\/25-de-abril-2023_liceu-6-1536x691.jpg 1536w, https:\/\/bojornal.pt\/wp-content\/uploads\/2023\/04\/25-de-abril-2023_liceu-6-2048x922.jpg 2048w\" sizes=\"auto, (max-width: 1024px) 100vw, 1024px\" \/><\/figure>\n<\/div>\n\n\n\n<div class=\"wp-block-column is-layout-flow wp-block-column-is-layout-flow\">\n<figure class=\"wp-block-image size-large is-style-default\"><img loading=\"lazy\" decoding=\"async\" width=\"1024\" height=\"461\" src=\"https:\/\/bojornal.pt\/wp-content\/uploads\/2023\/04\/25-de-abril-2023_liceu-4-1024x461.jpg\" alt=\"\" class=\"wp-image-12657\" srcset=\"https:\/\/bojornal.pt\/wp-content\/uploads\/2023\/04\/25-de-abril-2023_liceu-4-1024x461.jpg 1024w, https:\/\/bojornal.pt\/wp-content\/uploads\/2023\/04\/25-de-abril-2023_liceu-4-300x135.jpg 300w, https:\/\/bojornal.pt\/wp-content\/uploads\/2023\/04\/25-de-abril-2023_liceu-4-150x68.jpg 150w, https:\/\/bojornal.pt\/wp-content\/uploads\/2023\/04\/25-de-abril-2023_liceu-4-768x346.jpg 768w, https:\/\/bojornal.pt\/wp-content\/uploads\/2023\/04\/25-de-abril-2023_liceu-4-1536x691.jpg 1536w, https:\/\/bojornal.pt\/wp-content\/uploads\/2023\/04\/25-de-abril-2023_liceu-4-2048x922.jpg 2048w\" sizes=\"auto, (max-width: 1024px) 100vw, 1024px\" \/><\/figure>\n<\/div>\n<\/div>\n\n\n\n<div class=\"wp-block-columns is-layout-flex wp-container-core-columns-is-layout-9d6595d7 wp-block-columns-is-layout-flex\">\n<div class=\"wp-block-column is-layout-flow wp-block-column-is-layout-flow\">\n<figure class=\"wp-block-image size-large is-style-default\"><img loading=\"lazy\" decoding=\"async\" width=\"1024\" height=\"461\" src=\"https:\/\/bojornal.pt\/wp-content\/uploads\/2023\/04\/25-de-abril-2023_liceu-8-1024x461.jpg\" alt=\"\" class=\"wp-image-12658\" srcset=\"https:\/\/bojornal.pt\/wp-content\/uploads\/2023\/04\/25-de-abril-2023_liceu-8-1024x461.jpg 1024w, https:\/\/bojornal.pt\/wp-content\/uploads\/2023\/04\/25-de-abril-2023_liceu-8-300x135.jpg 300w, https:\/\/bojornal.pt\/wp-content\/uploads\/2023\/04\/25-de-abril-2023_liceu-8-150x68.jpg 150w, https:\/\/bojornal.pt\/wp-content\/uploads\/2023\/04\/25-de-abril-2023_liceu-8-768x346.jpg 768w, https:\/\/bojornal.pt\/wp-content\/uploads\/2023\/04\/25-de-abril-2023_liceu-8-1536x691.jpg 1536w, https:\/\/bojornal.pt\/wp-content\/uploads\/2023\/04\/25-de-abril-2023_liceu-8-2048x922.jpg 2048w\" sizes=\"auto, (max-width: 1024px) 100vw, 1024px\" \/><\/figure>\n<\/div>\n\n\n\n<div class=\"wp-block-column is-layout-flow wp-block-column-is-layout-flow\">\n<figure class=\"wp-block-image size-large is-style-default\"><img loading=\"lazy\" decoding=\"async\" width=\"1024\" height=\"461\" src=\"https:\/\/bojornal.pt\/wp-content\/uploads\/2023\/04\/25-de-abril-2023_liceu-5-1024x461.jpg\" alt=\"\" class=\"wp-image-12659\" srcset=\"https:\/\/bojornal.pt\/wp-content\/uploads\/2023\/04\/25-de-abril-2023_liceu-5-1024x461.jpg 1024w, https:\/\/bojornal.pt\/wp-content\/uploads\/2023\/04\/25-de-abril-2023_liceu-5-300x135.jpg 300w, https:\/\/bojornal.pt\/wp-content\/uploads\/2023\/04\/25-de-abril-2023_liceu-5-150x67.jpg 150w, https:\/\/bojornal.pt\/wp-content\/uploads\/2023\/04\/25-de-abril-2023_liceu-5-768x345.jpg 768w, https:\/\/bojornal.pt\/wp-content\/uploads\/2023\/04\/25-de-abril-2023_liceu-5-1536x691.jpg 1536w, https:\/\/bojornal.pt\/wp-content\/uploads\/2023\/04\/25-de-abril-2023_liceu-5-2048x921.jpg 2048w\" sizes=\"auto, (max-width: 1024px) 100vw, 1024px\" \/><\/figure>\n<\/div>\n\n\n\n<div class=\"wp-block-column is-layout-flow wp-block-column-is-layout-flow\">\n<figure class=\"wp-block-image size-large is-style-default\"><img loading=\"lazy\" decoding=\"async\" width=\"1024\" height=\"576\" src=\"https:\/\/bojornal.pt\/wp-content\/uploads\/2023\/04\/25-1024x576.jpg\" alt=\"\" class=\"wp-image-12661\" srcset=\"https:\/\/bojornal.pt\/wp-content\/uploads\/2023\/04\/25-1024x576.jpg 1024w, https:\/\/bojornal.pt\/wp-content\/uploads\/2023\/04\/25-300x169.jpg 300w, https:\/\/bojornal.pt\/wp-content\/uploads\/2023\/04\/25-150x84.jpg 150w, https:\/\/bojornal.pt\/wp-content\/uploads\/2023\/04\/25-768x432.jpg 768w, https:\/\/bojornal.pt\/wp-content\/uploads\/2023\/04\/25-1536x864.jpg 1536w, https:\/\/bojornal.pt\/wp-content\/uploads\/2023\/04\/25.jpg 1920w\" sizes=\"auto, (max-width: 1024px) 100vw, 1024px\" \/><\/figure>\n<\/div>\n<\/div>\n","protected":false},"excerpt":{"rendered":"<p>49\u00baanivers\u00e1rio da revolu\u00e7\u00e3o de abril celebrada, na Escola Em\u00eddio Garcia, de forma original VER V\u00cdDEO Os alunos do Curso de Artes Visuais, orientados pelo professor Manuel Trovisco, assinalaram o 49\u00baanivers\u00e1rio do 25 de abril,&#46;&#46;&#46;<\/p>\n","protected":false},"author":2,"featured_media":12661,"comment_status":"closed","ping_status":"open","sticky":false,"template":"","format":"standard","meta":{"footnotes":""},"categories":[27,2,9,16],"tags":[],"class_list":["post-12654","post","type-post","status-publish","format-standard","has-post-thumbnail","hentry","category-aeeg","category-atualidade","category-em-foco","category-escola-secundaria-emidio-garcia"],"_links":{"self":[{"href":"https:\/\/bojornal.pt\/index.php?rest_route=\/wp\/v2\/posts\/12654","targetHints":{"allow":["GET"]}}],"collection":[{"href":"https:\/\/bojornal.pt\/index.php?rest_route=\/wp\/v2\/posts"}],"about":[{"href":"https:\/\/bojornal.pt\/index.php?rest_route=\/wp\/v2\/types\/post"}],"author":[{"embeddable":true,"href":"https:\/\/bojornal.pt\/index.php?rest_route=\/wp\/v2\/users\/2"}],"replies":[{"embeddable":true,"href":"https:\/\/bojornal.pt\/index.php?rest_route=%2Fwp%2Fv2%2Fcomments&post=12654"}],"version-history":[{"count":0,"href":"https:\/\/bojornal.pt\/index.php?rest_route=\/wp\/v2\/posts\/12654\/revisions"}],"wp:featuredmedia":[{"embeddable":true,"href":"https:\/\/bojornal.pt\/index.php?rest_route=\/wp\/v2\/media\/12661"}],"wp:attachment":[{"href":"https:\/\/bojornal.pt\/index.php?rest_route=%2Fwp%2Fv2%2Fmedia&parent=12654"}],"wp:term":[{"taxonomy":"category","embeddable":true,"href":"https:\/\/bojornal.pt\/index.php?rest_route=%2Fwp%2Fv2%2Fcategories&post=12654"},{"taxonomy":"post_tag","embeddable":true,"href":"https:\/\/bojornal.pt\/index.php?rest_route=%2Fwp%2Fv2%2Ftags&post=12654"}],"curies":[{"name":"wp","href":"https:\/\/api.w.org\/{rel}","templated":true}]}}