{"id":12644,"date":"2023-04-23T22:18:18","date_gmt":"2023-04-23T21:18:18","guid":{"rendered":"https:\/\/bojornal.pt\/?p=12644"},"modified":"2023-04-24T11:37:55","modified_gmt":"2023-04-24T10:37:55","slug":"luis-pino-garante-medalha-de-prata-nas-olimpiadas-regionais-de-fisica","status":"publish","type":"post","link":"https:\/\/bojornal.pt\/?p=12644","title":{"rendered":"Lu\u00eds Pino garante medalha de bronze nas Olimp\u00edadas Regionais de F\u00edsica"},"content":{"rendered":"\n<figure class=\"wp-block-image size-full is-style-default\"><img loading=\"lazy\" decoding=\"async\" width=\"1024\" height=\"768\" src=\"https:\/\/bojornal.pt\/wp-content\/uploads\/2023\/04\/WhatsApp-Image-2023-04-23-at-08.26.22.jpeg\" alt=\"\" class=\"wp-image-12646\" srcset=\"https:\/\/bojornal.pt\/wp-content\/uploads\/2023\/04\/WhatsApp-Image-2023-04-23-at-08.26.22.jpeg 1024w, https:\/\/bojornal.pt\/wp-content\/uploads\/2023\/04\/WhatsApp-Image-2023-04-23-at-08.26.22-300x225.jpeg 300w, https:\/\/bojornal.pt\/wp-content\/uploads\/2023\/04\/WhatsApp-Image-2023-04-23-at-08.26.22-150x113.jpeg 150w, https:\/\/bojornal.pt\/wp-content\/uploads\/2023\/04\/WhatsApp-Image-2023-04-23-at-08.26.22-768x576.jpeg 768w\" sizes=\"auto, (max-width: 1024px) 100vw, 1024px\" \/><\/figure>\n\n\n\n<p>O aluno Lu\u00eds Pinto conquistou a medalha de bronze nas Olimp\u00edadas Regionais de F\u00edsica, realizadas no passado dia 22 de abril, em Vila Real. Agora, o aluno vai participar na fase final, a n\u00edvel nacional.<\/p>\n\n\n\n<p>O Bjornal felicita o aluno e os professores por esta conquista, fruto de muito trabalho e empenho. Parab\u00e9ns!<\/p>\n\n\n\n<div class=\"wp-block-columns is-layout-flex wp-container-core-columns-is-layout-9d6595d7 wp-block-columns-is-layout-flex\">\n<div class=\"wp-block-column is-layout-flow wp-block-column-is-layout-flow\">\n<figure class=\"wp-block-image size-full is-style-default\"><img loading=\"lazy\" decoding=\"async\" width=\"1024\" height=\"768\" src=\"https:\/\/bojornal.pt\/wp-content\/uploads\/2023\/04\/WhatsApp-Image-2023-04-23-at-08.26.22-1.jpeg\" alt=\"\" class=\"wp-image-12648\" srcset=\"https:\/\/bojornal.pt\/wp-content\/uploads\/2023\/04\/WhatsApp-Image-2023-04-23-at-08.26.22-1.jpeg 1024w, https:\/\/bojornal.pt\/wp-content\/uploads\/2023\/04\/WhatsApp-Image-2023-04-23-at-08.26.22-1-300x225.jpeg 300w, https:\/\/bojornal.pt\/wp-content\/uploads\/2023\/04\/WhatsApp-Image-2023-04-23-at-08.26.22-1-150x113.jpeg 150w, https:\/\/bojornal.pt\/wp-content\/uploads\/2023\/04\/WhatsApp-Image-2023-04-23-at-08.26.22-1-768x576.jpeg 768w\" sizes=\"auto, (max-width: 1024px) 100vw, 1024px\" \/><\/figure>\n<\/div>\n\n\n\n<div class=\"wp-block-column is-layout-flow wp-block-column-is-layout-flow\">\n<figure class=\"wp-block-image size-full is-style-default\"><img loading=\"lazy\" decoding=\"async\" width=\"768\" height=\"1024\" src=\"https:\/\/bojornal.pt\/wp-content\/uploads\/2023\/04\/WhatsApp-Image-2023-04-23-at-08.26.22-2.jpeg\" alt=\"\" class=\"wp-image-12649\" srcset=\"https:\/\/bojornal.pt\/wp-content\/uploads\/2023\/04\/WhatsApp-Image-2023-04-23-at-08.26.22-2.jpeg 768w, https:\/\/bojornal.pt\/wp-content\/uploads\/2023\/04\/WhatsApp-Image-2023-04-23-at-08.26.22-2-225x300.jpeg 225w, https:\/\/bojornal.pt\/wp-content\/uploads\/2023\/04\/WhatsApp-Image-2023-04-23-at-08.26.22-2-113x150.jpeg 113w\" sizes=\"auto, (max-width: 768px) 100vw, 768px\" \/><\/figure>\n<\/div>\n\n\n\n<div class=\"wp-block-column is-layout-flow wp-block-column-is-layout-flow\">\n<figure class=\"wp-block-image size-large is-style-default\"><img loading=\"lazy\" decoding=\"async\" width=\"649\" height=\"1024\" src=\"https:\/\/bojornal.pt\/wp-content\/uploads\/2023\/04\/WhatsApp-Image-2023-04-22-at-16.41.23-649x1024.jpeg\" alt=\"\" class=\"wp-image-12650\" srcset=\"https:\/\/bojornal.pt\/wp-content\/uploads\/2023\/04\/WhatsApp-Image-2023-04-22-at-16.41.23-649x1024.jpeg 649w, https:\/\/bojornal.pt\/wp-content\/uploads\/2023\/04\/WhatsApp-Image-2023-04-22-at-16.41.23-190x300.jpeg 190w, https:\/\/bojornal.pt\/wp-content\/uploads\/2023\/04\/WhatsApp-Image-2023-04-22-at-16.41.23-95x150.jpeg 95w, https:\/\/bojornal.pt\/wp-content\/uploads\/2023\/04\/WhatsApp-Image-2023-04-22-at-16.41.23-768x1212.jpeg 768w, https:\/\/bojornal.pt\/wp-content\/uploads\/2023\/04\/WhatsApp-Image-2023-04-22-at-16.41.23-974x1536.jpeg 974w, https:\/\/bojornal.pt\/wp-content\/uploads\/2023\/04\/WhatsApp-Image-2023-04-22-at-16.41.23.jpeg 1298w\" sizes=\"auto, (max-width: 649px) 100vw, 649px\" \/><\/figure>\n<\/div>\n<\/div>\n","protected":false},"excerpt":{"rendered":"<p>O aluno Lu\u00eds Pinto conquistou a medalha de bronze nas Olimp\u00edadas Regionais de F\u00edsica, realizadas no passado dia 22 de abril, em Vila Real. Agora, o aluno vai participar na fase final, a n\u00edvel&#46;&#46;&#46;<\/p>\n","protected":false},"author":2,"featured_media":12646,"comment_status":"closed","ping_status":"open","sticky":false,"template":"","format":"standard","meta":{"footnotes":""},"categories":[27,9,16],"tags":[],"class_list":["post-12644","post","type-post","status-publish","format-standard","has-post-thumbnail","hentry","category-aeeg","category-em-foco","category-escola-secundaria-emidio-garcia"],"_links":{"self":[{"href":"https:\/\/bojornal.pt\/index.php?rest_route=\/wp\/v2\/posts\/12644","targetHints":{"allow":["GET"]}}],"collection":[{"href":"https:\/\/bojornal.pt\/index.php?rest_route=\/wp\/v2\/posts"}],"about":[{"href":"https:\/\/bojornal.pt\/index.php?rest_route=\/wp\/v2\/types\/post"}],"author":[{"embeddable":true,"href":"https:\/\/bojornal.pt\/index.php?rest_route=\/wp\/v2\/users\/2"}],"replies":[{"embeddable":true,"href":"https:\/\/bojornal.pt\/index.php?rest_route=%2Fwp%2Fv2%2Fcomments&post=12644"}],"version-history":[{"count":0,"href":"https:\/\/bojornal.pt\/index.php?rest_route=\/wp\/v2\/posts\/12644\/revisions"}],"wp:featuredmedia":[{"embeddable":true,"href":"https:\/\/bojornal.pt\/index.php?rest_route=\/wp\/v2\/media\/12646"}],"wp:attachment":[{"href":"https:\/\/bojornal.pt\/index.php?rest_route=%2Fwp%2Fv2%2Fmedia&parent=12644"}],"wp:term":[{"taxonomy":"category","embeddable":true,"href":"https:\/\/bojornal.pt\/index.php?rest_route=%2Fwp%2Fv2%2Fcategories&post=12644"},{"taxonomy":"post_tag","embeddable":true,"href":"https:\/\/bojornal.pt\/index.php?rest_route=%2Fwp%2Fv2%2Ftags&post=12644"}],"curies":[{"name":"wp","href":"https:\/\/api.w.org\/{rel}","templated":true}]}}