{"id":12637,"date":"2023-04-19T21:54:00","date_gmt":"2023-04-19T20:54:00","guid":{"rendered":"https:\/\/bojornal.pt\/?p=12637"},"modified":"2023-04-23T21:58:59","modified_gmt":"2023-04-23T20:58:59","slug":"equipa-de-futsal-vence-e-apura-se-para-a-fase-regional","status":"publish","type":"post","link":"https:\/\/bojornal.pt\/?p=12637","title":{"rendered":"Equipa de Futsal vence e apura-se para a fase regional"},"content":{"rendered":"\n<figure class=\"wp-block-image size-large is-style-default\"><img loading=\"lazy\" decoding=\"async\" width=\"1024\" height=\"768\" src=\"https:\/\/bojornal.pt\/wp-content\/uploads\/2023\/04\/Futsal_vencedores-1024x768.jpeg\" alt=\"\" class=\"wp-image-12638\" srcset=\"https:\/\/bojornal.pt\/wp-content\/uploads\/2023\/04\/Futsal_vencedores-1024x768.jpeg 1024w, https:\/\/bojornal.pt\/wp-content\/uploads\/2023\/04\/Futsal_vencedores-300x225.jpeg 300w, https:\/\/bojornal.pt\/wp-content\/uploads\/2023\/04\/Futsal_vencedores-150x113.jpeg 150w, https:\/\/bojornal.pt\/wp-content\/uploads\/2023\/04\/Futsal_vencedores-768x576.jpeg 768w, https:\/\/bojornal.pt\/wp-content\/uploads\/2023\/04\/Futsal_vencedores-1536x1152.jpeg 1536w, https:\/\/bojornal.pt\/wp-content\/uploads\/2023\/04\/Futsal_vencedores.jpeg 1600w\" sizes=\"auto, (max-width: 1024px) 100vw, 1024px\" \/><\/figure>\n\n\n\n<p>A equipa de futsal da Escola Em\u00eddio Garcia garantiu presen\u00e7a na fase final, ou seja, fase regional da modalidade. A equipa do Liceu venceu a competi\u00e7\u00e3o Inter CLDE, numa partida, realizada em Mur\u00e7a, entre a Em\u00eddio Garcia (representante da CLDE de Bragan\u00e7a)  e Escola de Bai\u00e3o, representante da CLDE do T\u00e2mega. Os nossos atletas est\u00e3o de parab\u00e9ns depois da excelente presta\u00e7\u00e3o e de uma vit\u00f3ria por 6-5. A Fase Regional vai decorrer em S\u00e3o Jo\u00e3o da Madeira, no dia 3 de maio.<\/p>\n","protected":false},"excerpt":{"rendered":"<p>A equipa de futsal da Escola Em\u00eddio Garcia garantiu presen\u00e7a na fase final, ou seja, fase regional da modalidade. A equipa do Liceu venceu a competi\u00e7\u00e3o Inter CLDE, numa partida, realizada em Mur\u00e7a, entre&#46;&#46;&#46;<\/p>\n","protected":false},"author":2,"featured_media":12638,"comment_status":"closed","ping_status":"open","sticky":false,"template":"","format":"standard","meta":{"footnotes":""},"categories":[27,9,16],"tags":[],"class_list":["post-12637","post","type-post","status-publish","format-standard","has-post-thumbnail","hentry","category-aeeg","category-em-foco","category-escola-secundaria-emidio-garcia"],"_links":{"self":[{"href":"https:\/\/bojornal.pt\/index.php?rest_route=\/wp\/v2\/posts\/12637","targetHints":{"allow":["GET"]}}],"collection":[{"href":"https:\/\/bojornal.pt\/index.php?rest_route=\/wp\/v2\/posts"}],"about":[{"href":"https:\/\/bojornal.pt\/index.php?rest_route=\/wp\/v2\/types\/post"}],"author":[{"embeddable":true,"href":"https:\/\/bojornal.pt\/index.php?rest_route=\/wp\/v2\/users\/2"}],"replies":[{"embeddable":true,"href":"https:\/\/bojornal.pt\/index.php?rest_route=%2Fwp%2Fv2%2Fcomments&post=12637"}],"version-history":[{"count":0,"href":"https:\/\/bojornal.pt\/index.php?rest_route=\/wp\/v2\/posts\/12637\/revisions"}],"wp:featuredmedia":[{"embeddable":true,"href":"https:\/\/bojornal.pt\/index.php?rest_route=\/wp\/v2\/media\/12638"}],"wp:attachment":[{"href":"https:\/\/bojornal.pt\/index.php?rest_route=%2Fwp%2Fv2%2Fmedia&parent=12637"}],"wp:term":[{"taxonomy":"category","embeddable":true,"href":"https:\/\/bojornal.pt\/index.php?rest_route=%2Fwp%2Fv2%2Fcategories&post=12637"},{"taxonomy":"post_tag","embeddable":true,"href":"https:\/\/bojornal.pt\/index.php?rest_route=%2Fwp%2Fv2%2Ftags&post=12637"}],"curies":[{"name":"wp","href":"https:\/\/api.w.org\/{rel}","templated":true}]}}