{"id":12624,"date":"2023-04-20T21:36:00","date_gmt":"2023-04-20T20:36:00","guid":{"rendered":"https:\/\/bojornal.pt\/?p=12624"},"modified":"2023-04-23T21:49:54","modified_gmt":"2023-04-23T20:49:54","slug":"visita-a-merida-e-sevilha","status":"publish","type":"post","link":"https:\/\/bojornal.pt\/?p=12624","title":{"rendered":"Visita a M\u00e9rida e Sevilha"},"content":{"rendered":"\n<p><strong><em>Alunos de 11\u00ba ano de EMRC e Espanhol conheceram a Andaluzia <\/em><\/strong><\/p>\n\n\n\n<figure class=\"wp-block-image size-large is-resized is-style-default\"><img loading=\"lazy\" decoding=\"async\" src=\"https:\/\/bojornal.pt\/wp-content\/uploads\/2023\/04\/WhatsApp-Image-2023-04-18-at-18.43.11-1024x461.jpeg\" alt=\"\" class=\"wp-image-12625\" width=\"596\" height=\"267\" srcset=\"https:\/\/bojornal.pt\/wp-content\/uploads\/2023\/04\/WhatsApp-Image-2023-04-18-at-18.43.11-1024x461.jpeg 1024w, https:\/\/bojornal.pt\/wp-content\/uploads\/2023\/04\/WhatsApp-Image-2023-04-18-at-18.43.11-300x135.jpeg 300w, https:\/\/bojornal.pt\/wp-content\/uploads\/2023\/04\/WhatsApp-Image-2023-04-18-at-18.43.11-150x67.jpeg 150w, https:\/\/bojornal.pt\/wp-content\/uploads\/2023\/04\/WhatsApp-Image-2023-04-18-at-18.43.11-768x345.jpeg 768w, https:\/\/bojornal.pt\/wp-content\/uploads\/2023\/04\/WhatsApp-Image-2023-04-18-at-18.43.11-1536x691.jpeg 1536w, https:\/\/bojornal.pt\/wp-content\/uploads\/2023\/04\/WhatsApp-Image-2023-04-18-at-18.43.11.jpeg 2048w\" sizes=\"auto, (max-width: 596px) 100vw, 596px\" \/><\/figure>\n\n\n\n<p><\/p>\n\n\n\n<div class=\"wp-block-columns is-layout-flex wp-container-core-columns-is-layout-9d6595d7 wp-block-columns-is-layout-flex\">\n<div class=\"wp-block-column is-layout-flow wp-block-column-is-layout-flow\">\n<figure class=\"wp-block-image size-large is-style-default\"><img loading=\"lazy\" decoding=\"async\" width=\"1024\" height=\"461\" src=\"https:\/\/bojornal.pt\/wp-content\/uploads\/2023\/04\/Visita-a-Merida-e-Sevilha-11-1024x461.jpg\" alt=\"\" class=\"wp-image-12626\" srcset=\"https:\/\/bojornal.pt\/wp-content\/uploads\/2023\/04\/Visita-a-Merida-e-Sevilha-11-1024x461.jpg 1024w, https:\/\/bojornal.pt\/wp-content\/uploads\/2023\/04\/Visita-a-Merida-e-Sevilha-11-300x135.jpg 300w, https:\/\/bojornal.pt\/wp-content\/uploads\/2023\/04\/Visita-a-Merida-e-Sevilha-11-150x68.jpg 150w, https:\/\/bojornal.pt\/wp-content\/uploads\/2023\/04\/Visita-a-Merida-e-Sevilha-11-768x346.jpg 768w, https:\/\/bojornal.pt\/wp-content\/uploads\/2023\/04\/Visita-a-Merida-e-Sevilha-11-1536x691.jpg 1536w, https:\/\/bojornal.pt\/wp-content\/uploads\/2023\/04\/Visita-a-Merida-e-Sevilha-11-2048x922.jpg 2048w\" sizes=\"auto, (max-width: 1024px) 100vw, 1024px\" \/><\/figure>\n<\/div>\n\n\n\n<div class=\"wp-block-column is-layout-flow wp-block-column-is-layout-flow\">\n<figure class=\"wp-block-image size-large is-style-default\"><img loading=\"lazy\" decoding=\"async\" width=\"1024\" height=\"461\" src=\"https:\/\/bojornal.pt\/wp-content\/uploads\/2023\/04\/Visita-a-Merida-e-Sevilha-4-1024x461.jpg\" alt=\"\" class=\"wp-image-12627\" srcset=\"https:\/\/bojornal.pt\/wp-content\/uploads\/2023\/04\/Visita-a-Merida-e-Sevilha-4-1024x461.jpg 1024w, https:\/\/bojornal.pt\/wp-content\/uploads\/2023\/04\/Visita-a-Merida-e-Sevilha-4-300x135.jpg 300w, https:\/\/bojornal.pt\/wp-content\/uploads\/2023\/04\/Visita-a-Merida-e-Sevilha-4-150x68.jpg 150w, https:\/\/bojornal.pt\/wp-content\/uploads\/2023\/04\/Visita-a-Merida-e-Sevilha-4-768x346.jpg 768w, https:\/\/bojornal.pt\/wp-content\/uploads\/2023\/04\/Visita-a-Merida-e-Sevilha-4-1536x691.jpg 1536w, https:\/\/bojornal.pt\/wp-content\/uploads\/2023\/04\/Visita-a-Merida-e-Sevilha-4-2048x922.jpg 2048w\" sizes=\"auto, (max-width: 1024px) 100vw, 1024px\" \/><\/figure>\n<\/div>\n\n\n\n<div class=\"wp-block-column is-layout-flow wp-block-column-is-layout-flow\">\n<figure class=\"wp-block-image size-large is-style-default\"><img loading=\"lazy\" decoding=\"async\" width=\"1024\" height=\"461\" src=\"https:\/\/bojornal.pt\/wp-content\/uploads\/2023\/04\/Visita-a-Merida-e-Sevilha-24-1024x461.jpg\" alt=\"\" class=\"wp-image-12628\" srcset=\"https:\/\/bojornal.pt\/wp-content\/uploads\/2023\/04\/Visita-a-Merida-e-Sevilha-24-1024x461.jpg 1024w, https:\/\/bojornal.pt\/wp-content\/uploads\/2023\/04\/Visita-a-Merida-e-Sevilha-24-300x135.jpg 300w, https:\/\/bojornal.pt\/wp-content\/uploads\/2023\/04\/Visita-a-Merida-e-Sevilha-24-150x68.jpg 150w, https:\/\/bojornal.pt\/wp-content\/uploads\/2023\/04\/Visita-a-Merida-e-Sevilha-24-768x346.jpg 768w, https:\/\/bojornal.pt\/wp-content\/uploads\/2023\/04\/Visita-a-Merida-e-Sevilha-24-1536x691.jpg 1536w, https:\/\/bojornal.pt\/wp-content\/uploads\/2023\/04\/Visita-a-Merida-e-Sevilha-24-2048x922.jpg 2048w\" sizes=\"auto, (max-width: 1024px) 100vw, 1024px\" \/><\/figure>\n<\/div>\n<\/div>\n\n\n\n<p><\/p>\n\n\n\n<div class=\"wp-block-columns is-layout-flex wp-container-core-columns-is-layout-9d6595d7 wp-block-columns-is-layout-flex\">\n<div class=\"wp-block-column is-layout-flow wp-block-column-is-layout-flow\">\n<figure class=\"wp-block-image size-large is-style-default\"><img loading=\"lazy\" decoding=\"async\" width=\"1024\" height=\"461\" src=\"https:\/\/bojornal.pt\/wp-content\/uploads\/2023\/04\/Visita-a-Merida-e-Sevilha-122-1024x461.jpg\" alt=\"\" class=\"wp-image-12629\" srcset=\"https:\/\/bojornal.pt\/wp-content\/uploads\/2023\/04\/Visita-a-Merida-e-Sevilha-122-1024x461.jpg 1024w, https:\/\/bojornal.pt\/wp-content\/uploads\/2023\/04\/Visita-a-Merida-e-Sevilha-122-300x135.jpg 300w, https:\/\/bojornal.pt\/wp-content\/uploads\/2023\/04\/Visita-a-Merida-e-Sevilha-122-150x67.jpg 150w, https:\/\/bojornal.pt\/wp-content\/uploads\/2023\/04\/Visita-a-Merida-e-Sevilha-122-768x345.jpg 768w, https:\/\/bojornal.pt\/wp-content\/uploads\/2023\/04\/Visita-a-Merida-e-Sevilha-122-1536x691.jpg 1536w, https:\/\/bojornal.pt\/wp-content\/uploads\/2023\/04\/Visita-a-Merida-e-Sevilha-122-2048x921.jpg 2048w\" sizes=\"auto, (max-width: 1024px) 100vw, 1024px\" \/><\/figure>\n<\/div>\n\n\n\n<div class=\"wp-block-column is-layout-flow wp-block-column-is-layout-flow\">\n<figure class=\"wp-block-image size-large is-style-default\"><img loading=\"lazy\" decoding=\"async\" width=\"1024\" height=\"461\" src=\"https:\/\/bojornal.pt\/wp-content\/uploads\/2023\/04\/Visita-a-Merida-e-Sevilha-81-1024x461.jpg\" alt=\"\" class=\"wp-image-12630\" srcset=\"https:\/\/bojornal.pt\/wp-content\/uploads\/2023\/04\/Visita-a-Merida-e-Sevilha-81-1024x461.jpg 1024w, https:\/\/bojornal.pt\/wp-content\/uploads\/2023\/04\/Visita-a-Merida-e-Sevilha-81-300x135.jpg 300w, https:\/\/bojornal.pt\/wp-content\/uploads\/2023\/04\/Visita-a-Merida-e-Sevilha-81-150x68.jpg 150w, https:\/\/bojornal.pt\/wp-content\/uploads\/2023\/04\/Visita-a-Merida-e-Sevilha-81-768x346.jpg 768w, https:\/\/bojornal.pt\/wp-content\/uploads\/2023\/04\/Visita-a-Merida-e-Sevilha-81-1536x691.jpg 1536w, https:\/\/bojornal.pt\/wp-content\/uploads\/2023\/04\/Visita-a-Merida-e-Sevilha-81-2048x922.jpg 2048w\" sizes=\"auto, (max-width: 1024px) 100vw, 1024px\" \/><\/figure>\n<\/div>\n\n\n\n<div class=\"wp-block-column is-layout-flow wp-block-column-is-layout-flow\">\n<figure class=\"wp-block-image size-large is-style-default\"><img loading=\"lazy\" decoding=\"async\" width=\"1024\" height=\"461\" src=\"https:\/\/bojornal.pt\/wp-content\/uploads\/2023\/04\/Visita-a-Merida-e-Sevilha-115-1024x461.jpg\" alt=\"\" class=\"wp-image-12631\" srcset=\"https:\/\/bojornal.pt\/wp-content\/uploads\/2023\/04\/Visita-a-Merida-e-Sevilha-115-1024x461.jpg 1024w, https:\/\/bojornal.pt\/wp-content\/uploads\/2023\/04\/Visita-a-Merida-e-Sevilha-115-300x135.jpg 300w, https:\/\/bojornal.pt\/wp-content\/uploads\/2023\/04\/Visita-a-Merida-e-Sevilha-115-150x68.jpg 150w, https:\/\/bojornal.pt\/wp-content\/uploads\/2023\/04\/Visita-a-Merida-e-Sevilha-115-768x346.jpg 768w, https:\/\/bojornal.pt\/wp-content\/uploads\/2023\/04\/Visita-a-Merida-e-Sevilha-115-1536x691.jpg 1536w, https:\/\/bojornal.pt\/wp-content\/uploads\/2023\/04\/Visita-a-Merida-e-Sevilha-115-2048x922.jpg 2048w\" sizes=\"auto, (max-width: 1024px) 100vw, 1024px\" \/><\/figure>\n<\/div>\n<\/div>\n\n\n\n<p>Os alunos de 11\u00ba ano da Escola Em\u00eddio Garcia participaram numa Visita de Estudo de tr\u00eas dias a M\u00e9rida e Sevilha, numa iniciativa de interdisciplinaridade organizada pelas disciplinas de EMRC e Espanhol.<\/p>\n\n\n\n<p>No primeiro dia, os alunos deslocaram-se a M\u00e9rida onde tiveram a oportunidade de contactar com o fen\u00f3meno do Imp\u00e9rio Romano, at\u00e9 ent\u00e3o aprendido ao longo de percurso escolar atrav\u00e9s dos manuais. A\u00ed, tiveram a oportunidade de visitar a F\u00f3rum e Anfiteatro romanos; a Casa de Mitreo, o Circo M\u00e1ximo e a Bas\u00edlica de Santa Eul\u00e1lia, apreciando a arte paleocrist\u00e3, naquela que foi uma das primeiras igrejas da Pen\u00ednsula Ib\u00e9rica. <\/p>\n\n\n\n<p>Em Sevilha, os alunos contactaram com o fen\u00f3meno da interculturalidade evidente na cultura andaluz, com influ\u00eancia mu\u00e7ulmana mas tamb\u00e9m judaica e  crist\u00e3. Os participantes visitaram o Real Pal\u00e1cio Alcazar, a Catedral e Torre de Giralda, a Casa da Contrata\u00e7\u00e3o e a Pra\u00e7a de Espanha. <\/p>\n\n\n\n<p>Esta atividade realizou-se na primeira semana do terceiro per\u00edodo, entre os dias 17 e 19 de abril.   <\/p>\n\n\n\n<p><strong><em>Veja o v\u00eddeo da visita, aqui:<\/em><\/strong><\/p>\n\n\n\n<figure class=\"wp-block-embed is-type-video is-provider-youtube wp-block-embed-youtube wp-embed-aspect-16-9 wp-has-aspect-ratio\"><div class=\"wp-block-embed__wrapper\">\n<div class=\"video-container\"><iframe loading=\"lazy\" title=\"Visita de EMRC a M\u00e9rida e Sevilha 2023\" width=\"500\" height=\"281\" src=\"https:\/\/www.youtube.com\/embed\/0Ckb1ZUDogE?feature=oembed&#038;wmode=opaque\" frameborder=\"0\" allow=\"accelerometer; autoplay; clipboard-write; encrypted-media; gyroscope; picture-in-picture; web-share\" referrerpolicy=\"strict-origin-when-cross-origin\" allowfullscreen><\/iframe><\/div>\n<\/div><\/figure>\n","protected":false},"excerpt":{"rendered":"<p>Alunos de 11\u00ba ano de EMRC e Espanhol conheceram a Andaluzia Os alunos de 11\u00ba ano da Escola Em\u00eddio Garcia participaram numa Visita de Estudo de tr\u00eas dias a M\u00e9rida e Sevilha, numa iniciativa&#46;&#46;&#46;<\/p>\n","protected":false},"author":2,"featured_media":12625,"comment_status":"closed","ping_status":"open","sticky":false,"template":"","format":"standard","meta":{"footnotes":""},"categories":[27,9,16],"tags":[],"class_list":["post-12624","post","type-post","status-publish","format-standard","has-post-thumbnail","hentry","category-aeeg","category-em-foco","category-escola-secundaria-emidio-garcia"],"_links":{"self":[{"href":"https:\/\/bojornal.pt\/index.php?rest_route=\/wp\/v2\/posts\/12624","targetHints":{"allow":["GET"]}}],"collection":[{"href":"https:\/\/bojornal.pt\/index.php?rest_route=\/wp\/v2\/posts"}],"about":[{"href":"https:\/\/bojornal.pt\/index.php?rest_route=\/wp\/v2\/types\/post"}],"author":[{"embeddable":true,"href":"https:\/\/bojornal.pt\/index.php?rest_route=\/wp\/v2\/users\/2"}],"replies":[{"embeddable":true,"href":"https:\/\/bojornal.pt\/index.php?rest_route=%2Fwp%2Fv2%2Fcomments&post=12624"}],"version-history":[{"count":0,"href":"https:\/\/bojornal.pt\/index.php?rest_route=\/wp\/v2\/posts\/12624\/revisions"}],"wp:featuredmedia":[{"embeddable":true,"href":"https:\/\/bojornal.pt\/index.php?rest_route=\/wp\/v2\/media\/12625"}],"wp:attachment":[{"href":"https:\/\/bojornal.pt\/index.php?rest_route=%2Fwp%2Fv2%2Fmedia&parent=12624"}],"wp:term":[{"taxonomy":"category","embeddable":true,"href":"https:\/\/bojornal.pt\/index.php?rest_route=%2Fwp%2Fv2%2Fcategories&post=12624"},{"taxonomy":"post_tag","embeddable":true,"href":"https:\/\/bojornal.pt\/index.php?rest_route=%2Fwp%2Fv2%2Ftags&post=12624"}],"curies":[{"name":"wp","href":"https:\/\/api.w.org\/{rel}","templated":true}]}}