{"id":12611,"date":"2023-04-11T00:31:14","date_gmt":"2023-04-10T23:31:14","guid":{"rendered":"https:\/\/bojornal.pt\/?p=12611"},"modified":"2023-04-11T00:31:15","modified_gmt":"2023-04-10T23:31:15","slug":"regresso-ao-passado","status":"publish","type":"post","link":"https:\/\/bojornal.pt\/?p=12611","title":{"rendered":"Regresso ao passado"},"content":{"rendered":"\n<p><strong><em>III Encontro de Ex-alunos Finalistas de EMRC reuniu cerca de uma centena de estudantes<\/em><\/strong><\/p>\n\n\n\n<figure class=\"wp-block-image size-large is-style-default\"><img loading=\"lazy\" decoding=\"async\" width=\"1024\" height=\"541\" src=\"https:\/\/bojornal.pt\/wp-content\/uploads\/2023\/04\/III-Encontro-de-exAlunos-de-EMRC2-1024x541.jpg\" alt=\"\" class=\"wp-image-12612\" srcset=\"https:\/\/bojornal.pt\/wp-content\/uploads\/2023\/04\/III-Encontro-de-exAlunos-de-EMRC2-1024x541.jpg 1024w, https:\/\/bojornal.pt\/wp-content\/uploads\/2023\/04\/III-Encontro-de-exAlunos-de-EMRC2-300x159.jpg 300w, https:\/\/bojornal.pt\/wp-content\/uploads\/2023\/04\/III-Encontro-de-exAlunos-de-EMRC2-150x79.jpg 150w, https:\/\/bojornal.pt\/wp-content\/uploads\/2023\/04\/III-Encontro-de-exAlunos-de-EMRC2-768x406.jpg 768w, https:\/\/bojornal.pt\/wp-content\/uploads\/2023\/04\/III-Encontro-de-exAlunos-de-EMRC2.jpg 1080w\" sizes=\"auto, (max-width: 1024px) 100vw, 1024px\" \/><\/figure>\n\n\n\n<div class=\"wp-block-columns is-layout-flex wp-container-core-columns-is-layout-9d6595d7 wp-block-columns-is-layout-flex\">\n<div class=\"wp-block-column is-layout-flow wp-block-column-is-layout-flow\">\n<figure class=\"wp-block-image size-large is-style-default\"><img loading=\"lazy\" decoding=\"async\" width=\"1024\" height=\"536\" src=\"https:\/\/bojornal.pt\/wp-content\/uploads\/2023\/04\/III-Encontro-de-exAlunos-de-EMRC-1024x536.jpg\" alt=\"\" class=\"wp-image-12613\" srcset=\"https:\/\/bojornal.pt\/wp-content\/uploads\/2023\/04\/III-Encontro-de-exAlunos-de-EMRC-1024x536.jpg 1024w, https:\/\/bojornal.pt\/wp-content\/uploads\/2023\/04\/III-Encontro-de-exAlunos-de-EMRC-300x157.jpg 300w, https:\/\/bojornal.pt\/wp-content\/uploads\/2023\/04\/III-Encontro-de-exAlunos-de-EMRC-150x78.jpg 150w, https:\/\/bojornal.pt\/wp-content\/uploads\/2023\/04\/III-Encontro-de-exAlunos-de-EMRC-768x402.jpg 768w, https:\/\/bojornal.pt\/wp-content\/uploads\/2023\/04\/III-Encontro-de-exAlunos-de-EMRC.jpg 1080w\" sizes=\"auto, (max-width: 1024px) 100vw, 1024px\" \/><\/figure>\n<\/div>\n\n\n\n<div class=\"wp-block-column is-layout-flow wp-block-column-is-layout-flow\">\n<figure class=\"wp-block-image size-full is-style-default\"><img loading=\"lazy\" decoding=\"async\" width=\"1024\" height=\"768\" src=\"https:\/\/bojornal.pt\/wp-content\/uploads\/2023\/04\/III-Encontro-de-exAlunos-de-EMRC1.jpg\" alt=\"\" class=\"wp-image-12614\" srcset=\"https:\/\/bojornal.pt\/wp-content\/uploads\/2023\/04\/III-Encontro-de-exAlunos-de-EMRC1.jpg 1024w, https:\/\/bojornal.pt\/wp-content\/uploads\/2023\/04\/III-Encontro-de-exAlunos-de-EMRC1-300x225.jpg 300w, https:\/\/bojornal.pt\/wp-content\/uploads\/2023\/04\/III-Encontro-de-exAlunos-de-EMRC1-150x113.jpg 150w, https:\/\/bojornal.pt\/wp-content\/uploads\/2023\/04\/III-Encontro-de-exAlunos-de-EMRC1-768x576.jpg 768w\" sizes=\"auto, (max-width: 1024px) 100vw, 1024px\" \/><\/figure>\n<\/div>\n<\/div>\n\n\n\n<p>A emo\u00e7\u00e3o do reencontro e a sensa\u00e7\u00e3o de um regresso \u00e0quela que foi a segunda casa durante tanto tempo foi evidente nas caras dos jovens que participaram no <em>III Encontro de Ex-alunos Finalistas de EMRC.<\/em> Esta atividade, dinamizada pela disciplina de EMRC, possibilitou a intera\u00e7\u00e3o entre os nossos ex-alunos e entre estes e os alunos finalistas do presente ano letivo. A iniciativa realizou-se no passado dia 4 de abril e contou com a participa\u00e7\u00e3o de 95 alunos que partilharam experi\u00eancias, recordaram momentos e apresentaram-se dispon\u00edveis a ajudar e colaborar com os futuros caloiros que sair\u00e3o este ano do Liceu.<\/p>\n\n\n\n<p>Ao contr\u00e1rio das edi\u00e7\u00f5es anteriores, o evento contou apenas com o momento cultural e o habitual jantar. A terceira parte, o momento de confraterniza\u00e7\u00e3o e de festa, foi suprimida e deu lugar a uma simples, mas sentida homenagem ao nosso ex-aluno Jaime Pa\u00e7\u00f3, falecido ap\u00f3s um terr\u00edvel acidente.<\/p>\n\n\n\n<p><strong><em>Veja o v\u00eddeo em:<\/em><\/strong><\/p>\n\n\n\n<figure class=\"wp-block-embed is-type-video is-provider-youtube wp-block-embed-youtube wp-embed-aspect-16-9 wp-has-aspect-ratio\"><div class=\"wp-block-embed__wrapper\">\n<div class=\"video-container\"><iframe loading=\"lazy\" title=\"III ENCONTRO DE (ex)ALUNOS EMRC 2023\" width=\"500\" height=\"281\" src=\"https:\/\/www.youtube.com\/embed\/xDFqqgTjyBs?feature=oembed&#038;wmode=opaque\" frameborder=\"0\" allow=\"accelerometer; autoplay; clipboard-write; encrypted-media; gyroscope; picture-in-picture; web-share\" referrerpolicy=\"strict-origin-when-cross-origin\" allowfullscreen><\/iframe><\/div>\n<\/div><\/figure>\n","protected":false},"excerpt":{"rendered":"<p>III Encontro de Ex-alunos Finalistas de EMRC reuniu cerca de uma centena de estudantes A emo\u00e7\u00e3o do reencontro e a sensa\u00e7\u00e3o de um regresso \u00e0quela que foi a segunda casa durante tanto tempo foi&#46;&#46;&#46;<\/p>\n","protected":false},"author":2,"featured_media":12612,"comment_status":"closed","ping_status":"open","sticky":false,"template":"","format":"standard","meta":{"footnotes":""},"categories":[27,9,16,18],"tags":[],"class_list":["post-12611","post","type-post","status-publish","format-standard","has-post-thumbnail","hentry","category-aeeg","category-em-foco","category-escola-secundaria-emidio-garcia","category-videos"],"_links":{"self":[{"href":"https:\/\/bojornal.pt\/index.php?rest_route=\/wp\/v2\/posts\/12611","targetHints":{"allow":["GET"]}}],"collection":[{"href":"https:\/\/bojornal.pt\/index.php?rest_route=\/wp\/v2\/posts"}],"about":[{"href":"https:\/\/bojornal.pt\/index.php?rest_route=\/wp\/v2\/types\/post"}],"author":[{"embeddable":true,"href":"https:\/\/bojornal.pt\/index.php?rest_route=\/wp\/v2\/users\/2"}],"replies":[{"embeddable":true,"href":"https:\/\/bojornal.pt\/index.php?rest_route=%2Fwp%2Fv2%2Fcomments&post=12611"}],"version-history":[{"count":0,"href":"https:\/\/bojornal.pt\/index.php?rest_route=\/wp\/v2\/posts\/12611\/revisions"}],"wp:featuredmedia":[{"embeddable":true,"href":"https:\/\/bojornal.pt\/index.php?rest_route=\/wp\/v2\/media\/12612"}],"wp:attachment":[{"href":"https:\/\/bojornal.pt\/index.php?rest_route=%2Fwp%2Fv2%2Fmedia&parent=12611"}],"wp:term":[{"taxonomy":"category","embeddable":true,"href":"https:\/\/bojornal.pt\/index.php?rest_route=%2Fwp%2Fv2%2Fcategories&post=12611"},{"taxonomy":"post_tag","embeddable":true,"href":"https:\/\/bojornal.pt\/index.php?rest_route=%2Fwp%2Fv2%2Ftags&post=12611"}],"curies":[{"name":"wp","href":"https:\/\/api.w.org\/{rel}","templated":true}]}}