{"id":12591,"date":"2023-04-10T23:27:08","date_gmt":"2023-04-10T22:27:08","guid":{"rendered":"https:\/\/bojornal.pt\/?p=12591"},"modified":"2023-04-10T23:27:38","modified_gmt":"2023-04-10T22:27:38","slug":"homenagem-a-professores-aposentados","status":"publish","type":"post","link":"https:\/\/bojornal.pt\/?p=12591","title":{"rendered":"Homenagem a professores aposentados"},"content":{"rendered":"\n<p>Departamento de promoveu jantar de homenagem <\/p>\n\n\n\n<figure class=\"wp-block-image size-full is-style-default\"><img loading=\"lazy\" decoding=\"async\" width=\"1024\" height=\"768\" src=\"https:\/\/bojornal.pt\/wp-content\/uploads\/2023\/04\/WhatsApp-Image-2023-04-04-at-08.26.40.jpeg\" alt=\"\" class=\"wp-image-12592\" srcset=\"https:\/\/bojornal.pt\/wp-content\/uploads\/2023\/04\/WhatsApp-Image-2023-04-04-at-08.26.40.jpeg 1024w, https:\/\/bojornal.pt\/wp-content\/uploads\/2023\/04\/WhatsApp-Image-2023-04-04-at-08.26.40-300x225.jpeg 300w, https:\/\/bojornal.pt\/wp-content\/uploads\/2023\/04\/WhatsApp-Image-2023-04-04-at-08.26.40-150x113.jpeg 150w, https:\/\/bojornal.pt\/wp-content\/uploads\/2023\/04\/WhatsApp-Image-2023-04-04-at-08.26.40-768x576.jpeg 768w\" sizes=\"auto, (max-width: 1024px) 100vw, 1024px\" \/><\/figure>\n\n\n\n<p>O Departamento de L\u00ednguas organizou um jantar de homenagem aos professores, recentemente aposentados e que pertenciam a este grupo de trabalho. Este momento de confraterniza\u00e7\u00e3o, realizado no pret\u00e9rito 29 de mar\u00e7o 2023, serviu de agradecimento aos professores Ac\u00e1cio Lopes, Ant\u00f3nia Domingues, Helena Pires, Manuel Fernandes e Rosa Silva.<\/p>\n\n\n\n<p>Em nome de toda a comunidade educativa, o Bjornal agradece toda a dedica\u00e7\u00e3o e empenho dos docentes e deseja os maiores sucessos nesta nova etapa das suas vidas. <\/p>\n\n\n\n<p>Obrigado! <\/p>\n","protected":false},"excerpt":{"rendered":"<p>Departamento de promoveu jantar de homenagem O Departamento de L\u00ednguas organizou um jantar de homenagem aos professores, recentemente aposentados e que pertenciam a este grupo de trabalho. Este momento de confraterniza\u00e7\u00e3o, realizado no pret\u00e9rito&#46;&#46;&#46;<\/p>\n","protected":false},"author":2,"featured_media":12592,"comment_status":"closed","ping_status":"open","sticky":false,"template":"","format":"standard","meta":{"footnotes":""},"categories":[27,9,13,16],"tags":[],"class_list":["post-12591","post","type-post","status-publish","format-standard","has-post-thumbnail","hentry","category-aeeg","category-em-foco","category-escola-paulo-quintela","category-escola-secundaria-emidio-garcia"],"_links":{"self":[{"href":"https:\/\/bojornal.pt\/index.php?rest_route=\/wp\/v2\/posts\/12591","targetHints":{"allow":["GET"]}}],"collection":[{"href":"https:\/\/bojornal.pt\/index.php?rest_route=\/wp\/v2\/posts"}],"about":[{"href":"https:\/\/bojornal.pt\/index.php?rest_route=\/wp\/v2\/types\/post"}],"author":[{"embeddable":true,"href":"https:\/\/bojornal.pt\/index.php?rest_route=\/wp\/v2\/users\/2"}],"replies":[{"embeddable":true,"href":"https:\/\/bojornal.pt\/index.php?rest_route=%2Fwp%2Fv2%2Fcomments&post=12591"}],"version-history":[{"count":0,"href":"https:\/\/bojornal.pt\/index.php?rest_route=\/wp\/v2\/posts\/12591\/revisions"}],"wp:featuredmedia":[{"embeddable":true,"href":"https:\/\/bojornal.pt\/index.php?rest_route=\/wp\/v2\/media\/12592"}],"wp:attachment":[{"href":"https:\/\/bojornal.pt\/index.php?rest_route=%2Fwp%2Fv2%2Fmedia&parent=12591"}],"wp:term":[{"taxonomy":"category","embeddable":true,"href":"https:\/\/bojornal.pt\/index.php?rest_route=%2Fwp%2Fv2%2Fcategories&post=12591"},{"taxonomy":"post_tag","embeddable":true,"href":"https:\/\/bojornal.pt\/index.php?rest_route=%2Fwp%2Fv2%2Ftags&post=12591"}],"curies":[{"name":"wp","href":"https:\/\/api.w.org\/{rel}","templated":true}]}}