{"id":12578,"date":"2023-04-02T15:20:00","date_gmt":"2023-04-02T14:20:00","guid":{"rendered":"https:\/\/bojornal.pt\/?p=12578"},"modified":"2023-04-07T15:24:25","modified_gmt":"2023-04-07T14:24:25","slug":"exposicao-do-brinquedo-antigo-e-colecionavel","status":"publish","type":"post","link":"https:\/\/bojornal.pt\/?p=12578","title":{"rendered":"\u201cExposi\u00e7\u00e3o do brinquedo antigo e colecion\u00e1vel\u201d"},"content":{"rendered":"\n<figure class=\"wp-block-image size-large is-style-default\"><img loading=\"lazy\" decoding=\"async\" width=\"1024\" height=\"768\" src=\"https:\/\/bojornal.pt\/wp-content\/uploads\/2023\/04\/WhatsApp-Image-2023-04-02-at-20.34.37-1-1024x768.jpeg\" alt=\"\" class=\"wp-image-12579\" srcset=\"https:\/\/bojornal.pt\/wp-content\/uploads\/2023\/04\/WhatsApp-Image-2023-04-02-at-20.34.37-1-1024x768.jpeg 1024w, https:\/\/bojornal.pt\/wp-content\/uploads\/2023\/04\/WhatsApp-Image-2023-04-02-at-20.34.37-1-300x225.jpeg 300w, https:\/\/bojornal.pt\/wp-content\/uploads\/2023\/04\/WhatsApp-Image-2023-04-02-at-20.34.37-1-150x113.jpeg 150w, https:\/\/bojornal.pt\/wp-content\/uploads\/2023\/04\/WhatsApp-Image-2023-04-02-at-20.34.37-1-768x576.jpeg 768w, https:\/\/bojornal.pt\/wp-content\/uploads\/2023\/04\/WhatsApp-Image-2023-04-02-at-20.34.37-1-1536x1152.jpeg 1536w, https:\/\/bojornal.pt\/wp-content\/uploads\/2023\/04\/WhatsApp-Image-2023-04-02-at-20.34.37-1.jpeg 1600w\" sizes=\"auto, (max-width: 1024px) 100vw, 1024px\" \/><\/figure>\n\n\n\n<p>Ap\u00f3s um per\u00edodo de divulga\u00e7\u00e3o para dar conhecimento do evento e para recolha de brinquedos entre a comunidade educativa, realizou-se uma exposi\u00e7\u00e3o de brinquedos antigos e colecion\u00e1veis, na Escola B\u00e1sica Paulo Quintela, entre os dias 9 e 23 de mar\u00e7o. A exposi\u00e7\u00e3o decorreu na sala de conv\u00edvio dos alunos e esteve aberta a toda a Comunidade Educativa interessada na visita.<\/p>\n\n\n\n<p>Os alunos ficaram bastante surpreendidos com a diferen\u00e7a est\u00e9tica e de materiais dos brinquedos expostos, comparando com os da atualidade. Os mais crescidos, professores e funcion\u00e1rios, &nbsp;tamb\u00e9m afirmaram ter sido bom recordar alguns brinquedos que tiveram na sua inf\u00e2ncia\u2026assim sendo\u2026 aguardam-se mais iniciativas que mexam com o cora\u00e7\u00e3o da Comunidade Educativa.<\/p>\n\n\n\n<p>A professora dinamizadora Carla Lopes (EVT)<\/p>\n\n\n\n<div class=\"wp-block-columns is-layout-flex wp-container-core-columns-is-layout-9d6595d7 wp-block-columns-is-layout-flex\">\n<div class=\"wp-block-column is-layout-flow wp-block-column-is-layout-flow\">\n<figure class=\"wp-block-image size-large is-style-default\"><img loading=\"lazy\" decoding=\"async\" width=\"1024\" height=\"768\" src=\"https:\/\/bojornal.pt\/wp-content\/uploads\/2023\/04\/WhatsApp-Image-2023-04-02-at-20.34.37-1024x768.jpeg\" alt=\"\" class=\"wp-image-12580\" srcset=\"https:\/\/bojornal.pt\/wp-content\/uploads\/2023\/04\/WhatsApp-Image-2023-04-02-at-20.34.37-1024x768.jpeg 1024w, https:\/\/bojornal.pt\/wp-content\/uploads\/2023\/04\/WhatsApp-Image-2023-04-02-at-20.34.37-300x225.jpeg 300w, https:\/\/bojornal.pt\/wp-content\/uploads\/2023\/04\/WhatsApp-Image-2023-04-02-at-20.34.37-150x113.jpeg 150w, https:\/\/bojornal.pt\/wp-content\/uploads\/2023\/04\/WhatsApp-Image-2023-04-02-at-20.34.37-768x576.jpeg 768w, https:\/\/bojornal.pt\/wp-content\/uploads\/2023\/04\/WhatsApp-Image-2023-04-02-at-20.34.37-1536x1152.jpeg 1536w, https:\/\/bojornal.pt\/wp-content\/uploads\/2023\/04\/WhatsApp-Image-2023-04-02-at-20.34.37.jpeg 1600w\" sizes=\"auto, (max-width: 1024px) 100vw, 1024px\" \/><\/figure>\n<\/div>\n\n\n\n<div class=\"wp-block-column is-layout-flow wp-block-column-is-layout-flow\">\n<figure class=\"wp-block-image size-large is-style-default\"><img loading=\"lazy\" decoding=\"async\" width=\"1024\" height=\"768\" src=\"https:\/\/bojornal.pt\/wp-content\/uploads\/2023\/04\/WhatsApp-Image-2023-04-02-at-20.34.35-3-1024x768.jpeg\" alt=\"\" class=\"wp-image-12581\" srcset=\"https:\/\/bojornal.pt\/wp-content\/uploads\/2023\/04\/WhatsApp-Image-2023-04-02-at-20.34.35-3-1024x768.jpeg 1024w, https:\/\/bojornal.pt\/wp-content\/uploads\/2023\/04\/WhatsApp-Image-2023-04-02-at-20.34.35-3-300x225.jpeg 300w, https:\/\/bojornal.pt\/wp-content\/uploads\/2023\/04\/WhatsApp-Image-2023-04-02-at-20.34.35-3-150x113.jpeg 150w, https:\/\/bojornal.pt\/wp-content\/uploads\/2023\/04\/WhatsApp-Image-2023-04-02-at-20.34.35-3-768x576.jpeg 768w, https:\/\/bojornal.pt\/wp-content\/uploads\/2023\/04\/WhatsApp-Image-2023-04-02-at-20.34.35-3-1536x1152.jpeg 1536w, https:\/\/bojornal.pt\/wp-content\/uploads\/2023\/04\/WhatsApp-Image-2023-04-02-at-20.34.35-3.jpeg 1600w\" sizes=\"auto, (max-width: 1024px) 100vw, 1024px\" \/><\/figure>\n<\/div>\n\n\n\n<div class=\"wp-block-column is-layout-flow wp-block-column-is-layout-flow\">\n<figure class=\"wp-block-image size-large is-style-default\"><img loading=\"lazy\" decoding=\"async\" width=\"1024\" height=\"768\" src=\"https:\/\/bojornal.pt\/wp-content\/uploads\/2023\/04\/WhatsApp-Image-2023-04-02-at-20.34.34-4-1024x768.jpeg\" alt=\"\" class=\"wp-image-12582\" srcset=\"https:\/\/bojornal.pt\/wp-content\/uploads\/2023\/04\/WhatsApp-Image-2023-04-02-at-20.34.34-4-1024x768.jpeg 1024w, https:\/\/bojornal.pt\/wp-content\/uploads\/2023\/04\/WhatsApp-Image-2023-04-02-at-20.34.34-4-300x225.jpeg 300w, https:\/\/bojornal.pt\/wp-content\/uploads\/2023\/04\/WhatsApp-Image-2023-04-02-at-20.34.34-4-150x113.jpeg 150w, https:\/\/bojornal.pt\/wp-content\/uploads\/2023\/04\/WhatsApp-Image-2023-04-02-at-20.34.34-4-768x576.jpeg 768w, https:\/\/bojornal.pt\/wp-content\/uploads\/2023\/04\/WhatsApp-Image-2023-04-02-at-20.34.34-4-1536x1152.jpeg 1536w, https:\/\/bojornal.pt\/wp-content\/uploads\/2023\/04\/WhatsApp-Image-2023-04-02-at-20.34.34-4.jpeg 1600w\" sizes=\"auto, (max-width: 1024px) 100vw, 1024px\" \/><\/figure>\n<\/div>\n<\/div>\n","protected":false},"excerpt":{"rendered":"<p>Ap\u00f3s um per\u00edodo de divulga\u00e7\u00e3o para dar conhecimento do evento e para recolha de brinquedos entre a comunidade educativa, realizou-se uma exposi\u00e7\u00e3o de brinquedos antigos e colecion\u00e1veis, na Escola B\u00e1sica Paulo Quintela, entre os&#46;&#46;&#46;<\/p>\n","protected":false},"author":2,"featured_media":12581,"comment_status":"closed","ping_status":"open","sticky":false,"template":"","format":"standard","meta":{"footnotes":""},"categories":[13],"tags":[],"class_list":["post-12578","post","type-post","status-publish","format-standard","has-post-thumbnail","hentry","category-escola-paulo-quintela"],"_links":{"self":[{"href":"https:\/\/bojornal.pt\/index.php?rest_route=\/wp\/v2\/posts\/12578","targetHints":{"allow":["GET"]}}],"collection":[{"href":"https:\/\/bojornal.pt\/index.php?rest_route=\/wp\/v2\/posts"}],"about":[{"href":"https:\/\/bojornal.pt\/index.php?rest_route=\/wp\/v2\/types\/post"}],"author":[{"embeddable":true,"href":"https:\/\/bojornal.pt\/index.php?rest_route=\/wp\/v2\/users\/2"}],"replies":[{"embeddable":true,"href":"https:\/\/bojornal.pt\/index.php?rest_route=%2Fwp%2Fv2%2Fcomments&post=12578"}],"version-history":[{"count":0,"href":"https:\/\/bojornal.pt\/index.php?rest_route=\/wp\/v2\/posts\/12578\/revisions"}],"wp:featuredmedia":[{"embeddable":true,"href":"https:\/\/bojornal.pt\/index.php?rest_route=\/wp\/v2\/media\/12581"}],"wp:attachment":[{"href":"https:\/\/bojornal.pt\/index.php?rest_route=%2Fwp%2Fv2%2Fmedia&parent=12578"}],"wp:term":[{"taxonomy":"category","embeddable":true,"href":"https:\/\/bojornal.pt\/index.php?rest_route=%2Fwp%2Fv2%2Fcategories&post=12578"},{"taxonomy":"post_tag","embeddable":true,"href":"https:\/\/bojornal.pt\/index.php?rest_route=%2Fwp%2Fv2%2Ftags&post=12578"}],"curies":[{"name":"wp","href":"https:\/\/api.w.org\/{rel}","templated":true}]}}