{"id":12568,"date":"2023-04-05T15:09:00","date_gmt":"2023-04-05T14:09:00","guid":{"rendered":"https:\/\/bojornal.pt\/?p=12568"},"modified":"2023-04-07T15:15:38","modified_gmt":"2023-04-07T14:15:38","slug":"semana-da-astronomia-no-liceu","status":"publish","type":"post","link":"https:\/\/bojornal.pt\/?p=12568","title":{"rendered":"Semana da Astronomia no Liceu"},"content":{"rendered":"\n<p><strong><em>Iniciativa dinamizou a Escola Em\u00eddio Garcia e divulgou excelentes trabalhos dos alunos<\/em><\/strong><\/p>\n\n\n\n<div class=\"wp-block-columns is-layout-flex wp-container-core-columns-is-layout-9d6595d7 wp-block-columns-is-layout-flex\">\n<div class=\"wp-block-column is-layout-flow wp-block-column-is-layout-flow\">\n<figure class=\"wp-block-image size-large is-style-default\"><img loading=\"lazy\" decoding=\"async\" width=\"1024\" height=\"768\" src=\"https:\/\/bojornal.pt\/wp-content\/uploads\/2023\/04\/semana-astronomia-5-1024x768.jpg\" alt=\"\" class=\"wp-image-12569\" srcset=\"https:\/\/bojornal.pt\/wp-content\/uploads\/2023\/04\/semana-astronomia-5-1024x768.jpg 1024w, https:\/\/bojornal.pt\/wp-content\/uploads\/2023\/04\/semana-astronomia-5-300x225.jpg 300w, https:\/\/bojornal.pt\/wp-content\/uploads\/2023\/04\/semana-astronomia-5-150x113.jpg 150w, https:\/\/bojornal.pt\/wp-content\/uploads\/2023\/04\/semana-astronomia-5-768x576.jpg 768w, https:\/\/bojornal.pt\/wp-content\/uploads\/2023\/04\/semana-astronomia-5-1536x1152.jpg 1536w, https:\/\/bojornal.pt\/wp-content\/uploads\/2023\/04\/semana-astronomia-5.jpg 2048w\" sizes=\"auto, (max-width: 1024px) 100vw, 1024px\" \/><\/figure>\n<\/div>\n\n\n\n<div class=\"wp-block-column is-layout-flow wp-block-column-is-layout-flow\">\n<figure class=\"wp-block-image size-large is-style-default\"><img loading=\"lazy\" decoding=\"async\" width=\"1024\" height=\"768\" src=\"https:\/\/bojornal.pt\/wp-content\/uploads\/2023\/04\/semana-astronomia-1-1024x768.jpg\" alt=\"\" class=\"wp-image-12570\" srcset=\"https:\/\/bojornal.pt\/wp-content\/uploads\/2023\/04\/semana-astronomia-1-1024x768.jpg 1024w, https:\/\/bojornal.pt\/wp-content\/uploads\/2023\/04\/semana-astronomia-1-300x225.jpg 300w, https:\/\/bojornal.pt\/wp-content\/uploads\/2023\/04\/semana-astronomia-1-150x113.jpg 150w, https:\/\/bojornal.pt\/wp-content\/uploads\/2023\/04\/semana-astronomia-1-768x576.jpg 768w, https:\/\/bojornal.pt\/wp-content\/uploads\/2023\/04\/semana-astronomia-1-1536x1152.jpg 1536w, https:\/\/bojornal.pt\/wp-content\/uploads\/2023\/04\/semana-astronomia-1.jpg 2048w\" sizes=\"auto, (max-width: 1024px) 100vw, 1024px\" \/><\/figure>\n<\/div>\n<\/div>\n\n\n\n<div class=\"wp-block-columns is-layout-flex wp-container-core-columns-is-layout-9d6595d7 wp-block-columns-is-layout-flex\">\n<div class=\"wp-block-column is-layout-flow wp-block-column-is-layout-flow\">\n<figure class=\"wp-block-image size-large is-style-default\"><img loading=\"lazy\" decoding=\"async\" width=\"1024\" height=\"768\" src=\"https:\/\/bojornal.pt\/wp-content\/uploads\/2023\/04\/semana-astronomia-1-1024x768.jpeg\" alt=\"\" class=\"wp-image-12571\" srcset=\"https:\/\/bojornal.pt\/wp-content\/uploads\/2023\/04\/semana-astronomia-1-1024x768.jpeg 1024w, https:\/\/bojornal.pt\/wp-content\/uploads\/2023\/04\/semana-astronomia-1-300x225.jpeg 300w, https:\/\/bojornal.pt\/wp-content\/uploads\/2023\/04\/semana-astronomia-1-150x113.jpeg 150w, https:\/\/bojornal.pt\/wp-content\/uploads\/2023\/04\/semana-astronomia-1-768x576.jpeg 768w, https:\/\/bojornal.pt\/wp-content\/uploads\/2023\/04\/semana-astronomia-1-1536x1152.jpeg 1536w, https:\/\/bojornal.pt\/wp-content\/uploads\/2023\/04\/semana-astronomia-1.jpeg 2048w\" sizes=\"auto, (max-width: 1024px) 100vw, 1024px\" \/><\/figure>\n<\/div>\n\n\n\n<div class=\"wp-block-column is-layout-flow wp-block-column-is-layout-flow\">\n<figure class=\"wp-block-image size-large is-style-default\"><img loading=\"lazy\" decoding=\"async\" width=\"1024\" height=\"768\" src=\"https:\/\/bojornal.pt\/wp-content\/uploads\/2023\/04\/semana-astronomia-2-1024x768.jpeg\" alt=\"\" class=\"wp-image-12572\" srcset=\"https:\/\/bojornal.pt\/wp-content\/uploads\/2023\/04\/semana-astronomia-2-1024x768.jpeg 1024w, https:\/\/bojornal.pt\/wp-content\/uploads\/2023\/04\/semana-astronomia-2-300x225.jpeg 300w, https:\/\/bojornal.pt\/wp-content\/uploads\/2023\/04\/semana-astronomia-2-150x113.jpeg 150w, https:\/\/bojornal.pt\/wp-content\/uploads\/2023\/04\/semana-astronomia-2-768x576.jpeg 768w, https:\/\/bojornal.pt\/wp-content\/uploads\/2023\/04\/semana-astronomia-2-1536x1152.jpeg 1536w, https:\/\/bojornal.pt\/wp-content\/uploads\/2023\/04\/semana-astronomia-2.jpeg 2048w\" sizes=\"auto, (max-width: 1024px) 100vw, 1024px\" \/><\/figure>\n<\/div>\n<\/div>\n\n\n\n<p>A Escola Em\u00eddio Garcia acolheu a Semana da Astronomia, entre os dias 23 e 30 de mar\u00e7o.<\/p>\n\n\n\n<p>O espa\u00e7o de conv\u00edvio e os principais corredores do Liceu foram palco de uma exposi\u00e7\u00e3o de trabalhos dos nossos alunos de 7\u00baano.<\/p>\n\n\n\n<p>Esta iniciativa dinamizada pelos professores de F\u00edsica e Qu\u00edmica em parceria com a Associa\u00e7\u00e3o de Estudantes e o Clube de Ci\u00eancia Viva visa divulgar os excelentes trabalhos realizados pelos nossos estudantes no \u00e2mbito da Explora\u00e7\u00e3o Espacial.<\/p>\n\n\n\n<p>Durante dois dias de trabalho intensivo a Associa\u00e7\u00e3o de Estudantes dinamizou o t\u00e3o esperado concurso. Dia 28 de mar\u00e7o os alunos puderam votar no seu trabalho favorito e no dia 29 foi a vez dos docentes e n\u00e3o docentes.<\/p>\n\n\n\n<p>A entrega de pr\u00e9mios aconteceu no \u00e1trio da escola no dia 30 de mar\u00e7o, com a presen\u00e7a do Presidente da CAP, o professor Carlos Fernandes, do presidente da Associa\u00e7\u00e3o de Estudantes e respetiva equipa e pelos docentes da disciplina de f\u00edsica e qu\u00edmica.<\/p>\n\n\n\n<p>Assim sendo foram atribu\u00eddas 3 Men\u00e7\u00f5es Honrosas:<\/p>\n\n\n\n<p>Em 6\u00ba Lugar as alunas Madalena Castro e Eva Metelo do 7o F com o telesc\u00f3pio <em>James Webb<\/em>, em 5\u00ba Lugar as alunas Daniela Vaz e In\u00eas Costa do 7oA com o trabalho <em>Space Shuttle<\/em> e em 4.\u00ba Lugar o aluno Diogo Lobo do 7\u00baE com o tema <em>Base Lunar.<\/em><\/p>\n\n\n\n<p>De seguida foram entregues os pr\u00e9mios e diplomas aos trabalhos que ocuparam o p\u00f3dio:<\/p>\n\n\n\n<p>Em 3o Lugar as alunas Ana Clara Fernandes e Beatriz Afonso da turma do 7oA com o trabalho: <em>Rover Sojourner<\/em>; em 2o Lugar as alunas Carolina Nascimento, Marta Bebiano e B\u00e1rbara Pires do 7\u00baD com o Foguet\u00e3o <em>Starship (SpaceX)<\/em> e por fim em 1o Lugar as alunas Ana Beatriz Anes eIn\u00eas Paulo do 7\u00baE com o Telesc\u00f3pio ELT <em>(Extremely Large Telescope)<\/em>.<\/p>\n\n\n\n<p>A exposi\u00e7\u00e3o contou com uma totalidade de 70 trabalhos a concurso. Os alunos cumpriram os crit\u00e9rios estabelecidos no in\u00edcio do ano, uma vez que a grande maioria de trabalhos utilizava material usado e reciclado contribuindo para a diminui\u00e7\u00e3o do desperd\u00edcio e redu\u00e7\u00e3o do consumo de mat\u00e9ria prima e energia. Apesar disso, as maquetes constru\u00eddas n\u00e3o perderam qualidade uma vez que estavam extremamente elaboradas atrav\u00e9s de pintura, recorte e colagem o que atraiu bastante a aten\u00e7\u00e3o da comunidade escolar. Nestes trabalhos era fundamental os alunos elaborarem a maquete com muito rigor aproximando-se ao m\u00e1ximo do original.<\/p>\n\n\n\n<p>Os docentes de F\u00edsica e Qu\u00edmica referiram que a Semana da Astronomia superou todas as expetativas tendo em conta a qualidade e quantidade de trabalhos entregues pelos alunos durante este ano e tamb\u00e9m a grande participa\u00e7\u00e3o da comunidade escolar nas vota\u00e7\u00f5es. O \u201cespa\u00e7o\u201d utilizado tornou-se pequeno para tanta criatividade, imagina\u00e7\u00e3o e inspira\u00e7\u00e3o!<\/p>\n\n\n\n<p>Os nossos alunos est\u00e3o de parab\u00e9ns!<\/p>\n\n\n\n<div class=\"wp-block-columns is-layout-flex wp-container-core-columns-is-layout-9d6595d7 wp-block-columns-is-layout-flex\">\n<div class=\"wp-block-column is-layout-flow wp-block-column-is-layout-flow\">\n<figure class=\"wp-block-image size-large is-style-default\"><img loading=\"lazy\" decoding=\"async\" width=\"1024\" height=\"768\" src=\"https:\/\/bojornal.pt\/wp-content\/uploads\/2023\/04\/semana-astronomia-3-1024x768.jpg\" alt=\"\" class=\"wp-image-12573\" srcset=\"https:\/\/bojornal.pt\/wp-content\/uploads\/2023\/04\/semana-astronomia-3-1024x768.jpg 1024w, https:\/\/bojornal.pt\/wp-content\/uploads\/2023\/04\/semana-astronomia-3-300x225.jpg 300w, https:\/\/bojornal.pt\/wp-content\/uploads\/2023\/04\/semana-astronomia-3-150x113.jpg 150w, https:\/\/bojornal.pt\/wp-content\/uploads\/2023\/04\/semana-astronomia-3-768x576.jpg 768w, https:\/\/bojornal.pt\/wp-content\/uploads\/2023\/04\/semana-astronomia-3-1536x1152.jpg 1536w, https:\/\/bojornal.pt\/wp-content\/uploads\/2023\/04\/semana-astronomia-3.jpg 2048w\" sizes=\"auto, (max-width: 1024px) 100vw, 1024px\" \/><\/figure>\n<\/div>\n\n\n\n<div class=\"wp-block-column is-layout-flow wp-block-column-is-layout-flow\">\n<figure class=\"wp-block-image size-large is-style-default\"><img loading=\"lazy\" decoding=\"async\" width=\"1024\" height=\"768\" src=\"https:\/\/bojornal.pt\/wp-content\/uploads\/2023\/04\/semana-astronomia-8-1024x768.jpg\" alt=\"\" class=\"wp-image-12575\" srcset=\"https:\/\/bojornal.pt\/wp-content\/uploads\/2023\/04\/semana-astronomia-8-1024x768.jpg 1024w, https:\/\/bojornal.pt\/wp-content\/uploads\/2023\/04\/semana-astronomia-8-300x225.jpg 300w, https:\/\/bojornal.pt\/wp-content\/uploads\/2023\/04\/semana-astronomia-8-150x113.jpg 150w, https:\/\/bojornal.pt\/wp-content\/uploads\/2023\/04\/semana-astronomia-8-768x576.jpg 768w, https:\/\/bojornal.pt\/wp-content\/uploads\/2023\/04\/semana-astronomia-8-1536x1152.jpg 1536w, https:\/\/bojornal.pt\/wp-content\/uploads\/2023\/04\/semana-astronomia-8.jpg 1984w\" sizes=\"auto, (max-width: 1024px) 100vw, 1024px\" \/><\/figure>\n<\/div>\n<\/div>\n","protected":false},"excerpt":{"rendered":"<p>Iniciativa dinamizou a Escola Em\u00eddio Garcia e divulgou excelentes trabalhos dos alunos A Escola Em\u00eddio Garcia acolheu a Semana da Astronomia, entre os dias 23 e 30 de mar\u00e7o. O espa\u00e7o de conv\u00edvio e&#46;&#46;&#46;<\/p>\n","protected":false},"author":2,"featured_media":12569,"comment_status":"closed","ping_status":"open","sticky":false,"template":"","format":"standard","meta":{"footnotes":""},"categories":[2,9,16],"tags":[],"class_list":["post-12568","post","type-post","status-publish","format-standard","has-post-thumbnail","hentry","category-atualidade","category-em-foco","category-escola-secundaria-emidio-garcia"],"_links":{"self":[{"href":"https:\/\/bojornal.pt\/index.php?rest_route=\/wp\/v2\/posts\/12568","targetHints":{"allow":["GET"]}}],"collection":[{"href":"https:\/\/bojornal.pt\/index.php?rest_route=\/wp\/v2\/posts"}],"about":[{"href":"https:\/\/bojornal.pt\/index.php?rest_route=\/wp\/v2\/types\/post"}],"author":[{"embeddable":true,"href":"https:\/\/bojornal.pt\/index.php?rest_route=\/wp\/v2\/users\/2"}],"replies":[{"embeddable":true,"href":"https:\/\/bojornal.pt\/index.php?rest_route=%2Fwp%2Fv2%2Fcomments&post=12568"}],"version-history":[{"count":0,"href":"https:\/\/bojornal.pt\/index.php?rest_route=\/wp\/v2\/posts\/12568\/revisions"}],"wp:featuredmedia":[{"embeddable":true,"href":"https:\/\/bojornal.pt\/index.php?rest_route=\/wp\/v2\/media\/12569"}],"wp:attachment":[{"href":"https:\/\/bojornal.pt\/index.php?rest_route=%2Fwp%2Fv2%2Fmedia&parent=12568"}],"wp:term":[{"taxonomy":"category","embeddable":true,"href":"https:\/\/bojornal.pt\/index.php?rest_route=%2Fwp%2Fv2%2Fcategories&post=12568"},{"taxonomy":"post_tag","embeddable":true,"href":"https:\/\/bojornal.pt\/index.php?rest_route=%2Fwp%2Fv2%2Ftags&post=12568"}],"curies":[{"name":"wp","href":"https:\/\/api.w.org\/{rel}","templated":true}]}}