{"id":12561,"date":"2023-03-28T01:25:00","date_gmt":"2023-03-28T00:25:00","guid":{"rendered":"https:\/\/bojornal.pt\/?p=12561"},"modified":"2023-03-31T01:32:18","modified_gmt":"2023-03-31T00:32:18","slug":"equipa-de-futsal-campea-distrital","status":"publish","type":"post","link":"https:\/\/bojornal.pt\/?p=12561","title":{"rendered":"Equipa de futsal campe\u00e3 distrital"},"content":{"rendered":"\n<p><strong><em>Apurada para fase regional<\/em><\/strong><\/p>\n\n\n\n<figure class=\"wp-block-image size-large is-style-default\"><img loading=\"lazy\" decoding=\"async\" width=\"1024\" height=\"768\" src=\"https:\/\/bojornal.pt\/wp-content\/uploads\/2023\/03\/WhatsApp-Image-2023-03-29-at-18.20.28-1024x768.jpeg\" alt=\"\" class=\"wp-image-12562\" srcset=\"https:\/\/bojornal.pt\/wp-content\/uploads\/2023\/03\/WhatsApp-Image-2023-03-29-at-18.20.28-1024x768.jpeg 1024w, https:\/\/bojornal.pt\/wp-content\/uploads\/2023\/03\/WhatsApp-Image-2023-03-29-at-18.20.28-300x225.jpeg 300w, https:\/\/bojornal.pt\/wp-content\/uploads\/2023\/03\/WhatsApp-Image-2023-03-29-at-18.20.28-150x113.jpeg 150w, https:\/\/bojornal.pt\/wp-content\/uploads\/2023\/03\/WhatsApp-Image-2023-03-29-at-18.20.28-768x576.jpeg 768w, https:\/\/bojornal.pt\/wp-content\/uploads\/2023\/03\/WhatsApp-Image-2023-03-29-at-18.20.28-1536x1152.jpeg 1536w, https:\/\/bojornal.pt\/wp-content\/uploads\/2023\/03\/WhatsApp-Image-2023-03-29-at-18.20.28.jpeg 2040w\" sizes=\"auto, (max-width: 1024px) 100vw, 1024px\" \/><\/figure>\n\n\n\n<div class=\"wp-block-columns is-layout-flex wp-container-core-columns-is-layout-9d6595d7 wp-block-columns-is-layout-flex\">\n<div class=\"wp-block-column is-layout-flow wp-block-column-is-layout-flow\"><\/div>\n<\/div>\n\n\n\n<p>A Escola Em\u00eddio Garcia \u00e9 campe\u00e3 distrital do Desporto Escolar, em futsal. A equipa do Liceu de iniciados masculinos defrontou, na final da fase de Bragan\u00e7a e Coa (distrital), a equipa de Freixo de Espada \u00e0 Cinta, vencendo por 5-2 e Sendim, \u00e0 qual ganhou por 9-1. Os nossos campe\u00f5es apuraram-se para a fase regional agendada para o pr\u00f3ximo dia 3 de maio, em S. Jo\u00e3o da Madeira.<\/p>\n","protected":false},"excerpt":{"rendered":"<p>Apurada para fase regional A Escola Em\u00eddio Garcia \u00e9 campe\u00e3 distrital do Desporto Escolar, em futsal. A equipa do Liceu de iniciados masculinos defrontou, na final da fase de Bragan\u00e7a e Coa (distrital), a&#46;&#46;&#46;<\/p>\n","protected":false},"author":2,"featured_media":12562,"comment_status":"closed","ping_status":"open","sticky":false,"template":"","format":"standard","meta":{"footnotes":""},"categories":[27,9,16],"tags":[],"class_list":["post-12561","post","type-post","status-publish","format-standard","has-post-thumbnail","hentry","category-aeeg","category-em-foco","category-escola-secundaria-emidio-garcia"],"_links":{"self":[{"href":"https:\/\/bojornal.pt\/index.php?rest_route=\/wp\/v2\/posts\/12561","targetHints":{"allow":["GET"]}}],"collection":[{"href":"https:\/\/bojornal.pt\/index.php?rest_route=\/wp\/v2\/posts"}],"about":[{"href":"https:\/\/bojornal.pt\/index.php?rest_route=\/wp\/v2\/types\/post"}],"author":[{"embeddable":true,"href":"https:\/\/bojornal.pt\/index.php?rest_route=\/wp\/v2\/users\/2"}],"replies":[{"embeddable":true,"href":"https:\/\/bojornal.pt\/index.php?rest_route=%2Fwp%2Fv2%2Fcomments&post=12561"}],"version-history":[{"count":0,"href":"https:\/\/bojornal.pt\/index.php?rest_route=\/wp\/v2\/posts\/12561\/revisions"}],"wp:featuredmedia":[{"embeddable":true,"href":"https:\/\/bojornal.pt\/index.php?rest_route=\/wp\/v2\/media\/12562"}],"wp:attachment":[{"href":"https:\/\/bojornal.pt\/index.php?rest_route=%2Fwp%2Fv2%2Fmedia&parent=12561"}],"wp:term":[{"taxonomy":"category","embeddable":true,"href":"https:\/\/bojornal.pt\/index.php?rest_route=%2Fwp%2Fv2%2Fcategories&post=12561"},{"taxonomy":"post_tag","embeddable":true,"href":"https:\/\/bojornal.pt\/index.php?rest_route=%2Fwp%2Fv2%2Ftags&post=12561"}],"curies":[{"name":"wp","href":"https:\/\/api.w.org\/{rel}","templated":true}]}}