{"id":12546,"date":"2023-03-30T00:20:05","date_gmt":"2023-03-29T23:20:05","guid":{"rendered":"https:\/\/bojornal.pt\/?p=12546"},"modified":"2023-03-30T00:20:06","modified_gmt":"2023-03-29T23:20:06","slug":"agrupamento-celebra-comunhao-pascal","status":"publish","type":"post","link":"https:\/\/bojornal.pt\/?p=12546","title":{"rendered":"Agrupamento celebra Comunh\u00e3o Pascal"},"content":{"rendered":"\n<p><em><strong>&#8220;Vai e constr\u00f3i um mundo bem-aventurado&#8221; foi o tema da festa da P\u00e1scoa das comunidades do Pr\u00e9-escolar, 1\u00ba e 2\u00ba ciclos<\/strong><\/em><\/p>\n\n\n\n<figure class=\"wp-block-image size-large is-style-default\"><img loading=\"lazy\" decoding=\"async\" width=\"1024\" height=\"683\" src=\"https:\/\/bojornal.pt\/wp-content\/uploads\/2023\/03\/Comunhao-Pascal-2023-4-1024x683.jpg\" alt=\"\" class=\"wp-image-12547\" srcset=\"https:\/\/bojornal.pt\/wp-content\/uploads\/2023\/03\/Comunhao-Pascal-2023-4-1024x683.jpg 1024w, https:\/\/bojornal.pt\/wp-content\/uploads\/2023\/03\/Comunhao-Pascal-2023-4-300x200.jpg 300w, https:\/\/bojornal.pt\/wp-content\/uploads\/2023\/03\/Comunhao-Pascal-2023-4-150x100.jpg 150w, https:\/\/bojornal.pt\/wp-content\/uploads\/2023\/03\/Comunhao-Pascal-2023-4-768x512.jpg 768w, https:\/\/bojornal.pt\/wp-content\/uploads\/2023\/03\/Comunhao-Pascal-2023-4-1536x1024.jpg 1536w, https:\/\/bojornal.pt\/wp-content\/uploads\/2023\/03\/Comunhao-Pascal-2023-4-2048x1365.jpg 2048w\" sizes=\"auto, (max-width: 1024px) 100vw, 1024px\" \/><\/figure>\n\n\n\n<div class=\"wp-block-columns is-layout-flex wp-container-core-columns-is-layout-9d6595d7 wp-block-columns-is-layout-flex\">\n<div class=\"wp-block-column is-layout-flow wp-block-column-is-layout-flow\">\n<figure class=\"wp-block-image size-large is-style-default\"><img loading=\"lazy\" decoding=\"async\" width=\"1024\" height=\"683\" src=\"https:\/\/bojornal.pt\/wp-content\/uploads\/2023\/03\/Comunhao-Pascal-2023-1-1024x683.jpg\" alt=\"\" class=\"wp-image-12548\" srcset=\"https:\/\/bojornal.pt\/wp-content\/uploads\/2023\/03\/Comunhao-Pascal-2023-1-1024x683.jpg 1024w, https:\/\/bojornal.pt\/wp-content\/uploads\/2023\/03\/Comunhao-Pascal-2023-1-300x200.jpg 300w, https:\/\/bojornal.pt\/wp-content\/uploads\/2023\/03\/Comunhao-Pascal-2023-1-150x100.jpg 150w, https:\/\/bojornal.pt\/wp-content\/uploads\/2023\/03\/Comunhao-Pascal-2023-1-768x512.jpg 768w, https:\/\/bojornal.pt\/wp-content\/uploads\/2023\/03\/Comunhao-Pascal-2023-1-1536x1024.jpg 1536w, https:\/\/bojornal.pt\/wp-content\/uploads\/2023\/03\/Comunhao-Pascal-2023-1-2048x1365.jpg 2048w\" sizes=\"auto, (max-width: 1024px) 100vw, 1024px\" \/><\/figure>\n<\/div>\n\n\n\n<div class=\"wp-block-column is-layout-flow wp-block-column-is-layout-flow\">\n<figure class=\"wp-block-image size-large is-style-default\"><img loading=\"lazy\" decoding=\"async\" width=\"1024\" height=\"683\" src=\"https:\/\/bojornal.pt\/wp-content\/uploads\/2023\/03\/Comunhao-Pascal-2023-10-1024x683.jpg\" alt=\"\" class=\"wp-image-12549\" srcset=\"https:\/\/bojornal.pt\/wp-content\/uploads\/2023\/03\/Comunhao-Pascal-2023-10-1024x683.jpg 1024w, https:\/\/bojornal.pt\/wp-content\/uploads\/2023\/03\/Comunhao-Pascal-2023-10-300x200.jpg 300w, https:\/\/bojornal.pt\/wp-content\/uploads\/2023\/03\/Comunhao-Pascal-2023-10-150x100.jpg 150w, https:\/\/bojornal.pt\/wp-content\/uploads\/2023\/03\/Comunhao-Pascal-2023-10-768x512.jpg 768w, https:\/\/bojornal.pt\/wp-content\/uploads\/2023\/03\/Comunhao-Pascal-2023-10-1536x1024.jpg 1536w, https:\/\/bojornal.pt\/wp-content\/uploads\/2023\/03\/Comunhao-Pascal-2023-10-2048x1365.jpg 2048w\" sizes=\"auto, (max-width: 1024px) 100vw, 1024px\" \/><\/figure>\n<\/div>\n<\/div>\n\n\n\n<p>A Catedral de Bragan\u00e7a acolheu mais de mil alunos do Agrupamento de Escolas Em\u00eddio Garcia, em celebra\u00e7\u00e3o da Comunh\u00e3o Pascal. As diversas escolas do agrupamento participaram ativamente na celebra\u00e7\u00e3o presidida pelo, tamb\u00e9m professor, o P. Ant\u00f3nio Magalh\u00e3es. Esta iniciativa transversal proporcionou aos alunos das diversas escolas a intera\u00e7\u00e3o e participa\u00e7\u00e3o ativa na celebra\u00e7\u00e3o. O Grupo Coral foi composto pelos alunos das turmas BE3, 5\u00baA e 6\u00baA . <\/p>\n\n\n\n<div class=\"wp-block-columns is-layout-flex wp-container-core-columns-is-layout-9d6595d7 wp-block-columns-is-layout-flex\">\n<div class=\"wp-block-column is-layout-flow wp-block-column-is-layout-flow\">\n<figure class=\"wp-block-image size-large is-style-default\"><img loading=\"lazy\" decoding=\"async\" width=\"1024\" height=\"683\" src=\"https:\/\/bojornal.pt\/wp-content\/uploads\/2023\/03\/Comunhao-Pascal-2023-7-1024x683.jpg\" alt=\"\" class=\"wp-image-12550\" srcset=\"https:\/\/bojornal.pt\/wp-content\/uploads\/2023\/03\/Comunhao-Pascal-2023-7-1024x683.jpg 1024w, https:\/\/bojornal.pt\/wp-content\/uploads\/2023\/03\/Comunhao-Pascal-2023-7-300x200.jpg 300w, https:\/\/bojornal.pt\/wp-content\/uploads\/2023\/03\/Comunhao-Pascal-2023-7-150x100.jpg 150w, https:\/\/bojornal.pt\/wp-content\/uploads\/2023\/03\/Comunhao-Pascal-2023-7-768x512.jpg 768w, https:\/\/bojornal.pt\/wp-content\/uploads\/2023\/03\/Comunhao-Pascal-2023-7-1536x1024.jpg 1536w, https:\/\/bojornal.pt\/wp-content\/uploads\/2023\/03\/Comunhao-Pascal-2023-7-2048x1365.jpg 2048w\" sizes=\"auto, (max-width: 1024px) 100vw, 1024px\" \/><\/figure>\n<\/div>\n\n\n\n<div class=\"wp-block-column is-layout-flow wp-block-column-is-layout-flow\">\n<figure class=\"wp-block-image size-large is-style-default\"><img loading=\"lazy\" decoding=\"async\" width=\"1024\" height=\"683\" src=\"https:\/\/bojornal.pt\/wp-content\/uploads\/2023\/03\/Comunhao-Pascal-2023-2-1024x683.jpg\" alt=\"\" class=\"wp-image-12551\" srcset=\"https:\/\/bojornal.pt\/wp-content\/uploads\/2023\/03\/Comunhao-Pascal-2023-2-1024x683.jpg 1024w, https:\/\/bojornal.pt\/wp-content\/uploads\/2023\/03\/Comunhao-Pascal-2023-2-300x200.jpg 300w, https:\/\/bojornal.pt\/wp-content\/uploads\/2023\/03\/Comunhao-Pascal-2023-2-150x100.jpg 150w, https:\/\/bojornal.pt\/wp-content\/uploads\/2023\/03\/Comunhao-Pascal-2023-2-768x512.jpg 768w, https:\/\/bojornal.pt\/wp-content\/uploads\/2023\/03\/Comunhao-Pascal-2023-2-1536x1024.jpg 1536w, https:\/\/bojornal.pt\/wp-content\/uploads\/2023\/03\/Comunhao-Pascal-2023-2-2048x1365.jpg 2048w\" sizes=\"auto, (max-width: 1024px) 100vw, 1024px\" \/><\/figure>\n<\/div>\n<\/div>\n\n\n\n<div class=\"wp-block-columns is-layout-flex wp-container-core-columns-is-layout-9d6595d7 wp-block-columns-is-layout-flex\">\n<div class=\"wp-block-column is-layout-flow wp-block-column-is-layout-flow\">\n<figure class=\"wp-block-image size-large is-style-default\"><img loading=\"lazy\" decoding=\"async\" width=\"1024\" height=\"683\" src=\"https:\/\/bojornal.pt\/wp-content\/uploads\/2023\/03\/Comunhao-Pascal-2023-9-1024x683.jpg\" alt=\"\" class=\"wp-image-12552\" srcset=\"https:\/\/bojornal.pt\/wp-content\/uploads\/2023\/03\/Comunhao-Pascal-2023-9-1024x683.jpg 1024w, https:\/\/bojornal.pt\/wp-content\/uploads\/2023\/03\/Comunhao-Pascal-2023-9-300x200.jpg 300w, https:\/\/bojornal.pt\/wp-content\/uploads\/2023\/03\/Comunhao-Pascal-2023-9-150x100.jpg 150w, https:\/\/bojornal.pt\/wp-content\/uploads\/2023\/03\/Comunhao-Pascal-2023-9-768x512.jpg 768w, https:\/\/bojornal.pt\/wp-content\/uploads\/2023\/03\/Comunhao-Pascal-2023-9-1536x1024.jpg 1536w, https:\/\/bojornal.pt\/wp-content\/uploads\/2023\/03\/Comunhao-Pascal-2023-9-2048x1365.jpg 2048w\" sizes=\"auto, (max-width: 1024px) 100vw, 1024px\" \/><\/figure>\n<\/div>\n\n\n\n<div class=\"wp-block-column is-layout-flow wp-block-column-is-layout-flow\">\n<figure class=\"wp-block-image size-large is-style-default\"><img loading=\"lazy\" decoding=\"async\" width=\"1024\" height=\"683\" src=\"https:\/\/bojornal.pt\/wp-content\/uploads\/2023\/03\/Comunhao-Pascal-2023-5-1024x683.jpg\" alt=\"\" class=\"wp-image-12553\" srcset=\"https:\/\/bojornal.pt\/wp-content\/uploads\/2023\/03\/Comunhao-Pascal-2023-5-1024x683.jpg 1024w, https:\/\/bojornal.pt\/wp-content\/uploads\/2023\/03\/Comunhao-Pascal-2023-5-300x200.jpg 300w, https:\/\/bojornal.pt\/wp-content\/uploads\/2023\/03\/Comunhao-Pascal-2023-5-150x100.jpg 150w, https:\/\/bojornal.pt\/wp-content\/uploads\/2023\/03\/Comunhao-Pascal-2023-5-768x512.jpg 768w, https:\/\/bojornal.pt\/wp-content\/uploads\/2023\/03\/Comunhao-Pascal-2023-5-1536x1024.jpg 1536w, https:\/\/bojornal.pt\/wp-content\/uploads\/2023\/03\/Comunhao-Pascal-2023-5-2048x1365.jpg 2048w\" sizes=\"auto, (max-width: 1024px) 100vw, 1024px\" \/><\/figure>\n<\/div>\n<\/div>\n\n\n\n<figure class=\"wp-block-image size-large is-style-default\"><img loading=\"lazy\" decoding=\"async\" width=\"1024\" height=\"461\" src=\"https:\/\/bojornal.pt\/wp-content\/uploads\/2023\/03\/Coro_Comunhao-Pascal-1024x461.jpeg\" alt=\"\" class=\"wp-image-12554\" srcset=\"https:\/\/bojornal.pt\/wp-content\/uploads\/2023\/03\/Coro_Comunhao-Pascal-1024x461.jpeg 1024w, https:\/\/bojornal.pt\/wp-content\/uploads\/2023\/03\/Coro_Comunhao-Pascal-300x135.jpeg 300w, https:\/\/bojornal.pt\/wp-content\/uploads\/2023\/03\/Coro_Comunhao-Pascal-150x68.jpeg 150w, https:\/\/bojornal.pt\/wp-content\/uploads\/2023\/03\/Coro_Comunhao-Pascal-768x346.jpeg 768w, https:\/\/bojornal.pt\/wp-content\/uploads\/2023\/03\/Coro_Comunhao-Pascal-1536x691.jpeg 1536w, https:\/\/bojornal.pt\/wp-content\/uploads\/2023\/03\/Coro_Comunhao-Pascal.jpeg 1600w\" sizes=\"auto, (max-width: 1024px) 100vw, 1024px\" \/><\/figure>\n","protected":false},"excerpt":{"rendered":"<p>&#8220;Vai e constr\u00f3i um mundo bem-aventurado&#8221; foi o tema da festa da P\u00e1scoa das comunidades do Pr\u00e9-escolar, 1\u00ba e 2\u00ba ciclos A Catedral de Bragan\u00e7a acolheu mais de mil alunos do Agrupamento de Escolas&#46;&#46;&#46;<\/p>\n","protected":false},"author":2,"featured_media":12547,"comment_status":"closed","ping_status":"open","sticky":false,"template":"","format":"standard","meta":{"footnotes":""},"categories":[14,27,2,9,13,16,15],"tags":[],"class_list":["post-12546","post","type-post","status-publish","format-standard","has-post-thumbnail","hentry","category-1o-ciclo","category-aeeg","category-atualidade","category-em-foco","category-escola-paulo-quintela","category-escola-secundaria-emidio-garcia","category-pre-escolar"],"_links":{"self":[{"href":"https:\/\/bojornal.pt\/index.php?rest_route=\/wp\/v2\/posts\/12546","targetHints":{"allow":["GET"]}}],"collection":[{"href":"https:\/\/bojornal.pt\/index.php?rest_route=\/wp\/v2\/posts"}],"about":[{"href":"https:\/\/bojornal.pt\/index.php?rest_route=\/wp\/v2\/types\/post"}],"author":[{"embeddable":true,"href":"https:\/\/bojornal.pt\/index.php?rest_route=\/wp\/v2\/users\/2"}],"replies":[{"embeddable":true,"href":"https:\/\/bojornal.pt\/index.php?rest_route=%2Fwp%2Fv2%2Fcomments&post=12546"}],"version-history":[{"count":0,"href":"https:\/\/bojornal.pt\/index.php?rest_route=\/wp\/v2\/posts\/12546\/revisions"}],"wp:featuredmedia":[{"embeddable":true,"href":"https:\/\/bojornal.pt\/index.php?rest_route=\/wp\/v2\/media\/12547"}],"wp:attachment":[{"href":"https:\/\/bojornal.pt\/index.php?rest_route=%2Fwp%2Fv2%2Fmedia&parent=12546"}],"wp:term":[{"taxonomy":"category","embeddable":true,"href":"https:\/\/bojornal.pt\/index.php?rest_route=%2Fwp%2Fv2%2Fcategories&post=12546"},{"taxonomy":"post_tag","embeddable":true,"href":"https:\/\/bojornal.pt\/index.php?rest_route=%2Fwp%2Fv2%2Ftags&post=12546"}],"curies":[{"name":"wp","href":"https:\/\/api.w.org\/{rel}","templated":true}]}}