{"id":12523,"date":"2023-03-16T14:23:32","date_gmt":"2023-03-16T14:23:32","guid":{"rendered":"https:\/\/bojornal.pt\/?p=12523"},"modified":"2023-03-16T14:23:35","modified_gmt":"2023-03-16T14:23:35","slug":"professores-do-agrupamento-em-erasmus","status":"publish","type":"post","link":"https:\/\/bojornal.pt\/?p=12523","title":{"rendered":"Professores do agrupamento em Erasmus+"},"content":{"rendered":"\n<p>Docentes estiveram presentes em Floren\u00e7a e Alca\u00f1ices<\/p>\n\n\n\n<figure class=\"wp-block-image size-full is-style-default\"><img loading=\"lazy\" decoding=\"async\" width=\"1024\" height=\"768\" src=\"https:\/\/bojornal.pt\/wp-content\/uploads\/2023\/03\/WhatsApp-Image-2023-03-16-at-12.01.41.jpeg\" alt=\"\" class=\"wp-image-12524\" srcset=\"https:\/\/bojornal.pt\/wp-content\/uploads\/2023\/03\/WhatsApp-Image-2023-03-16-at-12.01.41.jpeg 1024w, https:\/\/bojornal.pt\/wp-content\/uploads\/2023\/03\/WhatsApp-Image-2023-03-16-at-12.01.41-300x225.jpeg 300w, https:\/\/bojornal.pt\/wp-content\/uploads\/2023\/03\/WhatsApp-Image-2023-03-16-at-12.01.41-150x113.jpeg 150w, https:\/\/bojornal.pt\/wp-content\/uploads\/2023\/03\/WhatsApp-Image-2023-03-16-at-12.01.41-768x576.jpeg 768w\" sizes=\"auto, (max-width: 1024px) 100vw, 1024px\" \/><\/figure>\n\n\n\n<figure class=\"wp-block-image size-large is-style-default\"><img loading=\"lazy\" decoding=\"async\" width=\"1024\" height=\"769\" src=\"https:\/\/bojornal.pt\/wp-content\/uploads\/2023\/03\/WhatsApp-Image-2023-03-16-at-10.21.30-1024x769.jpeg\" alt=\"\" class=\"wp-image-12525\" srcset=\"https:\/\/bojornal.pt\/wp-content\/uploads\/2023\/03\/WhatsApp-Image-2023-03-16-at-10.21.30-1024x769.jpeg 1024w, https:\/\/bojornal.pt\/wp-content\/uploads\/2023\/03\/WhatsApp-Image-2023-03-16-at-10.21.30-300x225.jpeg 300w, https:\/\/bojornal.pt\/wp-content\/uploads\/2023\/03\/WhatsApp-Image-2023-03-16-at-10.21.30-150x113.jpeg 150w, https:\/\/bojornal.pt\/wp-content\/uploads\/2023\/03\/WhatsApp-Image-2023-03-16-at-10.21.30-768x577.jpeg 768w, https:\/\/bojornal.pt\/wp-content\/uploads\/2023\/03\/WhatsApp-Image-2023-03-16-at-10.21.30-1536x1154.jpeg 1536w, https:\/\/bojornal.pt\/wp-content\/uploads\/2023\/03\/WhatsApp-Image-2023-03-16-at-10.21.30.jpeg 2048w\" sizes=\"auto, (max-width: 1024px) 100vw, 1024px\" \/><\/figure>\n\n\n\n<p>Alguns dos professores do Agrupamento de Escolas Em\u00eddio Garcia deslocaram-se ao estrangeiro para participarem em diversas atividades de forma\u00e7\u00e3o com docentes de diversos pa\u00edses. <\/p>\n\n\n\n<p>Nos dias 23 e 24 de fevereiro, 2023, as professoras Lu\u00edsa Fernandes e M\u00aa Jo\u00e3o Ramos participaram numa reuni\u00e3o transnacional em Floren\u00e7a, It\u00e1lia, no \u00e2mbito do projeto europeu Go Green! Esta iniciativa foi organizada e coordenada pelo parceiro Pixel, tendo como objetivo principal a apresenta\u00e7\u00e3o da vers\u00e3o final quer dos conte\u00fados, quer das sequ\u00eancias de aprendizagem a usar no desenho e elabora\u00e7\u00e3o do curso e-learning cujo foco incidir\u00e1 sobre abordagens transdisciplinares para ensinar sustentabilidade ambiental na escola.<\/p>\n\n\n\n<p>Para mais informa\u00e7\u00e3o sobre o projeto deve visitar o site: <a href=\"https:\/\/go-green.pixel-online.org\/\">https:\/\/go-green.pixel-online.org\/<\/a>.&nbsp;<\/p>\n\n\n\n<p>No dia 13 de mar\u00e7o de 2023, os professores Lu\u00edsa Fernandes, M\u00aa Jo\u00e3o Ramos e Nelson Parra deslocaram-se ao Instituto de Educaci\u00f3n Secundaria Aliste, em Alcanices, Espanha, para participarem no evento multiplicador: Por qu\u00e9 introducir los servicios de los ecosistemas en el aula? Um MOOC para professores no \u00e2mbito do projeto Erasmus+ KA201 \u201cDa valor a la naturaleza: aprende a medir lo que los servicios de ecossistema hacen por nosotros\u201d.<\/p>\n","protected":false},"excerpt":{"rendered":"<p>Docentes estiveram presentes em Floren\u00e7a e Alca\u00f1ices Alguns dos professores do Agrupamento de Escolas Em\u00eddio Garcia deslocaram-se ao estrangeiro para participarem em diversas atividades de forma\u00e7\u00e3o com docentes de diversos pa\u00edses. Nos dias 23&#46;&#46;&#46;<\/p>\n","protected":false},"author":2,"featured_media":12524,"comment_status":"closed","ping_status":"open","sticky":false,"template":"","format":"standard","meta":{"footnotes":""},"categories":[2,9,16],"tags":[],"class_list":["post-12523","post","type-post","status-publish","format-standard","has-post-thumbnail","hentry","category-atualidade","category-em-foco","category-escola-secundaria-emidio-garcia"],"_links":{"self":[{"href":"https:\/\/bojornal.pt\/index.php?rest_route=\/wp\/v2\/posts\/12523","targetHints":{"allow":["GET"]}}],"collection":[{"href":"https:\/\/bojornal.pt\/index.php?rest_route=\/wp\/v2\/posts"}],"about":[{"href":"https:\/\/bojornal.pt\/index.php?rest_route=\/wp\/v2\/types\/post"}],"author":[{"embeddable":true,"href":"https:\/\/bojornal.pt\/index.php?rest_route=\/wp\/v2\/users\/2"}],"replies":[{"embeddable":true,"href":"https:\/\/bojornal.pt\/index.php?rest_route=%2Fwp%2Fv2%2Fcomments&post=12523"}],"version-history":[{"count":0,"href":"https:\/\/bojornal.pt\/index.php?rest_route=\/wp\/v2\/posts\/12523\/revisions"}],"wp:featuredmedia":[{"embeddable":true,"href":"https:\/\/bojornal.pt\/index.php?rest_route=\/wp\/v2\/media\/12524"}],"wp:attachment":[{"href":"https:\/\/bojornal.pt\/index.php?rest_route=%2Fwp%2Fv2%2Fmedia&parent=12523"}],"wp:term":[{"taxonomy":"category","embeddable":true,"href":"https:\/\/bojornal.pt\/index.php?rest_route=%2Fwp%2Fv2%2Fcategories&post=12523"},{"taxonomy":"post_tag","embeddable":true,"href":"https:\/\/bojornal.pt\/index.php?rest_route=%2Fwp%2Fv2%2Ftags&post=12523"}],"curies":[{"name":"wp","href":"https:\/\/api.w.org\/{rel}","templated":true}]}}