{"id":12509,"date":"2023-03-11T18:25:38","date_gmt":"2023-03-11T18:25:38","guid":{"rendered":"https:\/\/bojornal.pt\/?p=12509"},"modified":"2023-03-11T18:25:40","modified_gmt":"2023-03-11T18:25:40","slug":"corta-mato-nacional","status":"publish","type":"post","link":"https:\/\/bojornal.pt\/?p=12509","title":{"rendered":"Corta-mato nacional"},"content":{"rendered":"\n<p><em><strong>Alunos da Escola Em\u00eddio Garcia participaram na prova nacional realizada em Vale de Cambra<\/strong><\/em><\/p>\n\n\n\n<figure class=\"wp-block-image size-large is-style-default\"><img loading=\"lazy\" decoding=\"async\" width=\"1024\" height=\"768\" src=\"https:\/\/bojornal.pt\/wp-content\/uploads\/2023\/03\/cortamato-nacional-8-1024x768.jpeg\" alt=\"\" class=\"wp-image-12510\" srcset=\"https:\/\/bojornal.pt\/wp-content\/uploads\/2023\/03\/cortamato-nacional-8-1024x768.jpeg 1024w, https:\/\/bojornal.pt\/wp-content\/uploads\/2023\/03\/cortamato-nacional-8-300x225.jpeg 300w, https:\/\/bojornal.pt\/wp-content\/uploads\/2023\/03\/cortamato-nacional-8-150x113.jpeg 150w, https:\/\/bojornal.pt\/wp-content\/uploads\/2023\/03\/cortamato-nacional-8-768x576.jpeg 768w, https:\/\/bojornal.pt\/wp-content\/uploads\/2023\/03\/cortamato-nacional-8-1536x1152.jpeg 1536w, https:\/\/bojornal.pt\/wp-content\/uploads\/2023\/03\/cortamato-nacional-8.jpeg 1600w\" sizes=\"auto, (max-width: 1024px) 100vw, 1024px\" \/><\/figure>\n\n\n\n<p>Os alunos do Agrupamento de Escolas Em\u00eddio Garcia participaram, neste fim-de-semana, no Corta-mato Nacional. Esta prova do Desporto Escolar, realizada nos dia 10 e 11 de mar\u00e7o, decorreu em Vale de Cambra e contou com os melhores classificado de cada regi\u00e3o. O nosso agrupamento foi muito bem representado com os atletas: Iara Matela, Lara Loureiro e Ana Gon\u00e7alves, do 8B; Diana Jo\u00e3o e Joana Leite, do 8G; e R\u00faben Lopes, do 9G.<\/p>\n\n\n\n<p>Parab\u00e9ns!<\/p>\n\n\n\n<div class=\"wp-block-columns is-layout-flex wp-container-core-columns-is-layout-9d6595d7 wp-block-columns-is-layout-flex\">\n<div class=\"wp-block-column is-layout-flow wp-block-column-is-layout-flow\">\n<figure class=\"wp-block-image size-large is-style-default\"><img loading=\"lazy\" decoding=\"async\" width=\"1024\" height=\"768\" src=\"https:\/\/bojornal.pt\/wp-content\/uploads\/2023\/03\/cortamato-nacional-1-1024x768.jpeg\" alt=\"\" class=\"wp-image-12511\" srcset=\"https:\/\/bojornal.pt\/wp-content\/uploads\/2023\/03\/cortamato-nacional-1-1024x768.jpeg 1024w, https:\/\/bojornal.pt\/wp-content\/uploads\/2023\/03\/cortamato-nacional-1-300x225.jpeg 300w, https:\/\/bojornal.pt\/wp-content\/uploads\/2023\/03\/cortamato-nacional-1-150x113.jpeg 150w, https:\/\/bojornal.pt\/wp-content\/uploads\/2023\/03\/cortamato-nacional-1-768x576.jpeg 768w, https:\/\/bojornal.pt\/wp-content\/uploads\/2023\/03\/cortamato-nacional-1-1536x1152.jpeg 1536w, https:\/\/bojornal.pt\/wp-content\/uploads\/2023\/03\/cortamato-nacional-1.jpeg 1600w\" sizes=\"auto, (max-width: 1024px) 100vw, 1024px\" \/><\/figure>\n<\/div>\n\n\n\n<div class=\"wp-block-column is-layout-flow wp-block-column-is-layout-flow\">\n<figure class=\"wp-block-image size-large is-style-default\"><img loading=\"lazy\" decoding=\"async\" width=\"1024\" height=\"768\" src=\"https:\/\/bojornal.pt\/wp-content\/uploads\/2023\/03\/cortamato-nacional-2-1024x768.jpeg\" alt=\"\" class=\"wp-image-12512\" srcset=\"https:\/\/bojornal.pt\/wp-content\/uploads\/2023\/03\/cortamato-nacional-2-1024x768.jpeg 1024w, https:\/\/bojornal.pt\/wp-content\/uploads\/2023\/03\/cortamato-nacional-2-300x225.jpeg 300w, https:\/\/bojornal.pt\/wp-content\/uploads\/2023\/03\/cortamato-nacional-2-150x113.jpeg 150w, https:\/\/bojornal.pt\/wp-content\/uploads\/2023\/03\/cortamato-nacional-2-768x576.jpeg 768w, https:\/\/bojornal.pt\/wp-content\/uploads\/2023\/03\/cortamato-nacional-2-1536x1152.jpeg 1536w, https:\/\/bojornal.pt\/wp-content\/uploads\/2023\/03\/cortamato-nacional-2.jpeg 1600w\" sizes=\"auto, (max-width: 1024px) 100vw, 1024px\" \/><\/figure>\n<\/div>\n<\/div>\n\n\n\n<div class=\"wp-block-columns is-layout-flex wp-container-core-columns-is-layout-9d6595d7 wp-block-columns-is-layout-flex\">\n<div class=\"wp-block-column is-layout-flow wp-block-column-is-layout-flow\">\n<figure class=\"wp-block-image size-large is-style-default\"><img loading=\"lazy\" decoding=\"async\" width=\"768\" height=\"1024\" src=\"https:\/\/bojornal.pt\/wp-content\/uploads\/2023\/03\/cortamato-nacional-6-768x1024.jpeg\" alt=\"\" class=\"wp-image-12513\" srcset=\"https:\/\/bojornal.pt\/wp-content\/uploads\/2023\/03\/cortamato-nacional-6-768x1024.jpeg 768w, https:\/\/bojornal.pt\/wp-content\/uploads\/2023\/03\/cortamato-nacional-6-225x300.jpeg 225w, https:\/\/bojornal.pt\/wp-content\/uploads\/2023\/03\/cortamato-nacional-6-113x150.jpeg 113w, https:\/\/bojornal.pt\/wp-content\/uploads\/2023\/03\/cortamato-nacional-6-1152x1536.jpeg 1152w, https:\/\/bojornal.pt\/wp-content\/uploads\/2023\/03\/cortamato-nacional-6.jpeg 1200w\" sizes=\"auto, (max-width: 768px) 100vw, 768px\" \/><\/figure>\n<\/div>\n\n\n\n<div class=\"wp-block-column is-layout-flow wp-block-column-is-layout-flow\">\n<figure class=\"wp-block-image size-large is-style-default\"><img loading=\"lazy\" decoding=\"async\" width=\"768\" height=\"1024\" src=\"https:\/\/bojornal.pt\/wp-content\/uploads\/2023\/03\/cortamato-nacional-5-768x1024.jpeg\" alt=\"\" class=\"wp-image-12514\" srcset=\"https:\/\/bojornal.pt\/wp-content\/uploads\/2023\/03\/cortamato-nacional-5-768x1024.jpeg 768w, https:\/\/bojornal.pt\/wp-content\/uploads\/2023\/03\/cortamato-nacional-5-225x300.jpeg 225w, https:\/\/bojornal.pt\/wp-content\/uploads\/2023\/03\/cortamato-nacional-5-113x150.jpeg 113w, https:\/\/bojornal.pt\/wp-content\/uploads\/2023\/03\/cortamato-nacional-5-1152x1536.jpeg 1152w, https:\/\/bojornal.pt\/wp-content\/uploads\/2023\/03\/cortamato-nacional-5.jpeg 1200w\" sizes=\"auto, (max-width: 768px) 100vw, 768px\" \/><\/figure>\n<\/div>\n<\/div>\n","protected":false},"excerpt":{"rendered":"<p>Alunos da Escola Em\u00eddio Garcia participaram na prova nacional realizada em Vale de Cambra Os alunos do Agrupamento de Escolas Em\u00eddio Garcia participaram, neste fim-de-semana, no Corta-mato Nacional. Esta prova do Desporto Escolar, realizada&#46;&#46;&#46;<\/p>\n","protected":false},"author":2,"featured_media":12510,"comment_status":"closed","ping_status":"open","sticky":false,"template":"","format":"standard","meta":{"footnotes":""},"categories":[14,27,9,13,16],"tags":[],"class_list":["post-12509","post","type-post","status-publish","format-standard","has-post-thumbnail","hentry","category-1o-ciclo","category-aeeg","category-em-foco","category-escola-paulo-quintela","category-escola-secundaria-emidio-garcia"],"_links":{"self":[{"href":"https:\/\/bojornal.pt\/index.php?rest_route=\/wp\/v2\/posts\/12509","targetHints":{"allow":["GET"]}}],"collection":[{"href":"https:\/\/bojornal.pt\/index.php?rest_route=\/wp\/v2\/posts"}],"about":[{"href":"https:\/\/bojornal.pt\/index.php?rest_route=\/wp\/v2\/types\/post"}],"author":[{"embeddable":true,"href":"https:\/\/bojornal.pt\/index.php?rest_route=\/wp\/v2\/users\/2"}],"replies":[{"embeddable":true,"href":"https:\/\/bojornal.pt\/index.php?rest_route=%2Fwp%2Fv2%2Fcomments&post=12509"}],"version-history":[{"count":0,"href":"https:\/\/bojornal.pt\/index.php?rest_route=\/wp\/v2\/posts\/12509\/revisions"}],"wp:featuredmedia":[{"embeddable":true,"href":"https:\/\/bojornal.pt\/index.php?rest_route=\/wp\/v2\/media\/12510"}],"wp:attachment":[{"href":"https:\/\/bojornal.pt\/index.php?rest_route=%2Fwp%2Fv2%2Fmedia&parent=12509"}],"wp:term":[{"taxonomy":"category","embeddable":true,"href":"https:\/\/bojornal.pt\/index.php?rest_route=%2Fwp%2Fv2%2Fcategories&post=12509"},{"taxonomy":"post_tag","embeddable":true,"href":"https:\/\/bojornal.pt\/index.php?rest_route=%2Fwp%2Fv2%2Ftags&post=12509"}],"curies":[{"name":"wp","href":"https:\/\/api.w.org\/{rel}","templated":true}]}}